{"id":19177,"date":"2018-10-04T13:45:08","date_gmt":"2018-10-04T11:45:08","guid":{"rendered":"http:\/\/www.monempresarial.com\/2018\/10\/04\/extremismos-prevencion-de-la-radicalizacion\/"},"modified":"2022-12-22T10:06:53","modified_gmt":"2022-12-22T09:06:53","slug":"extremismos-prevencion-de-la-radicalizacion","status":"publish","type":"post","link":"https:\/\/www.monempresarial.com\/ca\/2018\/10\/04\/extremismos-prevencion-de-la-radicalizacion\/","title":{"rendered":"<span style=\"color: # b8b4b4; font-weight: bold;\">Extremismes.<\/span> Prevenci\u00f3 de la radicalitzaci\u00f3"},"content":{"rendered":"<p><strong>Els atemptats gihadistes del 17-A a Barcelona i Cambrils el 2017, i de l\u201911-M de Madrid el 2004, s\u00f3n el resultat de l\u2019islamisme radical. El pitjor s\u00f3n les p\u00e8rdues humanes. Tamb\u00e9 tenen un impacte negatiu en les empreses i l\u2019economia. Aix\u00ed ha passat despr\u00e9s dels atemptats de Nova York, Par\u00eds o Londres.<\/strong><\/p>\n<h4><a style=\"color: #ae0f09;\" href=\"http:\/\/monempresarial.com\/author\/xtorrens\/\">Xavier Torrens.\u00a0<\/a> <strong>Professor de Ci\u00e8ncia Pol\u00edtica a la UB. Polit\u00f2leg i soci\u00f2leg.<\/strong><\/h4>\n<hr \/>\n<p>Comen\u00e7a a la Universitat de Barcelona el primer i \u00fanic M\u00e0ster en Prevenci\u00f3 de la Radicalitzaci\u00f3 (www.ub.edu\/mpr\/) a Espanya. Ha trigat a arribar la formaci\u00f3 per prevenir el pitjor dels extremismes actuals: l\u2019islamisme radical. La prevenci\u00f3 de la radicalitzaci\u00f3 \u00e9s habitual a Canad\u00e0, Su\u00e8cia, Estats Units o Alemanya, perqu\u00e8 \u00e9s vital frenar els extremistes abans que arribin a la seva darrera fase: els atemptats mort\u00edfers.<\/p>\n<p><strong><span style=\"color: #828995;\">603 morts a la UE<\/span><\/strong><br \/>\nEspanya \u00e9s el segon pa\u00eds dels 28 estats de la Uni\u00f3 Europea amb m\u00e9s v\u00edctimes mortals per atemptats gihadistes. Nom\u00e9s aquesta esgarrifosa xifra d\u2019assassinats succe\u00efts a Madrid, Barcelona i Cambrils ens fa pensar sobre la rellev\u00e0ncia d\u2019encarar el greu problema dels extremismes ideol\u00f2gics i, en aquest cas concret, de l\u2019islamisme radical.<\/p>\n<p><img decoding=\"async\" loading=\"lazy\" class=\"aligncenter size-full wp-image-19181\" src=\"https:\/\/www.monempresarial.com\/wp-content\/uploads\/2018\/10\/OBJETIVO-1-CAt.jpg\" alt=\"\" width=\"674\" height=\"448\" srcset=\"https:\/\/www.monempresarial.com\/wp-content\/uploads\/2018\/10\/OBJETIVO-1-CAt.jpg 674w, https:\/\/www.monempresarial.com\/wp-content\/uploads\/2018\/10\/OBJETIVO-1-CAt-300x199.jpg 300w, https:\/\/www.monempresarial.com\/wp-content\/uploads\/2018\/10\/OBJETIVO-1-CAt-252x167.jpg 252w, https:\/\/www.monempresarial.com\/wp-content\/uploads\/2018\/10\/OBJETIVO-1-CAt-300x199@2x.jpg 600w, https:\/\/www.monempresarial.com\/wp-content\/uploads\/2018\/10\/OBJETIVO-1-CAt-252x167@2x.jpg 504w\" sizes=\"(max-width: 674px) 100vw, 674px\" \/><br \/>\n\u00c9s incomprensible que Espanya, sent el segon pa\u00eds amb m\u00e9s v\u00edctimes mortals (despr\u00e9s de Fran\u00e7a) i el tercer en nombre d\u2019atemptats amb morts (despr\u00e9s de Fran\u00e7a i Gran Bretanya), no don\u00e9s formaci\u00f3 inclusiva i proactiva sobre els extremismes. Fixem-nos que m\u00e9s d\u2019un ter\u00e7 dels morts pel gihadisme a Europa han ocorregut a Espanya: fins a 209 morts a Espanya sobre els 603 de la Uni\u00f3 Europea.<\/p>\n<blockquote>\n<h2><span style=\"color: #ae0f09;\"><br \/>\nLa desradicalitzaci\u00f3 d\u2019extremistes \u00e9s una fita, per\u00f2 no l\u2019\u00fanica. Fa falta la contraradicalitaci\u00f3: les pol\u00edtiques p\u00fabliques, socials i de seguretat, amb una contranarrativa per combatre els prejudicis i idees que legitimen l\u2019islamisme gihadista<\/span><\/h2>\n<\/blockquote>\n<p><strong><span style=\"color: #828995;\">Problema econ\u00f3mic<\/span><\/strong><br \/>\nA m\u00e9s de les v\u00edctimes directes i els seus familiars, els atemptats terroristes tenen un impacte negatiu en l\u2019economia. Despr\u00e9s dels atacs gihadistes, hi ha empresaris que tanquen els seus negocis o tenen fortes p\u00e8rdues empresarials, hi ha treballadors que perden el seu lloc de treball o la feina se\u2019ls torna prec\u00e0ria, i hi ha ciutadans que perden qualitat de vida o la seva vida.<br \/>\nEn un m\u00f3n global, tamb\u00e9 el m\u00f3n empresarial i el m\u00f3n econ\u00f2mic pateixen les conseq\u00fc\u00e8ncies negatives dels atemptats terroristes causats per la pitjor ideologia extremista del segle XXI: l\u2019islamisme radical, la ideologia pol\u00edtica totalit\u00e0ria d\u2019extremistes que executen una interpretaci\u00f3 fan\u00e0tica de la religi\u00f3 de l\u2019islam.<\/p>\n<p><strong><span style=\"color: #828995;\">Extremismes a tort i a dret<\/span><\/strong><br \/>\nHi ha d\u2019altres extremismes que fan mal a les persones, les empreses i l\u2019economia. L\u2019extrema dreta amb la seva viol\u00e8ncia i prejudicis provoca inestabilitat econ\u00f2mica, doncs genera fractura social contra els treballadors, els immigrants i les minories. L\u2019extrema esquerra amb els seus disturbis sembra els caos i causa incertesa econ\u00f2mica, doncs ocasiona divis\u00f2ria social contra els empresaris i altres sectors de la societat.<br \/>\nHi ha altres tipus d\u2019extremismes, com ara l\u2019extremisme ambientalista. Un exemple \u00e9s la queixa de la Confederaci\u00f3 Francesa de Carnissers, Xarcuters i Especialistes en Menjar Preparat que, a Fran\u00e7a, ha sol\u00b7licitat protecci\u00f3 policial davant la viol\u00e8ncia per part d\u2019extremistes vegans antiespecistes.<img decoding=\"async\" loading=\"lazy\" class=\"wp-image-19183 size-full alignright\" src=\"https:\/\/www.monempresarial.com\/wp-content\/uploads\/2018\/10\/OBJETIVO-2-CAt.jpg\" alt=\"\" width=\"238\" height=\"316\" srcset=\"https:\/\/www.monempresarial.com\/wp-content\/uploads\/2018\/10\/OBJETIVO-2-CAt.jpg 238w, https:\/\/www.monempresarial.com\/wp-content\/uploads\/2018\/10\/OBJETIVO-2-CAt-226x300.jpg 226w\" sizes=\"(max-width: 238px) 100vw, 238px\" \/><\/p>\n<p><strong><span style=\"color: #828995;\">Contraradicalitzaci\u00f3<\/span><\/strong><br \/>\nLa desradicalitzaci\u00f3 de les persones immerses en processos de radicalitzaci\u00f3 \u00e9s una fita, per\u00f2 no l\u2019\u00fanica. Tamb\u00e9 fa falta la contraradicalitaci\u00f3, les pol\u00edtiques p\u00fabliques, socials i de seguretat, que difonen una contranarrativa per combatre els prejudicis i les idees que legitimen l\u2019islamisme gihadista.<br \/>\nEls tres principals extremismes del segle XXI coincideixen en els seus tres prejudicis: antisemitisme, antiamericanisme i antioccidentalisme. L\u2019extrema dreta europea \u00e9s jude\u00f2foba, antiamericana i antioccidental (\u00e9s supremacista blanca, per\u00f2 contr\u00e0ria a la Modernitat de la Il\u00b7lustraci\u00f3 d\u2019Occident). L\u2019extrema esquerra i l\u2019islamisme radical s\u00f3n antijueus, antiamericans i antioccidentals. Aix\u00ed doncs, els processos de radicalitzaci\u00f3 s\u00f3n nocius per les persones, l\u2019economia i el m\u00f3n.<\/p>\n","protected":false},"excerpt":{"rendered":"<p>Els atemptats gihadistes del 17-A a Barcelona i Cambrils el 2017, i de l\u201911-M de Madrid el 2004, s\u00f3n el resultat de l\u2019islamisme radical. El pitjor s\u00f3n les p\u00e8rdues humanes. Tamb\u00e9 tenen un impacte negatiu en les empreses i l\u2019economia. Aix\u00ed ha passat despr\u00e9s dels atemptats de Nova York, Par\u00eds o Londres.<\/p>\n","protected":false},"author":16,"featured_media":19175,"comment_status":"closed","ping_status":"closed","sticky":false,"template":"","format":"standard","meta":{"_mi_skip_tracking":false,"mc4wp_mailchimp_campaign":[],"jnews-multi-image_gallery":[],"jnews_single_post":[],"jnews_primary_category":[]},"categories":[9,10847,10816,24],"tags":[7451,7452,7436,7448,7449,7450],"_links":{"self":[{"href":"https:\/\/www.monempresarial.com\/ca\/wp-json\/wp\/v2\/posts\/19177"}],"collection":[{"href":"https:\/\/www.monempresarial.com\/ca\/wp-json\/wp\/v2\/posts"}],"about":[{"href":"https:\/\/www.monempresarial.com\/ca\/wp-json\/wp\/v2\/types\/post"}],"author":[{"embeddable":true,"href":"https:\/\/www.monempresarial.com\/ca\/wp-json\/wp\/v2\/users\/16"}],"replies":[{"embeddable":true,"href":"https:\/\/www.monempresarial.com\/ca\/wp-json\/wp\/v2\/comments?post=19177"}],"version-history":[{"count":0,"href":"https:\/\/www.monempresarial.com\/ca\/wp-json\/wp\/v2\/posts\/19177\/revisions"}],"wp:featuredmedia":[{"embeddable":true,"href":"https:\/\/www.monempresarial.com\/ca\/wp-json\/wp\/v2\/media\/19175"}],"wp:attachment":[{"href":"https:\/\/www.monempresarial.com\/ca\/wp-json\/wp\/v2\/media?parent=19177"}],"wp:term":[{"taxonomy":"category","embeddable":true,"href":"https:\/\/www.monempresarial.com\/ca\/wp-json\/wp\/v2\/categories?post=19177"},{"taxonomy":"post_tag","embeddable":true,"href":"https:\/\/www.monempresarial.com\/ca\/wp-json\/wp\/v2\/tags?post=19177"}],"curies":[{"name":"wp","href":"https:\/\/api.w.org\/{rel}","templated":true}]}}