{"id":193,"date":"2014-01-27T12:15:43","date_gmt":"2014-01-27T11:15:43","guid":{"rendered":"http:\/\/moneconomic.com\/?p=193"},"modified":"2025-09-16T11:39:44","modified_gmt":"2025-09-16T09:39:44","slug":"catalunya-diu-adeu-a-la-recessio","status":"publish","type":"post","link":"https:\/\/www.monempresarial.com\/ca\/2014\/01\/27\/catalunya-diu-adeu-a-la-recessio\/","title":{"rendered":"Catalunya diu ad\u00e9u<\/span> a la recessi\u00f3"},"content":{"rendered":"<p style=\"text-align: left;\"><strong><strong>Text: Emma Bouisset<\/strong><\/strong><\/p>\n<p>Tot i que encara \u00e9s d\u2019hora\u00a0per cantar vict\u00f2ria i hem de\u00a0ser \u201cprudents\u201d, tal com ha\u00a0afirmat el president de la\u00a0Cambra de Comer\u00e7 de Barcelona,\u00a0Miquel Valls, durant\u00a0l\u2019acte de presentaci\u00f3 de\u00a0l\u2019informe sobre Conjuntura\u00a0econ\u00f2mica i simplificaci\u00f3\u00a0administrativa a Catalunya\u00a0del tercer trimestre\u00a0del 2013, l\u2019enregistrament\u00a0de dos trimestres consecutius\u00a0de creixement intertrimestral\u00a0del PIB catal\u00e0\u00a0recollits\u00a0per l\u2019indicador sint\u00e8tic\u00a0d\u2019activitat econ\u00f2mica\u00a0de la Cambra s\u2019han de valorar\u00a0com una \u201cbona not\u00edcia\u201d\u00a0i un clar indicatiu que \u201cdes\u00a0del punt de vista t\u00e8cnic, hem\u00a0sortit de la recessi\u00f3\u201d. Aix\u00ed,\u00a0segons ha estimat aquesta\u00a0instituci\u00f3 (la dada oficial la\u00a0d\u00f3na a con\u00e8ixer l\u2019Institut\u00a0d\u2019Estad\u00edstica de Catalunya,\u00a0Idescat, \u2013veure requadre\u00a0adjunt\u2013), el tercer trimestre\u00a0el PIB catal\u00e0 ha crescut\u00a0un 0,1% intertrimestral per\u00a0segona vegada consecutiva,\u00a0un creixement qualificat com\u00a0a \u201cmolt moderat\u201d, en paraules\u00a0de Valls; per\u00f2 creixement,\u00a0al cap i a la fi. I tot i que\u00a0aquesta dada no permetr\u00e0\u00a0tancar l\u2019exercici actual amb\u00a0n\u00fameros positius, s\u00ed facilita\u00a0que el PIB interanual catal\u00e0\u00a0moderi la seva caiguda fins al\u00a0-0,8% el tercer trimestre, perfilant,\u00a0per tant, un escenari\u00a0per al 2014 m\u00e9s optimista\u00a0del que havia previst aquest\u00a0organisme inicialment.<\/p>\n<blockquote>\n<h2>Valls: \u201cEs preveu que el creixement del PIB mundial s\u2019acceleri a partir del tercer trimestre del 2013 i que al 2014 es situ\u00ef pels volts del 4%\u201d<\/h2>\n<\/blockquote>\n<p>D\u2019aquesta manera, segons\u00a0estima la Cambra, el PIB\u00a0anual catal\u00e0 caur\u00e0 enguany\u00a0un 1,1% (una d\u00e8cima menys\u00a0del que es preveia a l\u2019abril)\u00a0per\u00f2, en canvi, es situar\u00e0 en\u00a0n\u00fameros positius l\u2019any que\u00a0ve amb una pujada estimada\u00a0del 0,4%. I aix\u00f2 s\u00f3n dues d\u00e8cimes\u00a0m\u00e9s del que va anunciar\u00a0aquest organisme fa sis\u00a0mesos.\u00a0La revisi\u00f3 a l\u2019al\u00e7a de les\u00a0previsions de la Cambra\u00a0ve motivada, sobretot, pel\u00a0comportament del context\u00a0internacional. Segons Valls,\u00a0\u201ces preveu que el creixement\u00a0del PIB mundial s\u2019acceleri\u00a0a partir del tercer trimestre\u00a0del 2013 i que al 2014 es\u00a0situ\u00ef pels volts del 4%\u201d, fet\u00a0que, per descomptat, contribuir\u00e0\u00a0a la recuperaci\u00f3 de\u00a0l\u2019economia catalana. El president\u00a0de la cambra ha volgut\u00a0matisar per\u00f2, que el desenvolupament\u00a0d\u2019aquest escenari\u00a0estar\u00e0 condicionat per, d\u2019una\u00a0banda, les negociacions\u00a0sobre el sostre del deute dels\u00a0Estats Units per a l\u2019any que\u00a0ve, i de l\u2019altra, per la construcci\u00f3\u00a0de la uni\u00f3 banc\u00e0ria\u00a0europea, aix\u00ed com pels pressupostos\u00a0generals de l\u2019Estat i\u00a0de la Generalitat per al 2014.<\/p>\n<p style=\"text-align: left;\"><strong><strong><a href=\"http:\/\/www.monempresarial.com\/wp-content\/uploads\/monempresarial-151-industria.jpg\"><img decoding=\"async\" loading=\"lazy\" class=\"alignright wp-image-197\" src=\"http:\/\/www.monempresarial.com\/wp-content\/uploads\/monempresarial-151-industria-300x193.jpg\" alt=\"monempresarial-151-industria\" width=\"424\" height=\"273\" \/><\/a>Nom\u00e9s creix la ind\u00fastria<\/strong><\/strong><br \/>\nDe moment, per\u00f2, per sectors, l\u2019indicador sint\u00e8tic d\u2019activitat de la Cambra recull que nom\u00e9s el VAB (Valor Afegit Brut) industrial catal\u00e0 ha crescut el tercer trimestre del 2013. I ho ha fet lleugerament per segon trimestre consecutiu a un ritme del 0,2% interanual (el trimestre anterior va cr\u00e9ixer un 0,1% respecte el mateix per\u00edode del 2012). La construcci\u00f3 i els serveis, en\u00a0canvi, han seguit a la baixa, tot i que amb una caiguda m\u00e9s moderada dels\u00a0seus VAB interanuals: -5,7% i -0,2%, respectivament. Una altra dada destacada per la Cambra en les seves estimacions per al tercer trimestre del 2013 \u00e9s que \u201cs\u2019ha moderat la caiguda de la demanda interna\u201d, tal com ha indicat Valls, que ha matisat que aquest fet s\u2019ha produ\u00eft \u201ctant pel que fa al consum de les llars com a la inversi\u00f3\u201d. Pel que fa la demanda externa, segons el president de la Cambra, \u201cha fet una contribuci\u00f3 positiva, per\u00f2 inferior a la del trimestre precedent\u201d.<\/p>\n<blockquote>\n<h2>La ind\u00fastria, un dels pilars del creixement de l\u2019economia catalana, juntament amb l\u2019hostaleria i l\u2019exportaci\u00f3, \u201cs\u2019ha mantingut pr\u00e0cticament igual\u201d, reconeix Valls<\/h2>\n<\/blockquote>\n<p><strong>Confian\u00e7a empresarial<\/strong><br \/>\nPel que fa a l\u2019indicador de confian\u00e7a empresarial per al quart trimestre del 2013, elaborat per l\u2019Idescat a partir de les enquestes de clima empresarial que elabora conjuntament amb la Cambra, serveix per \u201cconfirmar la continu\u00eftat d\u2019aquesta incipient recuperaci\u00f3\u201d, remarca Valls, ja que torna a millorar per tercer trimestre consecutiu i suma ja 21 mesos de dades positives, fet pel qual \u201ccomen\u00e7a a ser una tend\u00e8ncia important\u201d, ha afegit el president de la instituci\u00f3. Segons Valls, \u201caquesta confian\u00e7a empresarial augmenta perqu\u00e8, d\u2019una banda, ha millorat la situaci\u00f3 el tercer trimestre i, de l\u2019altra, perqu\u00e8 tamb\u00e9 milloren les perspectives empresarials per al quart.\u201d En aquest sentit, el comer\u00e7 \u00e9s el sector que enregistra l\u2019augment m\u00e9s evident de confian\u00e7a de cara al final del 2013, sobretot tenint en compte les perspectives \u2013\u201cvenim d\u2019una situaci\u00f3 d\u2019una demanda molt minsa i qualsevol aspecte positiu destaca\u201d, ha explicat Valls\u2013 juntament amb els serveis \u2013sense l\u2019hostaleria\u2013. I \u00e9s que aquest \u00faltim sector ha empitjorat lleugerament en termes de confian\u00e7a a causa de la seva estacionalitat, tot i que, en n\u00fameros absoluts, segueix sent el m\u00e9s ben valorat. Valls aix\u00ed ho ha volgut remarcar recordant que, en aquest cas, \u201cel tercer trimestre ha estat bo i, de fet, l\u2019hostaleria destaca per ser l\u2019\u00fanic sector que qualifica la marxa dels negocis com a favorable durant el tercer trimestre\u201d. Les perspectives per al quart trimestre, tot i que empitjoren pel fet tractar-se de temporada baixa, segueixen sent les m\u00e9s positives de tots els sectors, tenint en compte, a m\u00e9s, que \u201ca Barcelona hem vist en les \u00faltimes setmanes que la intensitat del turisme continua sent molt alta i haurem de veure com afecta a les estad\u00edstiques m\u00e9s endavant\u201d.<br \/>\nPel que fa a la ind\u00fastria, qualificada per Valls com un dels pilars del creixement de l\u2019economia catalana, juntament amb l\u2019hostaleria i la ind\u00fastria d\u2019exportaci\u00f3, \u201cs\u2019ha mantingut pr\u00e0cticament igual\u201d, ha afegit.<\/p>\n<p style=\"text-align: center;\"><a href=\"http:\/\/www.monempresarial.com\/wp-content\/uploads\/monempresarial-151-previsions-economia-catalana-2013-2014.jpg\"><img decoding=\"async\" loading=\"lazy\" class=\" wp-image-199 aligncenter\" src=\"http:\/\/www.monempresarial.com\/wp-content\/uploads\/monempresarial-151-previsions-economia-catalana-2013-2014.jpg\" alt=\"Previsions per a l'economia catalana (2013-2014)\" width=\"970\" height=\"752\" srcset=\"https:\/\/www.monempresarial.com\/wp-content\/uploads\/monempresarial-151-previsions-economia-catalana-2013-2014.jpg 970w, https:\/\/www.monempresarial.com\/wp-content\/uploads\/monempresarial-151-previsions-economia-catalana-2013-2014-300x233.jpg 300w, https:\/\/www.monempresarial.com\/wp-content\/uploads\/monempresarial-151-previsions-economia-catalana-2013-2014-300x233@2x.jpg 600w\" sizes=\"(max-width: 970px) 100vw, 970px\" \/><\/a><\/p>\n<p><strong>Cal m\u00e9s simplificaci\u00f3 administrativa<\/strong><br \/>\nD\u2019altra banda, 48 hores despr\u00e9s de que el Banc Mundial fes p\u00fablica l\u2019edici\u00f3 2014 de l\u2019informe Doing Business que situa a Espanya en el lloc 52 dels pa\u00efsos on \u00e9s m\u00e9s f\u00e0cil fer negocis, sis posicions per sota que l\u2019any anterior, la Cambra de Comer\u00e7 de Barcelona ha presentat una enquesta sobre simplificaci\u00f3 administrativa, efectuada a 3.441 empreses, que referma la tesi que al nostre pa\u00eds la burocr\u00e0cia representa un fre per assolir la plena recuperaci\u00f3 econ\u00f2mica.<\/p>\n<blockquote>\n<h2>Les empreses demanden m\u00e9s coordinaci\u00f3 entre administracions, menys normativa i taxes, terminis de resposta m\u00e9s curts, formularis m\u00e9s simples i tramitaci\u00f3 electr\u00f2nica universal<\/h2>\n<\/blockquote>\n<p>Aix\u00ed, segons aquesta recerca, nom\u00e9s un 7% de les empreses catalanes han notat una reducci\u00f3 del nombre de tr\u00e0mits durant l\u2019\u00faltim any, tot i els aven\u00e7os en mat\u00e8ria de simplificaci\u00f3 administrativa endegats per l\u2019Estat. Valls ha afegit que, per sectors, \u201cla ind\u00fastria \u00e9s el que menys ha notat aquesta reducci\u00f3\u201d, amb nom\u00e9s tres de cada 100 empreses industrials reconeixent haver-ho fet. I aix\u00f2, en un moment en qu\u00e8 \u201ctots estem parlant de la necessitatde reindustrialitzar\u201d, ha volgut subratllar el president de la Cambra de Comer\u00e7 de Barcelona, \u201c\u00e9s una q\u00fcesti\u00f3 que hauria de fer reflexionar el conjunt d\u2019administracions p\u00fabliques sobre com es pot acompanyar la recuperaci\u00f3 de les empreses si els tr\u00e0mits no es redueixen\u201d.<br \/>\nEntre les demandes m\u00e9s habituals formulades per part de les companyies enquestades figuren les seg\u00fcents: aconseguir m\u00e9s coordinaci\u00f3 entre administracions i evitar duplicitats, crear menys normativa, reduir els costos de taxes i registres i reduir el termini de resposta de l\u2019administraci\u00f3, simplificar formularis i agilitar la tramitaci\u00f3 electr\u00f2nica universal.<br \/>\n<a href=\"http:\/\/www.monempresarial.com\/wp-content\/uploads\/monempresarial-151-dades-oficials-confirmen-recuperacio-economia.jpg\"><img decoding=\"async\" loading=\"lazy\" class=\"aligncenter size-full wp-image-205\" src=\"http:\/\/www.monempresarial.com\/wp-content\/uploads\/monempresarial-151-dades-oficials-confirmen-recuperacio-economia.jpg\" alt=\"Les dades oficials confirmen la recuperaci\u00f3\" width=\"973\" height=\"344\" srcset=\"https:\/\/www.monempresarial.com\/wp-content\/uploads\/monempresarial-151-dades-oficials-confirmen-recuperacio-economia.jpg 973w, https:\/\/www.monempresarial.com\/wp-content\/uploads\/monempresarial-151-dades-oficials-confirmen-recuperacio-economia-300x106.jpg 300w, https:\/\/www.monempresarial.com\/wp-content\/uploads\/monempresarial-151-dades-oficials-confirmen-recuperacio-economia-300x106@2x.jpg 600w\" sizes=\"(max-width: 973px) 100vw, 973px\" \/><\/a><\/p>\n","protected":false},"excerpt":{"rendered":"<p>L\u2019enregistrament de dos trimestres consecutius de creixement intertrimestral del PIB catal\u00e0 i les bones perspectives de la conjuntura internacional, aix\u00ed com el fet d\u2019haver aconseguit la millor dada de confian\u00e7a empresarial en els darrers set trimestres s\u00f3n els aspectes m\u00e9s destacats per l\u2019informe de Conjuntura econ\u00f2mica i simplificaci\u00f3 administrativa a Catalunya presentat per la Cambra de Comer\u00e7 de Barcelona el passat 30 d\u2019octubre i que han portat aquesta instituci\u00f3 a afirmar que \u201ct\u00e8cnicament, hem sortit de la recessi\u00f3\u201d.<\/p>\n","protected":false},"author":1,"featured_media":223,"comment_status":"closed","ping_status":"open","sticky":false,"template":"","format":"standard","meta":{"_mi_skip_tracking":false,"mc4wp_mailchimp_campaign":[],"jnews-multi-image_gallery":[],"jnews_single_post":[],"jnews_primary_category":[]},"categories":[9,16,10815,10844],"tags":[],"_links":{"self":[{"href":"https:\/\/www.monempresarial.com\/ca\/wp-json\/wp\/v2\/posts\/193"}],"collection":[{"href":"https:\/\/www.monempresarial.com\/ca\/wp-json\/wp\/v2\/posts"}],"about":[{"href":"https:\/\/www.monempresarial.com\/ca\/wp-json\/wp\/v2\/types\/post"}],"author":[{"embeddable":true,"href":"https:\/\/www.monempresarial.com\/ca\/wp-json\/wp\/v2\/users\/1"}],"replies":[{"embeddable":true,"href":"https:\/\/www.monempresarial.com\/ca\/wp-json\/wp\/v2\/comments?post=193"}],"version-history":[{"count":1,"href":"https:\/\/www.monempresarial.com\/ca\/wp-json\/wp\/v2\/posts\/193\/revisions"}],"predecessor-version":[{"id":47097,"href":"https:\/\/www.monempresarial.com\/ca\/wp-json\/wp\/v2\/posts\/193\/revisions\/47097"}],"wp:featuredmedia":[{"embeddable":true,"href":"https:\/\/www.monempresarial.com\/ca\/wp-json\/wp\/v2\/media\/223"}],"wp:attachment":[{"href":"https:\/\/www.monempresarial.com\/ca\/wp-json\/wp\/v2\/media?parent=193"}],"wp:term":[{"taxonomy":"category","embeddable":true,"href":"https:\/\/www.monempresarial.com\/ca\/wp-json\/wp\/v2\/categories?post=193"},{"taxonomy":"post_tag","embeddable":true,"href":"https:\/\/www.monempresarial.com\/ca\/wp-json\/wp\/v2\/tags?post=193"}],"curies":[{"name":"wp","href":"https:\/\/api.w.org\/{rel}","templated":true}]}}