{"id":19380,"date":"2018-11-05T14:58:53","date_gmt":"2018-11-05T13:58:53","guid":{"rendered":"http:\/\/www.monempresarial.com\/?p=19380"},"modified":"2025-09-05T12:18:45","modified_gmt":"2025-09-05T10:18:45","slug":"neix-lidera-la-plataforma-de-les-dones-professionals-de-barcelona-activa","status":"publish","type":"post","link":"https:\/\/www.monempresarial.com\/ca\/2018\/11\/05\/neix-lidera-la-plataforma-de-les-dones-professionals-de-barcelona-activa\/","title":{"rendered":"Neix Lidera, la plataforma de les dones professionals de Barcelona Activa."},"content":{"rendered":"<p><strong>Fomentar l\u2019autolideratge i acompanyar en el cam\u00ed professional<\/strong><strong> a totes les dones de Barcelona. Aquest \u00e9s l\u2019objectiu amb qu\u00e8 acaba de n\u00e9ixer Lidera, la plataforma de les dones professionals, directives o emprenedores, impulsada per Barcelona Activa. <\/strong><\/p>\n<hr \/>\n<p>L\u2019ag\u00e8ncia de desenvolupament econ\u00f2mic de l\u2019Ajuntament de Barcelona s\u2019adre\u00e7a, aix\u00ed, a totes les professionals de la ciutat \u2013sigui quin sigui el seu sector- que vulguin fer un pas m\u00e9s en el seu recorregut professional i posa a la seva disposici\u00f3 diferents programes de formaci\u00f3, tant de compet\u00e8ncies com de lideratge, fets a mida per a aconseguir-ho.<\/p>\n<p>Lidera, que vol funcionar com un centre de desenvolupament professional, tamb\u00e9 oferir\u00e0 serveis de mentoria i un espai de <em>networking<\/em> on connectar amb altres xarxes de dones. \u201cLa idea \u00e9s que les dones de Lidera tinguin als seu abast totes aquelles eines per desenvolupar aquelles compet\u00e8ncies dels lideratges moderns, flexibles, en equip i igualitaris\u201d, ha explicat Sara Berbel, directora general de Barcelona Activa.<\/p>\n<h2 style=\"padding-left: 30px;\"><span style=\"color: #619a88;\">Lidera oferir\u00e0 programes adre\u00e7ats a la millora de compet\u00e8ncies i habilitats, de gesti\u00f3 empresarial, d\u2019estrat\u00e8gia digital, de cooperaci\u00f3 i col\u00b7laboraci\u00f3, i compartir\u00e0 coneixements de professionals i els seus projectes laborals <\/span><\/h2>\n","protected":false},"excerpt":{"rendered":"<p>Fomentar l\u2019autolideratge i acompanyar en el cam\u00ed professional a totes les dones de Barcelona. Aquest \u00e9s l\u2019objectiu amb qu\u00e8 acaba de n\u00e9ixer Lidera, la plataforma de les dones professionals, directives o emprenedores, impulsada per Barcelona Activa. L\u2019ag\u00e8ncia de desenvolupament econ\u00f2mic de l\u2019Ajuntament de Barcelona s\u2019adre\u00e7a, aix\u00ed, a totes les professionals de la ciutat \u2013sigui quin [&hellip;]<\/p>\n","protected":false},"author":1,"featured_media":19388,"comment_status":"open","ping_status":"open","sticky":false,"template":"","format":"standard","meta":{"_mi_skip_tracking":false,"mc4wp_mailchimp_campaign":[],"jnews-multi-image_gallery":[],"jnews_single_post":[],"jnews_primary_category":[]},"categories":[9],"tags":[2762,4644,5744,7508,7509,7510],"_links":{"self":[{"href":"https:\/\/www.monempresarial.com\/ca\/wp-json\/wp\/v2\/posts\/19380"}],"collection":[{"href":"https:\/\/www.monempresarial.com\/ca\/wp-json\/wp\/v2\/posts"}],"about":[{"href":"https:\/\/www.monempresarial.com\/ca\/wp-json\/wp\/v2\/types\/post"}],"author":[{"embeddable":true,"href":"https:\/\/www.monempresarial.com\/ca\/wp-json\/wp\/v2\/users\/1"}],"replies":[{"embeddable":true,"href":"https:\/\/www.monempresarial.com\/ca\/wp-json\/wp\/v2\/comments?post=19380"}],"version-history":[{"count":1,"href":"https:\/\/www.monempresarial.com\/ca\/wp-json\/wp\/v2\/posts\/19380\/revisions"}],"predecessor-version":[{"id":46982,"href":"https:\/\/www.monempresarial.com\/ca\/wp-json\/wp\/v2\/posts\/19380\/revisions\/46982"}],"wp:featuredmedia":[{"embeddable":true,"href":"https:\/\/www.monempresarial.com\/ca\/wp-json\/wp\/v2\/media\/19388"}],"wp:attachment":[{"href":"https:\/\/www.monempresarial.com\/ca\/wp-json\/wp\/v2\/media?parent=19380"}],"wp:term":[{"taxonomy":"category","embeddable":true,"href":"https:\/\/www.monempresarial.com\/ca\/wp-json\/wp\/v2\/categories?post=19380"},{"taxonomy":"post_tag","embeddable":true,"href":"https:\/\/www.monempresarial.com\/ca\/wp-json\/wp\/v2\/tags?post=19380"}],"curies":[{"name":"wp","href":"https:\/\/api.w.org\/{rel}","templated":true}]}}