{"id":1940,"date":"2015-01-29T08:00:32","date_gmt":"2015-01-29T07:00:32","guid":{"rendered":"http:\/\/monempresarial.com\/?p=1940"},"modified":"2025-09-16T11:44:33","modified_gmt":"2025-09-16T09:44:33","slug":"tancament-caixes-1899","status":"publish","type":"post","link":"https:\/\/www.monempresarial.com\/ca\/2015\/01\/29\/tancament-caixes-1899\/","title":{"rendered":"El \u201cTancament de Caixes\u201d:<\/span> desobedi\u00e8ncia civil a la Catalunya de 1899"},"content":{"rendered":"<h4>L\u2019any 1899 els comerciants industrials catalans van emprendre una acci\u00f3 de desobedi\u00e8ncia civil que ha passat a la hist\u00f2ria amb el nom de \u201cTancament de Caixes\u201d quan es van negar a pagar les contribucions a l\u2019Estat davant la implementaci\u00f3 de l\u2019impost d\u2019utilitats. Amb aquest nou tribut, que repercutia especialment en la classe mitjana i la burgesia, el Govern de Madrid volia remuntar la hisenda espanyola, durament castigada per la derrota militar de 1898 enfront dels Estats Units i la p\u00e8rdua de les darreres col\u00f2nies.<\/h4>\n<h4><a style=\"color: #512900;\" href=\"http:\/\/monempresarial.com\/author\/gsiles\/\">Gregor Siles.<\/a> Historiador, professor de la UNED i membre de Tot Hist\u00f2ria Associaci\u00f3 Cultural<\/h4>\n<hr style=\"color: #b72126;\" \/>\n<p><img decoding=\"async\" loading=\"lazy\" class=\"wp-image-1947 alignleft\" src=\"http:\/\/monempresarial.com\/wp-content\/uploads\/2015\/01\/monempresarial-001-esquella-torratxa-1084.png\" alt=\"La Esquella de la Torratxa, n\u00fam. 1084, 20\/10\/1899\" width=\"240\" height=\"382\" srcset=\"https:\/\/www.monempresarial.com\/wp-content\/uploads\/2015\/01\/monempresarial-001-esquella-torratxa-1084.png 359w, https:\/\/www.monempresarial.com\/wp-content\/uploads\/2015\/01\/monempresarial-001-esquella-torratxa-1084-189x300.png 189w\" sizes=\"(max-width: 240px) 100vw, 240px\" \/><b>Com s\u2019arriba a aquesta situaci\u00f3?<\/b><br \/>\nPer entendre-ho, cal destacar el proc\u00e9s de configuraci\u00f3 del catalanisme pol\u00edtic que s\u2019estava donant en aquell per\u00edode. L\u2019any 1891 es creava la Uni\u00f3 Catalanista (UC) com a confederaci\u00f3 d\u2019entitats que aprovaria el 1892 les <em>Bases de Manresa<\/em>, primer projecte d\u2019estatut per a Catalunya. En aquesta proposta es demanava la creaci\u00f3 d\u2019unes corts, govern i administraci\u00f3 catalanes; el control regional de les finances i la tributaci\u00f3 -aix\u00ed com de l\u2019ordre p\u00fablic- a m\u00e9s d\u2019un tribunal constitucional propi i l\u2019oficialitat \u00fanica de la llengua catalana. Unes estructures d\u2019estat que es veien necess\u00e0ries per salvaguardar la cultura i protegir la industria catalana. La UC en aquells moments estava constitu\u00efda, majorit\u00e0riament, per persones de professions liberals, com l\u2019advocat Prat de la Riba; nom\u00e9s un 10% dels seus membres provenien de la burgesia industrial.<\/p>\n<p><b>L\u2019antecedent<\/b><br \/>\nD\u2019altra banda, com a antecedent immediat, hi ha el conflicte b\u00e8l\u00b7lic de 1898, en el qual la burgesia industrial catalana havia donat suport al Govern espanyol. El catalanisme, per\u00f2, s\u2019havia desmarcat de les actituds m\u00e9s patri\u00f2tiques i intransigents contra els rebels cubans. La derrota militar d\u2019Espanya i la p\u00e8rdua de Cuba, Puerto Rico i Filipines, va desencadenar una crisi col\u00b7lectiva que va posar en q\u00fcesti\u00f3 tot el sistema pol\u00edtic de la Restauraci\u00f3. Per a la burgesia catalana la p\u00e8rdua de les col\u00f2nies representava un retroc\u00e9s del seu mercat, per aix\u00f2, ara estava m\u00e9s preparada a escoltar les reivindicacions catalanistes. Un nou Govern espanyol sorgit arran de la desfeta, presidit pel conservador Francisco Silvela i disposat, en principi, a atendre les peticions m\u00e9s moderades del catalanisme, far\u00e0 entrar aleshores als ministeris persones que comptaven amb el recolzament de l\u2019empresariat catal\u00e0, com ara el general Polavieja, partidari d\u2019una major descentralitzaci\u00f3 i d\u2019un concert econ\u00f2mic pel principat; Duran i Bas, ministre de Just\u00edcia, que potenciar\u00e0 la designaci\u00f3 de bisbes catalans, i el nomenament com a alcalde de Barcelona del doctor Bartomeu Robert. Per\u00f2 la presentaci\u00f3 del pressupost de 1900 per part del ministre d\u2019Hisenda, Fern\u00e1ndez Villaverde, que prescindeix del concert econ\u00f2mic i incrementa la tributaci\u00f3, ser\u00e0 el desencadenant del \u201cTancament de Caixes\u201d.<\/p>\n<blockquote>\n<h2>La presentaci\u00f3 del pressupost de 1900 per part del ministre d\u2019Hisenda, Fern\u00e1ndez Villaverde, que prescind\u00ed del concert econ\u00f2mic i increment\u00e0 la tributaci\u00f3, fou el desencadenant del \u201cTancament de Caixes\u201d<\/h2>\n<\/blockquote>\n<figure id=\"attachment_1948\" aria-describedby=\"caption-attachment-1948\" style=\"width: 291px\" class=\"wp-caption alignleft\"><img decoding=\"async\" loading=\"lazy\" class=\"wp-image-1948\" src=\"http:\/\/monempresarial.com\/wp-content\/uploads\/2015\/01\/monempresarial-001-esquella-torratxa-1087.png\" alt=\"La Esquella de la Torratxa, n\u00fam. 1087, 10\/11\/1899\" width=\"291\" height=\"248\" srcset=\"https:\/\/www.monempresarial.com\/wp-content\/uploads\/2015\/01\/monempresarial-001-esquella-torratxa-1087.png 359w, https:\/\/www.monempresarial.com\/wp-content\/uploads\/2015\/01\/monempresarial-001-esquella-torratxa-1087-300x256.png 300w, https:\/\/www.monempresarial.com\/wp-content\/uploads\/2015\/01\/monempresarial-001-esquella-torratxa-1087-72x60.png 72w, https:\/\/www.monempresarial.com\/wp-content\/uploads\/2015\/01\/monempresarial-001-esquella-torratxa-1087-72x60@2x.png 144w\" sizes=\"(max-width: 291px) 100vw, 291px\" \/><figcaption id=\"caption-attachment-1948\" class=\"wp-caption-text\"><em>La Esquella de la Torratxa<\/em>, n\u00fam. 1087, 10\/11\/1899<\/figcaption><\/figure>\n<p><b>El resultat<\/b><br \/>\nAix\u00ed, a la indignaci\u00f3 de com s\u2019havia gestionat el conflicte de Cuba \u2013a causa del sacrifici hum\u00e0 i econ\u00f2mic que havia representat per al pa\u00eds- s\u2019hi sumar\u00e0 ara la irritaci\u00f3 pel nou impost d\u2019utilitats. El resultat? Al mes de juliol, 185 gremis de Barcelona, liderats per la Lliga de Defensa Comercial i Industrial i el Sindicat de Gremis, es van negar a pagar les contribucions, i aviat tamb\u00e9 se sum\u00e0 a la protesta Foment del Treball.<\/p>\n<figure id=\"attachment_1953\" aria-describedby=\"caption-attachment-1953\" style=\"width: 248px\" class=\"wp-caption alignright\"><img decoding=\"async\" loading=\"lazy\" class=\" wp-image-1953\" src=\"http:\/\/monempresarial.com\/wp-content\/uploads\/2015\/01\/monempresarial-001-pel-ploma.png\" alt=\"El Doctor Robert, per Ram\u00f3n Casas\" width=\"248\" height=\"361\" srcset=\"https:\/\/www.monempresarial.com\/wp-content\/uploads\/2015\/01\/monempresarial-001-pel-ploma.png 359w, https:\/\/www.monempresarial.com\/wp-content\/uploads\/2015\/01\/monempresarial-001-pel-ploma-206x300.png 206w\" sizes=\"(max-width: 248px) 100vw, 248px\" \/><figcaption id=\"caption-attachment-1953\" class=\"wp-caption-text\">El Doctor Robert. Dibuix de Ram\u00f3n Casas. Revista <em>P\u00e8l i Ploma<\/em>, n\u00fam. 35, Barcelona, 27\/01\/1900<\/figcaption><\/figure>\n<p>Poc a poc, el clam s\u2019estengu\u00e9 a d\u2019altres poblacions espanyoles, i per evitar la seva expansi\u00f3, des del Govern, el Congr\u00e9s i la premsa de Madrid s\u2019inici\u00e0 una campanya de caire anticatalanista per reduir el conflicte al Principat. L\u2019Estat, a m\u00e9s, deixaria caure tot el seu pes sobre els insubmisos, iniciant les gestions necess\u00e0ries per embargar-los els seus b\u00e9ns. Per\u00f2 el doctor Robert, que en qualitat d\u2019alcalde de Barcelona era l\u2019autoritat que havia d\u2019autoritzar l\u2019embargament dels morosos, recolz\u00e0 la protesta dels gremis i industrials. Per aix\u00f2, feu servir totes les arg\u00facies al seu abast per retardar al m\u00e0xim haver de signar l\u2019ordre d\u2019embargament. I quan, finalment, hagu\u00e9 de rubricar-la, dimit\u00ed.<br \/>\nSom a l\u2019 11 d&#8217;octubre de 1899 i aquest fet far\u00e0 cr\u00e9ixer enormement la seva popularitat. Com a reacci\u00f3, els comer\u00e7os de la ciutat iniciaran una vaga a la qual se sumaran poblacions com Manresa, Matar\u00f3, Sabadell i Vilafranca. El 24 d&#8217;octubre se suspendran les garanties constitucionals a la prov\u00edncia de Barcelona i el 27 d\u2019octubre es declarar\u00e0 l&#8217;estat de guerra. El capit\u00e0 general de Catalunya ordenar\u00e0 tancar els primers negocis insubmisos i empresonar\u00e0 els seus propietaris. Una delegaci\u00f3 liderada pel doctor Robert intentar\u00e0 aleshores negociar a Madrid, per\u00f2 el Govern es mostrar\u00e0 intransigent, disposat a continuar amb els empresonaments i a intervenir militarment. Finalment, donada la pressi\u00f3 de l&#8217;Estat i la impossibilitat de sostenir econ\u00f2micament la protesta, els gremis accediran a pagar les contribucions.<\/p>\n<table style=\"background-color: #b9a999;\" width=\"600\">\n<tbody>\n<tr>\n<th style=\"text-align: center; background-color: #512900;\" colspan=\"2\">\u00a0<span style=\"color: #ffffff; text-transform: uppercase;\">\u00a0<b>1901\u00a0<a style=\"color: #ffffff; font-weight: bold; font-size: 20px;\">\u2192<\/a>\u00a09N\u00a02014<\/b><\/span><\/th>\n<\/tr>\n<tr>\n<td style=\"text-align: center; font-size: 24px;\" colspan=\"2\">Una <a style=\"color: #512900; font-weight: bold; font-size: 28px;\">vict\u00f2ria<\/a> moral<\/td>\n<\/tr>\n<tr>\n<td>\u00a0<a style=\"color: #000000; font-weight: bold; text-transform: uppercase;\">Tot i que la protesta finalitz\u00e0 amb la derrota dels gremis i industrials,<\/a> ser\u00e0 considerada, malgrat tot, una vict\u00f2ria moral per als seus convocants, ja que va aconseguir una mobilitzaci\u00f3 interclassista i popular que va plantar cara al Govern. El catalanisme, en conseq\u00fc\u00e8ncia, en va sortir refor\u00e7at i es va veure capa\u00e7 de presentar-se a la carrera electoral.<\/td>\n<td>L&#8217;any 1901 es fundaria la Lliga Regionalista, primer partit catalanista, que guanyaria les eleccions generals a Barcelona aquell mateix any. El pa\u00eds, per tant, entrava en una nova etapa pol\u00edtica. Cal reflexionar, ara, si encara en formem part o la darrera desobedi\u00e8ncia civil viscuda el 9N ens ha fet entrar en una altra.<\/td>\n<\/tr>\n<tr>\n<td colspan=\"2\" valign=\"top\">\n<p><figure id=\"attachment_1956\" aria-describedby=\"caption-attachment-1956\" style=\"width: 740px\" class=\"wp-caption aligncenter\"><img decoding=\"async\" loading=\"lazy\" class=\"size-full wp-image-1956\" src=\"http:\/\/monempresarial.com\/wp-content\/uploads\/2015\/01\/monempresarial-001-9n-votarem.png\" alt=\"9N Votarem\" width=\"740\" height=\"400\" srcset=\"https:\/\/www.monempresarial.com\/wp-content\/uploads\/2015\/01\/monempresarial-001-9n-votarem.png 740w, https:\/\/www.monempresarial.com\/wp-content\/uploads\/2015\/01\/monempresarial-001-9n-votarem-300x162.png 300w, https:\/\/www.monempresarial.com\/wp-content\/uploads\/2015\/01\/monempresarial-001-9n-votarem-300x162@2x.png 600w\" sizes=\"(max-width: 740px) 100vw, 740px\" \/><figcaption id=\"caption-attachment-1956\" class=\"wp-caption-text\">Foto: Oscar Garriga Estrada \/ Shutterstock<\/figcaption><\/figure><\/td>\n<\/tr>\n<\/tbody>\n<\/table>\n<p>&nbsp;<\/p>\n<table style=\"background-color: #b9a999;\" width=\"600\">\n<tbody>\n<tr>\n<th style=\"text-align: center; background-color: #512900;\">\u00a0<span style=\"color: #ffffff; text-transform: uppercase;\">\u00a0<b>refer\u00e8ncies<\/b><\/span><\/th>\n<\/tr>\n<tr>\n<td>Balcells, A. (1992). <b><em>Hist\u00f2ria del nacionalisme catal\u00e0: dels or\u00edgens al nostre temps.<\/em><\/b> Barcelona: Generalitat de Catalunya.<br \/>\nDuran, Ll. (2009). <b><em>Breu Hist\u00f2ria del catalanisme.<\/em><\/b> Barcelona: Abadia de Montserrat.<br \/>\nIzquierdo, S. (2003). <b><em>Bartomeu Robert i Yarz\u00e1bal (1842-1902). Medicina i comprom\u00eds c\u00edvic.<\/em><\/b> Tesis doctoral, UPF.<\/td>\n<\/tr>\n<\/tbody>\n<\/table>\n<p>&nbsp;<\/p>\n","protected":false},"excerpt":{"rendered":"<p>L\u2019any 1899 els comerciants industrials catalans van emprendre una acci\u00f3 de desobedi\u00e8ncia civil que ha passat a la hist\u00f2ria amb el nom de \u201cTancament de Caixes\u201d quan es van negar a pagar les contribucions a l\u2019Estat davant la implementaci\u00f3 de l\u2019impost d\u2019utilitats.<\/p>\n","protected":false},"author":6,"featured_media":1959,"comment_status":"open","ping_status":"open","sticky":false,"template":"","format":"standard","meta":{"_mi_skip_tracking":false,"mc4wp_mailchimp_campaign":[],"jnews-multi-image_gallery":[],"jnews_single_post":[],"jnews_primary_category":[]},"categories":[10847,12,10816,54],"tags":[],"_links":{"self":[{"href":"https:\/\/www.monempresarial.com\/ca\/wp-json\/wp\/v2\/posts\/1940"}],"collection":[{"href":"https:\/\/www.monempresarial.com\/ca\/wp-json\/wp\/v2\/posts"}],"about":[{"href":"https:\/\/www.monempresarial.com\/ca\/wp-json\/wp\/v2\/types\/post"}],"author":[{"embeddable":true,"href":"https:\/\/www.monempresarial.com\/ca\/wp-json\/wp\/v2\/users\/6"}],"replies":[{"embeddable":true,"href":"https:\/\/www.monempresarial.com\/ca\/wp-json\/wp\/v2\/comments?post=1940"}],"version-history":[{"count":1,"href":"https:\/\/www.monempresarial.com\/ca\/wp-json\/wp\/v2\/posts\/1940\/revisions"}],"predecessor-version":[{"id":47113,"href":"https:\/\/www.monempresarial.com\/ca\/wp-json\/wp\/v2\/posts\/1940\/revisions\/47113"}],"wp:featuredmedia":[{"embeddable":true,"href":"https:\/\/www.monempresarial.com\/ca\/wp-json\/wp\/v2\/media\/1959"}],"wp:attachment":[{"href":"https:\/\/www.monempresarial.com\/ca\/wp-json\/wp\/v2\/media?parent=1940"}],"wp:term":[{"taxonomy":"category","embeddable":true,"href":"https:\/\/www.monempresarial.com\/ca\/wp-json\/wp\/v2\/categories?post=1940"},{"taxonomy":"post_tag","embeddable":true,"href":"https:\/\/www.monempresarial.com\/ca\/wp-json\/wp\/v2\/tags?post=1940"}],"curies":[{"name":"wp","href":"https:\/\/api.w.org\/{rel}","templated":true}]}}