{"id":19454,"date":"2018-11-13T12:28:50","date_gmt":"2018-11-13T11:28:50","guid":{"rendered":"http:\/\/www.monempresarial.com\/2018\/11\/13\/joves-talents-hector-rey-y-alex-huertas-fundadores-de-northweek-sunglasses\/"},"modified":"2025-06-06T10:19:29","modified_gmt":"2025-06-06T08:19:29","slug":"joves-talents-hector-rey-y-alex-huertas-fundadores-de-northweek-sunglasses","status":"publish","type":"post","link":"https:\/\/www.monempresarial.com\/ca\/2018\/11\/13\/joves-talents-hector-rey-y-alex-huertas-fundadores-de-northweek-sunglasses\/","title":{"rendered":"Joves talents: H\u00e9ctor Rey i \u00c0lex Huertas, fundadors de Northweek Sunglasses"},"content":{"rendered":"<p><strong>H\u00e9ctor Rey i \u00c0lex Huertas tenen molt clar que emprendre amb \u00e8xit implica fer del teu projecte la m\u00e0xima prioritat: \u201cQuan nosaltres vam engegar Northweek, la nostra vida eren 24 hores per a l\u2019empresa. I aix\u00f2 va ser una de les claus perqu\u00e8 funcion\u00e9s.\u201d<\/strong><\/p>\n<hr \/>\n<ul>\n<li><span style=\"color: #ae0f09;\"><strong>Per qu\u00e8 no els hem de perdre la pista? <\/strong><\/span><\/li>\n<\/ul>\n<p>S\u00f3n els fundadors de Northweek Sunglasses, una marca d\u2019ulleres de sol personalitzables que es comercialitzen per Internet per entre 20 i 35 euros de preu i que, en el seu segon any de vida, ja va facturar m\u00e9s de 2 milions d\u2019euros (i va arribar als 8, el 2017): \u201cSempre hem tingut una vessant molt emprenedora. Amb 13-14 anys ja compr\u00e0vem productes per Internet que despr\u00e9s ven\u00edem pel nostre compte i f\u00e8iem, aix\u00ed, una mica de negoci. Als 18-19 anys, per\u00f2, vam decidir que vol\u00edem muntar una empresa de <em>veritat<\/em>. Fins aleshores hav\u00edem venut fundes de m\u00f2bil, samarretes, etc., per\u00f2 a nosaltres ens agradaven molt les ulleres de sol. El problema \u00e9s que, si en volies dur de modernes, havies de passar per l\u2019adre\u00e7ador de les \u00f2ptiques i de les grans marques i pagar-ne un preu molt alt, o b\u00e9 dur-ne de molt econ\u00f2miques, per\u00f2 de molt baixa qualitat. No hi havia un punt mitj\u00e0. I aqu\u00ed vam veure la nostra oportunitat.\u201d Despr\u00e9s de registrar un creixement anual d\u2019entre el 50% i el 100% des que el maig del 2013 van posar a la venda les primeres unitats, la marca traur\u00e0 enguany per primer cop cinc nous models d\u2019ullera \u201cperqu\u00e8, al final, el nostre model de negoci basat en un sol model d\u2019ullera s\u2019ha d\u2019adaptar al que demana la gent.\u201d<\/p>\n<ul>\n<li><span style=\"color: #ae0f09;\"><strong>El (dur) cam\u00ed fins a cridar \u00a1Eureka! <\/strong><\/span><\/li>\n<\/ul>\n<p><span style=\"color: #ae0f09;\"><strong><img decoding=\"async\" loading=\"lazy\" class=\"wp-image-19451 alignleft\" src=\"https:\/\/www.monempresarial.com\/wp-content\/uploads\/2018\/11\/gafas.jpg\" alt=\"\" width=\"368\" height=\"245\" srcset=\"https:\/\/www.monempresarial.com\/wp-content\/uploads\/2018\/11\/gafas.jpg 567w, https:\/\/www.monempresarial.com\/wp-content\/uploads\/2018\/11\/gafas-300x200.jpg 300w, https:\/\/www.monempresarial.com\/wp-content\/uploads\/2018\/11\/gafas-252x167.jpg 252w, https:\/\/www.monempresarial.com\/wp-content\/uploads\/2018\/11\/gafas-252x167@2x.jpg 504w\" sizes=\"(max-width: 368px) 100vw, 368px\" \/><\/strong><\/span>Fa cinc anys, l\u2019ecosistema emprenedor estava a les beceroles i ni els bancs ni les institucions no es creien dos xavals de 18-19 anys que demanaven capital per a fer cr\u00e9ixer un projecte incipient. I \u00e9s que el finan\u00e7ament \u00e9s la principal dificultat de l\u2019emprenedor: \u201c Nosaltres triguem uns dos mesos a produir les ulleres i s\u2019ha d\u2019anticipar la compra d\u2019aquesta mercaderia al desembre-gener, quan precisament no tens diners perqu\u00e8 \u00e9s a l\u2019estiu quan m\u00e9s vens (som estacionals). Per tant, si vols cr\u00e9ixer, perqu\u00e8 el mercat t\u2019ho demana, aconseguir els recursos econ\u00f3mics per a fer-ho \u00e9s un problema molt gran. Per sort, els nostres pares van creure sempre en el projecte i ens van avalar un pr\u00e9stec de m\u00e9s de 20.000 euros que ens va permetre de fer-ho.\u201d<\/p>\n<ul>\n<li><span style=\"color: #ae0f09;\"><strong>Fracassa i vencer\u00e0s <\/strong><\/span><\/li>\n<\/ul>\n<p>\u201cSempre que hem engegat un negoci, ho hem fet pensant que si la idea original no funcionava, ja buscar\u00edem una altra via per a sortir-nos-en. Aix\u00ed, quan vam comprar les primeres ulleres vam dir-nos que, si no aconsegu\u00edem vendre-les a 20 euros \u2013que era el preu original que ten\u00edem en ment\u2013, segurament a 5 euros ens les comprarien totes i, per tant, no perdr\u00edem diners. Per\u00f2 no ens va fer falta abaixar-ne el preu perqu\u00e8 durant els 9 mesos que vam trigar a sortir al carrer hi va haver un boom molt gran del boca-orella que va fer que quan les ulleres finalment van estar disponibles vam tenir un <em>sold-out<\/em> espectacular. En un mes vam vendre m\u00e9s de 1.000 unitats en m\u00e0, sense p\u00e0gina web ni res. De fet, vam obrir la p\u00e0gina web amb la meitat dels colors i de l\u2019estoc que hav\u00edem comprat!\u201d<\/p>\n<ul>\n<li><span style=\"color: #ae0f09;\"><strong>Els<em> gegants<\/em> d\u2019H\u00e9ctor Rey i \u00c0lex Huertas <\/strong><\/span><\/li>\n<\/ul>\n<p>\u201cNo somos para nada mit\u00f3manos y hemos recorrido nuestro camino sin fijarnos especialmente en nadie. Lo que s\u00ed es cierto es que a lo largo de estos a\u00f1os nos hemos encontrado y hemos conocido a mucha gente (peque\u00f1os empresarios, otros emprendedores) que s\u00ed que nos han echado una mano o nos han inspirado. No hemos tenido, pues, una referencia clara, sino que a lo largo del camino nos ha ayudado mucha gente.\u201d<\/p>\n","protected":false},"excerpt":{"rendered":"<p>H\u00e9ctor Rey i \u00c0lex Huertas tenen molt clar que emprendre amb \u00e8xit implica fer del teu projecte la m\u00e0xima prioritat: \u201cQuan nosaltres vam engegar Northweek, la nostra vida eren 24 hores per a l\u2019empresa. I aix\u00f2 va ser una de les claus perqu\u00e8 funcion\u00e9s.\u201d<\/p>\n","protected":false},"author":1,"featured_media":19449,"comment_status":"closed","ping_status":"closed","sticky":false,"template":"","format":"standard","meta":{"_mi_skip_tracking":false,"mc4wp_mailchimp_campaign":[],"jnews-multi-image_gallery":[],"jnews_single_post":{"source_name":"","source_url":"","via_name":"","via_url":"","override_template":"0","override":[{"template":"1","single_blog_custom":"","parallax":"1","fullscreen":"1","layout":"right-sidebar","sidebar":"default-sidebar","second_sidebar":"default-sidebar","sticky_sidebar":"1","share_position":"bottom","share_float_style":"share-monocrhome","show_share_counter":"1","show_view_counter":"1","show_featured":"1","show_post_meta":"1","show_post_author":"1","show_post_author_image":"1","show_post_date":"1","post_date_format":"default","post_date_format_custom":"Y\/m\/d","show_post_category":"0","show_post_reading_time":"1","post_reading_time_wpm":"300","show_zoom_button":"0","zoom_button_out_step":"2","zoom_button_in_step":"3","show_post_tag":"1","show_prev_next_post":"0","show_popup_post":"1","number_popup_post":"2","show_author_box":"1","show_post_related":"1","show_inline_post_related":"1"}],"override_image_size":"0","image_override":[{"single_post_thumbnail_size":"crop-715","single_post_gallery_size":"crop-500"}],"trending_post":"0","trending_post_position":"meta","trending_post_label":"Trending","sponsored_post":"1","sponsored_post_label":"Patrocinat per","sponsored_post_name":"Consorci Zona Franca Barcelona","sponsored_post_url":"https:\/\/zfbarcelona.es\/ca\/","sponsored_post_logo_enable":"1","sponsored_post_logo":"40377","sponsored_post_desc":"","disable_ad":"0"},"jnews_primary_category":{"id":"10826","hide":""}},"categories":[10826,10820,11,8058,10819,7833],"tags":[7519,7520,7521,7522,292,311,3858,4253,7370],"_links":{"self":[{"href":"https:\/\/www.monempresarial.com\/ca\/wp-json\/wp\/v2\/posts\/19454"}],"collection":[{"href":"https:\/\/www.monempresarial.com\/ca\/wp-json\/wp\/v2\/posts"}],"about":[{"href":"https:\/\/www.monempresarial.com\/ca\/wp-json\/wp\/v2\/types\/post"}],"author":[{"embeddable":true,"href":"https:\/\/www.monempresarial.com\/ca\/wp-json\/wp\/v2\/users\/1"}],"replies":[{"embeddable":true,"href":"https:\/\/www.monempresarial.com\/ca\/wp-json\/wp\/v2\/comments?post=19454"}],"version-history":[{"count":5,"href":"https:\/\/www.monempresarial.com\/ca\/wp-json\/wp\/v2\/posts\/19454\/revisions"}],"predecessor-version":[{"id":46174,"href":"https:\/\/www.monempresarial.com\/ca\/wp-json\/wp\/v2\/posts\/19454\/revisions\/46174"}],"wp:featuredmedia":[{"embeddable":true,"href":"https:\/\/www.monempresarial.com\/ca\/wp-json\/wp\/v2\/media\/19449"}],"wp:attachment":[{"href":"https:\/\/www.monempresarial.com\/ca\/wp-json\/wp\/v2\/media?parent=19454"}],"wp:term":[{"taxonomy":"category","embeddable":true,"href":"https:\/\/www.monempresarial.com\/ca\/wp-json\/wp\/v2\/categories?post=19454"},{"taxonomy":"post_tag","embeddable":true,"href":"https:\/\/www.monempresarial.com\/ca\/wp-json\/wp\/v2\/tags?post=19454"}],"curies":[{"name":"wp","href":"https:\/\/api.w.org\/{rel}","templated":true}]}}