{"id":19514,"date":"2018-11-22T10:53:23","date_gmt":"2018-11-22T09:53:23","guid":{"rendered":"http:\/\/www.monempresarial.com\/2018\/11\/22\/maria-dolores-dancausa-andreu-mas-colell-el-colegio-de-economistas-de-cataluna-y-el-circulo-de-economia-la-cita-anual-de-la-ingenieria\/"},"modified":"2025-06-06T10:19:09","modified_gmt":"2025-06-06T08:19:09","slug":"maria-dolores-dancausa-andreu-mas-colell-el-colegio-de-economistas-de-cataluna-y-el-circulo-de-economia-la-cita-anual-de-la-ingenieria","status":"publish","type":"post","link":"https:\/\/www.monempresarial.com\/ca\/2018\/11\/22\/maria-dolores-dancausa-andreu-mas-colell-el-colegio-de-economistas-de-cataluna-y-el-circulo-de-economia-la-cita-anual-de-la-ingenieria\/","title":{"rendered":"Mar\u00eda Dolores Dancausa, Andreu Mas-Colell, el Col\u00b7legi d\u2019Economistes de Catalunya i el Cercle d\u2019Economia, premis IEF a l\u2019Excel\u00b7l\u00e8ncia Financera."},"content":{"rendered":"<p><strong>L\u2019Auditori Planas de Barcelona va acollir el 19 de novembre l\u2019onzena edici\u00f3 dels guardons atorgats per l&#8217;Institut d&#8217;Estudis Financers (IEF) amb la pres\u00e8ncia de 150 directius financers. L\u2019acte va ser presidit pel Secretari General de la Vicepresid\u00e8ncia i d\u2019Economia i Hisenda, Albert Castellanos.<\/strong><\/p>\n<hr \/>\n<p>Recon\u00e8ixer persones i institucions exemplars que serveixin de model i de refer\u00e8ncia en un sector controvertit com \u00e9s el financer \u00e9s l\u2019objectiu que persegueixen els Premis IEF a l\u2019Excel\u00b7l\u00e8ncia Financera. Per aix\u00f2, en la seva onzena edici\u00f3, els guardons atorgats per l&#8217;Institut d&#8217;Estudis Financers (IEF) han volgut posar en valor la professionalitat de figures com la de la consellera delegada de Bankinter, Mar\u00eda Dolores Dancausa, l\u2019exconseller d\u2019Economia, Andreu Mas-Colell, el Cercle d\u2019Economia i el Col\u00b7legi d\u2019Economistes de Catalunya.<br \/>\n<img decoding=\"async\" loading=\"lazy\" class=\" wp-image-19510 alignleft\" src=\"https:\/\/www.monempresarial.com\/wp-content\/uploads\/2018\/11\/EduFinanciera_IEF-300x300-cat.jpg\" alt=\"\" width=\"335\" height=\"237\" srcset=\"https:\/\/www.monempresarial.com\/wp-content\/uploads\/2018\/11\/EduFinanciera_IEF-300x300-cat.jpg 3508w, https:\/\/www.monempresarial.com\/wp-content\/uploads\/2018\/11\/EduFinanciera_IEF-300x300-cat-300x212.jpg 300w, https:\/\/www.monempresarial.com\/wp-content\/uploads\/2018\/11\/EduFinanciera_IEF-300x300-cat-1024x724.jpg 1024w, https:\/\/www.monempresarial.com\/wp-content\/uploads\/2018\/11\/EduFinanciera_IEF-300x300-cat-300x212@2x.jpg 600w, https:\/\/www.monempresarial.com\/wp-content\/uploads\/2018\/11\/EduFinanciera_IEF-300x300-cat-1024x724@2x.jpg 2048w\" sizes=\"(max-width: 335px) 100vw, 335px\" \/><br \/>\nEn una cerim\u00f2nia celebrada el 19 de novembre a l\u2019Auditori Planas de Barcelona i en pres\u00e8ncia de 150 directius financers, Dancausa va rebre el guard\u00f3 com a reconeixement a la seva carrera professional i a la seva notable traject\u00f2ria a Bankinter durant els anys de crisi financera, on ha destacat per la innovaci\u00f3 i l\u2019alta reputaci\u00f3 en el sector directiu i bancari. Dancausa va assegurar en rebre el premi que la seva tasca al capdavant de Bankinter ha passat per \u201cgestionar una entitat capa\u00e7 de superar els reptes que presenta el sector financer\u201d. Uns reptes que, segons la consellera delegada de Bankinter, passen per adaptar-se a la revoluci\u00f3 tecnol\u00f2gica i combatre \u201cl\u2019auge de la ind\u00fastria del frau\u201d que pateix el sector bancari i les grans empreses en mans de determinats despatxos d\u2019advocats. Dancausa, tamb\u00e9 va voler aprofitar l\u2019avinentesa per remarcar la import\u00e0ncia que t\u00e9 l\u2019educaci\u00f3 financera per aconseguir una societat lliure.<br \/>\nPer la seva banda, Andreu Mas-Colell (premi a la Carrera Acad\u00e8mica) va voler destacar la necessitat de formar en mat\u00e8ria financera, no nom\u00e9s els professionals del sector financer, sin\u00f3 tota la ciutadania. \u201cCom a societat no ens en sortirem si tots els ciutadans no tenim un m\u00ednim d\u2019enteniment dels termes i de la l\u00f2gica financera\u201d va assegurar l\u2019exconseller d\u2019Economia.<\/p>\n<h2 style=\"padding-left: 30px;\"><span style=\"color: #619a88;\">Dancausa va rebre el guard\u00f3 com a reconeixement a la seva carrera professional i a la seva notable traject\u00f2ria a Bankinter durant els anys de crisi financera, on ha destacat per la innovaci\u00f3 i l\u2019alta reputaci\u00f3 en el sector directiu i bancari.<\/span><\/h2>\n<p>L\u2019onzena edici\u00f3 dels Premis IEF a l\u2019Excel\u00b7l\u00e8ncia Financera tamb\u00e9 van recon\u00e8ixer el 3r Congr\u00e9s d\u2019Economia i Empresa del Col\u00b7legi d\u2019Economistes de Catalunya amb el premi en Divulgaci\u00f3. Van recollir el guard\u00f3 l\u2019exdeg\u00e0 del Col\u00b7legi d\u2019Economistes i president del comit\u00e8 organitzador del Congr\u00e9s, Joan B. Casas, i el deg\u00e0 del Col\u00b7legi d\u2019Economistes, Anton Gasol. Tots dos van qualificar la distinci\u00f3 de \u201cpremi compartit\u201d entre els m\u00e9s de 400 professionals que van aportar el seu gra de sorra per fer possible que el Congr\u00e9s d\u2019Economia i Empresa es convert\u00eds en una eina \u00fatil i de servei p\u00fablic per al pa\u00eds.<br \/>\nFinalment, Jordi Alberich, antic director general del Cercle d\u2019Economia, va ser l\u2019encarregat de recollir el premi IEF a l\u2019Excel\u00b7l\u00e8ncia Financera en Comunicaci\u00f3 atorgat al Cercle d\u2019Economia per la rellevant aportaci\u00f3 a la informaci\u00f3 econ\u00f2mica i financera. Durant la seva intervenci\u00f3, Alberich va reivindicar l\u2019economia oberta i inclusiva com una eina fonamental per a la creaci\u00f3 d\u2019una societat pr\u00f2spera i lliure en plena integraci\u00f3 a la Uni\u00f3 Europea.<br \/>\nVa presidir la cerim\u00f2nia dels IX premis IEF a l\u2019Excel\u00b7l\u00e8ncia Financera el secretari general de la Vicepresid\u00e8ncia i d\u2019Economia i Hisenda, Albert Castellanos, qui va voler reivindicar durant la seva intervenci\u00f3 l\u2019excel\u00b7l\u00e8ncia i la professionalitat com les millors eines per recuperar la reputaci\u00f3 del sector financer.<\/p>\n","protected":false},"excerpt":{"rendered":"<p>L\u2019Auditori Planas de Barcelona va acollir el 19 de novembre l\u2019onzena edici\u00f3 dels guardons atorgats per l&#8217;Institut d&#8217;Estudis Financers (IEF) amb la pres\u00e8ncia de 150 directius financers. L\u2019acte va ser presidit pel Secretari General de la Vicepresid\u00e8ncia i d\u2019Economia i Hisenda, Albert Castellanos. Recon\u00e8ixer persones i institucions exemplars que serveixin de model i de refer\u00e8ncia [&hellip;]<\/p>\n","protected":false},"author":1,"featured_media":19513,"comment_status":"closed","ping_status":"closed","sticky":false,"template":"","format":"standard","meta":{"_mi_skip_tracking":false,"mc4wp_mailchimp_campaign":[],"jnews-multi-image_gallery":[],"jnews_single_post":[],"jnews_primary_category":[]},"categories":[5694,10820,10821,10825,10],"tags":[7526,10900,113,181,265,5153,6091],"_links":{"self":[{"href":"https:\/\/www.monempresarial.com\/ca\/wp-json\/wp\/v2\/posts\/19514"}],"collection":[{"href":"https:\/\/www.monempresarial.com\/ca\/wp-json\/wp\/v2\/posts"}],"about":[{"href":"https:\/\/www.monempresarial.com\/ca\/wp-json\/wp\/v2\/types\/post"}],"author":[{"embeddable":true,"href":"https:\/\/www.monempresarial.com\/ca\/wp-json\/wp\/v2\/users\/1"}],"replies":[{"embeddable":true,"href":"https:\/\/www.monempresarial.com\/ca\/wp-json\/wp\/v2\/comments?post=19514"}],"version-history":[{"count":1,"href":"https:\/\/www.monempresarial.com\/ca\/wp-json\/wp\/v2\/posts\/19514\/revisions"}],"predecessor-version":[{"id":46173,"href":"https:\/\/www.monempresarial.com\/ca\/wp-json\/wp\/v2\/posts\/19514\/revisions\/46173"}],"wp:featuredmedia":[{"embeddable":true,"href":"https:\/\/www.monempresarial.com\/ca\/wp-json\/wp\/v2\/media\/19513"}],"wp:attachment":[{"href":"https:\/\/www.monempresarial.com\/ca\/wp-json\/wp\/v2\/media?parent=19514"}],"wp:term":[{"taxonomy":"category","embeddable":true,"href":"https:\/\/www.monempresarial.com\/ca\/wp-json\/wp\/v2\/categories?post=19514"},{"taxonomy":"post_tag","embeddable":true,"href":"https:\/\/www.monempresarial.com\/ca\/wp-json\/wp\/v2\/tags?post=19514"}],"curies":[{"name":"wp","href":"https:\/\/api.w.org\/{rel}","templated":true}]}}