{"id":19556,"date":"2018-11-25T09:00:05","date_gmt":"2018-11-25T08:00:05","guid":{"rendered":"http:\/\/www.monempresarial.com\/?p=19556"},"modified":"2025-09-25T08:34:12","modified_gmt":"2025-09-25T06:34:12","slug":"ciudades-inteligentes-en-europa-como-se-transforman","status":"publish","type":"post","link":"https:\/\/www.monempresarial.com\/ca\/2018\/11\/25\/ciudades-inteligentes-en-europa-como-se-transforman\/","title":{"rendered":"Ciutats intel\u00b7ligents a Europa:  <\/span>com es transformen?"},"content":{"rendered":"<p><strong>El 78% dels europeus viuen en ciutats, on tamb\u00e9 s&#8217;hi genera el 85% del PIB dels Vint-i-vuit. I ara \u00e9s on la Uni\u00f3 Europea vol centrar tamb\u00e9 la lluita contra el canvi clim\u00e0tic cap a una transici\u00f3 energ\u00e8tica i cap a una economia m\u00e9s competitiva. La UE va aprovar recentment uns estrictes requisits per a millorar la import\u00e0ncia de les energies renovables en una d\u00e8cada. Per\u00f2 la pres\u00e8ncia d&#8217;una economia m\u00e9s verda passa necess\u00e0riament per ciutats tamb\u00e9 m\u00e9s sostenibles. Per aix\u00f2, entre els seus objectius, tamb\u00e9 vol potenciar les conegudes com <em>Smart Cities<\/em>.<\/strong><\/p>\n<h4>Text: <a style=\"color: #719f8c;\" href=\"http:\/\/monempresarial.com\/author\/eherrera\/\">Esther Herrera<\/a><\/h4>\n<hr \/>\n<p>Aquest tipus de ciutats ofereixen serveis m\u00e9s eficients gr\u00e0cies a les tecnologies digitals i de telecomunicacions. &#8220;Es tracta de fer un millor \u00fas dels recursos i que hi hagi menys emissions&#8221;, expliquen des de la Comissi\u00f3 Europea. Significa xarxes de transport urb\u00e0 intel\u00b7ligents, millorar el subministrament d&#8217;aigua d&#8217;eliminaci\u00f3 de residus o tamb\u00e9 aplicar il\u00b7luminaci\u00f3 m\u00e9s eficient dels edificis gr\u00e0cies a l&#8217;energia solar o sistemes de calefacci\u00f3 i refrigeraci\u00f3 menys contaminants.<br \/>\nMillorar les infraestructures, les tecnologies i els serveis, com el transport, d&#8217;una forma &#8216;intel\u00b7ligent&#8217; pot tenir un gran impacte en &#8220;la qualitat de vida, la competitivitat i la sostenibilitat de les ciutats&#8221;, explica l&#8217;Executiu. Segons c\u00e0lculs comunitaris, l&#8217;any 2020, el potencial creixement que pot tenir per a l&#8217;economia global la inversi\u00f3 en ciutats intel\u00b7ligents \u00e9s de 1.300 bilions d&#8217;euros. Tanmateix, la fragmentaci\u00f3 del mercat provoca que no es pugui arribar a aquest potencial, lamenten des de la instituci\u00f3, per aix\u00f2 van voler donar suport a una iniciativa en qu\u00e8 tothom qui vulgui involucrar-se en les ciutats intel\u00b7ligents ho pugui fer, sense haver de dependre de les excessives restriccions dels pressupostos dels pa\u00efsos.<\/p>\n<blockquote>\n<h2><span style=\"color: #719f8c;\">Catherine Sabbah, experta del <em>think tank <\/em>German Marshall Fund, considera positiu que hi hagi projectes que estiguin connectats amb el sector privat, per\u00f2 &#8220;el m\u00e9s rellevant i natural hauria de ser la implicaci\u00f3 del sector p\u00fablic, i especialment de les universitats&#8221;<\/span><\/h2>\n<\/blockquote>\n<p><span style=\"color: #719f8c;\"><strong>Una alian\u00e7a que suma<\/strong><\/span><br \/>\nAix\u00ed, el 2012, l&#8217;Executiu comunitari va donar suport a la creaci\u00f3 de l&#8217;Alian\u00e7a Europea per a la Innovaci\u00f3 de les Ciutats Intel\u00b7ligents i les Comunitats (EIP-SCC, en les seves sigles en angl\u00e8s), perqu\u00e8 les ciutats compleixin amb els coneguts com a objectius 2020: reducci\u00f3 del 20% d&#8217;emissions de CO2, increment d&#8217;un 20% d&#8217;energia el\u00e8ctrica renovable i un augment del 20% del transport p\u00fablic sostenible en les ciutats. Totes les ciutats que vulguin formar part del projecte es reuneixen en aquesta alian\u00e7a, en qu\u00e8 hi participen empreses del sector, ind\u00fastria, empreses de recerca i entitats que poden oferir finan\u00e7ament, com el Banc Europeu d&#8217;Inversi\u00f3 (BEI), la Comissi\u00f3 Europea, bancs comercials o institucions nacionals de finan\u00e7ament. L&#8217;\u00faltima trobada va ser el passat juny a Sofia (Bulg\u00e0ria) on es van reunir per compartir bones pr\u00e0ctiques o idees sobre com continuar desenvolupant les ciutats intel\u00b7ligents. Actualment, l&#8217;Alian\u00e7a compta amb 6.000 membres de 31 pa\u00efsos diferents (tots els de la UE, i tamb\u00e9 Alb\u00e0nia, Turquia i B\u00f2snia-Hercegovina). Entre els \u00faltims projectes aprovats, per exemple, es troba la creaci\u00f3 d&#8217;estacions per carregar els cotxes el\u00e8ctrics a la ciutat de Barcelona, amb un pressupost d&#8217;un mili\u00f3 d&#8217;euros. Els projectes que s&#8217;aproven poden ser amb fons p\u00fablics i\/o privats, segones les necessitats de cada ciutat.<img decoding=\"async\" loading=\"lazy\" class=\" wp-image-19551 alignright\" src=\"https:\/\/www.monempresarial.com\/wp-content\/uploads\/2018\/11\/ilustraci\u00f3n-1.jpg\" alt=\"\" width=\"157\" height=\"195\" \/><br \/>\nCatherine Sabbah, experta del <em>think tank<\/em> German Marshall Fund, considera positiu que hi hagi projectes que estiguin connectats amb el sector privat, per\u00f2 &#8220;el m\u00e9s rellevant i natural hauria de ser la implicaci\u00f3 del sector p\u00fablic, i especialment de les universitats&#8221;, defensa. Segons Sabbah, les universitats permeten &#8220;ajudar el sector p\u00fablic a utilitzar la tecnologia, i no nom\u00e9s sota una \u00f2ptica de l\u00f2gica comercial, i aix\u00f2 permet que la tecnologia intel\u00b7ligent sigui en benefici dels ciutadans&#8221;. Alhora, tamb\u00e9 considera que s&#8217;ha de fer una difer\u00e8ncia: &#8220;Sembla que totes les ciutats s\u00f3n intel\u00b7ligents perqu\u00e8 inclouen disseny o utilitzen intel\u00b7lig\u00e8ncia artificial&#8221;, explica Sabbah. Segons l&#8217;experta, les ciutats han de ser considerades &#8220;intel\u00b7ligents&#8221; quan &#8220;s\u2019hi produeixi una veritable transformaci\u00f3 gr\u00e0cies a tots els serveis&#8221;.<\/p>\n<blockquote>\n<h2><span style=\"color: #719f8c;\">Un dels majors riscos que afecten el desenvolupament de les Smart Cities, \u00e9s que &#8220;tenen pocs incentius&#8221; a l&#8217;hora d&#8217;aplicar les noves tecnologies, ja que &#8220;han d&#8217;assumir les p\u00e8rdues&#8221; en cas d&#8217;un frac\u00e0s. (Joshua New, expert del think tank Center for Data Innovation)<\/span><\/h2>\n<\/blockquote>\n<p><span style=\"color: #719f8c;\"><strong>Riscos<\/strong><\/span><br \/>\nPer la seva banda, Joshua New, expert del <em>think tank<\/em> Center for Data Innovation, alerta que un dels majors riscos que afecten el desenvolupament de les <em>Smart Cities<\/em>, \u00e9s que &#8220;tenen pocs incentius&#8221; a l&#8217;hora d&#8217;aplicar les noves tecnologies, ja que &#8220;han d&#8217;assumir les p\u00e8rdues&#8221; en cas d&#8217;un frac\u00e0s, per aix\u00f2 creu que \u00e9s necessari que s&#8217;inverteixi m\u00e9s en R+D. Per\u00f2 tamb\u00e9 recorda els \u00e8xits que dona la ciutat, i posa com a exemple el cas de Santander, que &#8220;ha estat capa\u00e7 de reduir un 25% els costos de la llum, implementant sem\u00e0fors que s&#8217;apaguen quan detecten que no hi ha cap cotxe&#8221;. I recorda que &#8220;els governs nacionals han de recon\u00e8ixer que les ciutats no poden actuar soles en la transici\u00f3 cap a ciutats intel\u00b7ligents&#8221;. Per aix\u00f2, creu que &#8220;les lleis nacionals que complementin iniciatives municipals podrien ajudar en el lideratge pel desenvolupament de ciutats intel\u00b7ligents&#8221;, argumenta.<\/p>\n<p><img decoding=\"async\" loading=\"lazy\" class=\"aligncenter wp-image-19559 size-full\" src=\"https:\/\/www.monempresarial.com\/wp-content\/uploads\/2018\/11\/cuadro-1-cat.jpg\" alt=\"\" width=\"800\" height=\"432\" srcset=\"https:\/\/www.monempresarial.com\/wp-content\/uploads\/2018\/11\/cuadro-1-cat.jpg 800w, https:\/\/www.monempresarial.com\/wp-content\/uploads\/2018\/11\/cuadro-1-cat-300x162.jpg 300w, https:\/\/www.monempresarial.com\/wp-content\/uploads\/2018\/11\/cuadro-1-cat-300x162@2x.jpg 600w\" sizes=\"(max-width: 800px) 100vw, 800px\" \/><\/p>\n","protected":false},"excerpt":{"rendered":"<p>El 78% dels europeus viuen en ciutats, on tamb\u00e9 s&#8217;hi genera el 85% del PIB dels Vint-i-vuit. I ara \u00e9s on la Uni\u00f3 Europea vol centrar tamb\u00e9 la lluita contra el canvi clim\u00e0tic cap a una transici\u00f3 energ\u00e8tica i cap a una economia m\u00e9s competitiva. La UE va aprovar recentment uns estrictes requisits per a [&hellip;]<\/p>\n","protected":false},"author":1,"featured_media":19554,"comment_status":"closed","ping_status":"closed","sticky":false,"template":"","format":"standard","meta":{"_mi_skip_tracking":false,"mc4wp_mailchimp_campaign":[],"jnews-multi-image_gallery":[],"jnews_single_post":[],"jnews_primary_category":[]},"categories":[10839,9,10815,10843,19],"tags":[113,611,3635],"_links":{"self":[{"href":"https:\/\/www.monempresarial.com\/ca\/wp-json\/wp\/v2\/posts\/19556"}],"collection":[{"href":"https:\/\/www.monempresarial.com\/ca\/wp-json\/wp\/v2\/posts"}],"about":[{"href":"https:\/\/www.monempresarial.com\/ca\/wp-json\/wp\/v2\/types\/post"}],"author":[{"embeddable":true,"href":"https:\/\/www.monempresarial.com\/ca\/wp-json\/wp\/v2\/users\/1"}],"replies":[{"embeddable":true,"href":"https:\/\/www.monempresarial.com\/ca\/wp-json\/wp\/v2\/comments?post=19556"}],"version-history":[{"count":1,"href":"https:\/\/www.monempresarial.com\/ca\/wp-json\/wp\/v2\/posts\/19556\/revisions"}],"predecessor-version":[{"id":47796,"href":"https:\/\/www.monempresarial.com\/ca\/wp-json\/wp\/v2\/posts\/19556\/revisions\/47796"}],"wp:featuredmedia":[{"embeddable":true,"href":"https:\/\/www.monempresarial.com\/ca\/wp-json\/wp\/v2\/media\/19554"}],"wp:attachment":[{"href":"https:\/\/www.monempresarial.com\/ca\/wp-json\/wp\/v2\/media?parent=19556"}],"wp:term":[{"taxonomy":"category","embeddable":true,"href":"https:\/\/www.monempresarial.com\/ca\/wp-json\/wp\/v2\/categories?post=19556"},{"taxonomy":"post_tag","embeddable":true,"href":"https:\/\/www.monempresarial.com\/ca\/wp-json\/wp\/v2\/tags?post=19556"}],"curies":[{"name":"wp","href":"https:\/\/api.w.org\/{rel}","templated":true}]}}