{"id":19612,"date":"2018-12-10T09:00:12","date_gmt":"2018-12-10T08:00:12","guid":{"rendered":"http:\/\/www.monempresarial.com\/?p=19612"},"modified":"2025-09-24T12:10:21","modified_gmt":"2025-09-24T10:10:21","slug":"smart-city-y-empresa","status":"publish","type":"post","link":"https:\/\/www.monempresarial.com\/ca\/2018\/12\/10\/smart-city-y-empresa\/","title":{"rendered":"Smart City un desafiament nom\u00e9s empresarial?"},"content":{"rendered":"<p><strong>Estan preparades les empreses espanyoles per fer front al repte que suposa desenvolupar-se en un entorn <em>Smart City<\/em>? Quins reptes de futur els comportar\u00e0 aquest model de ciutat?<\/strong><\/p>\n<h4><img decoding=\"async\" loading=\"lazy\" class=\"wp-image-19597 size-full alignleft\" src=\"https:\/\/www.monempresarial.com\/wp-content\/uploads\/2018\/11\/fotoAndreu.jpg\" alt=\"\" width=\"397\" height=\"348\" srcset=\"https:\/\/www.monempresarial.com\/wp-content\/uploads\/2018\/11\/fotoAndreu.jpg 397w, https:\/\/www.monempresarial.com\/wp-content\/uploads\/2018\/11\/fotoAndreu-300x263.jpg 300w\" sizes=\"(max-width: 397px) 100vw, 397px\" \/><\/h4>\n<h4><span style=\"color: #88576b; text-transform: uppercase;\"><strong>ANDREU VE\u00c1.<\/strong><\/span><strong> Pioner d\u2019Internet,\u00a0 enginyer en Telecomunicacions, Doctor enginyer en Electr\u00f2nica y M\u00e0ster en Gesti\u00f3 TIC. Director del projecte WiWiW a la Universitat d\u2019Stanford.<\/strong><\/h4>\n<hr style=\"color: #b72126;\" \/>\n<p>Vist des del punt de vista de Calif\u00f2rnia i Silicon Valley, el primer que em sorpr\u00e8n \u00e9s que per a la paraula <em>smart<\/em>, de les m\u00e9s de 20 accepcions equivalents que hi ha en el nostre idioma, s&#8217;hagi triat precisament la paraula &#8220;intel\u00b7ligent&#8221;. Una ciutat pot ser m\u00e9s espavilada, menys ximple, una mica m\u00e9s brillant, per\u00f2 mai &#8220;intel\u00b7ligent&#8221;.<br \/>\nPel que fa a la meva visi\u00f3 del futur relativament immediat, vistos i viscuts els nous \u00e8xits tecnol\u00f2gics, puc afirmar sense gaire por a equivocar-me que &#8220;tot el que es pugui robotitzar i automatitzar es robotizar\u00e0&#8221;. El gran repte, llavors, no \u00e9s \u00fanicament per a les empreses espanyoles, sin\u00f3 en general per a tots els homes. Com a humanitat haurem de tornar a repensar qu\u00e8 fer a la vida i a qu\u00e8 dedicar-nos, quan el que entenem ara per treball ja no sigui necessari, entenent aqu\u00ed per treball totes aquestes tasques repetitives i f\u00edsicament dures que s&#8217;eliminaran (etimol\u00f2gicament treball ve del vocable &#8220;tripalio &#8220;que era el fuet de tres caps usat pels romans per fer que els esclaus treballessin m\u00e9s).<\/p>\n<blockquote>\n<h2><span style=\"color: #602d11;\">Dubto que hi hagi cap empresa, ja no a Espanya sin\u00f3 a tot el m\u00f3n, preparada i que s&#8217;imagini la import\u00e0ncia del canvi que s&#8217;esdevindr\u00e0<\/span><\/h2>\n<\/blockquote>\n<p>En alguns punts de la terra ja comencen a repartir-se les pizzes amb dispositius rob\u00f2tics, els camions de transport de mercaderies funcionen en combois de cinc, sense conductor algun, i els cotxes s\u00f3n completament el\u00e8ctrics. Es comencen a veure en diverses ciutats dels autobusos de transport p\u00fablic autodirigits.<br \/>\nDubto que hi hagi cap empresa, ja no a Espanya sin\u00f3 a tot el m\u00f3n, preparada i que s&#8217;imagini la import\u00e0ncia del canvi que s&#8217;esdevindr\u00e0.<\/p>\n<p><strong>Una disrupci\u00f3 imparable<\/strong><strong><img decoding=\"async\" loading=\"lazy\" class=\"wp-image-19601 size-full alignright\" src=\"https:\/\/www.monempresarial.com\/wp-content\/uploads\/2018\/11\/ilustracion-1-1.jpg\" alt=\"\" width=\"174\" height=\"210\" \/><\/strong><br \/>\nQuan un sector (a causa de la nova tecnologia), com \u00e9s el cas del del transport o el de l&#8217;energia, divideix per 10 els seus costos o multiplica per 10 la seva efici\u00e8ncia, no hi ha cap regulaci\u00f3 ni cap llei que pugui aturar-ne el canvi; parlem d&#8217;una gran disrupci\u00f3, i el mercat l&#8217;adopta r\u00e0pidament. Es van trigar nom\u00e9s 3 anys (1998-2001) perqu\u00e8 la fotografia, que des de feia 150 anys era anal\u00f2gica es torn\u00e9s digital. Quan vam disfressar un ordinador de c\u00e0mera de fotos, van desapar\u00e8ixer les antigues c\u00e0meres. Quan ho vam fer amb un ordinador en forma de tel\u00e8fon m\u00f2bil (iPhone-2007), van desapar\u00e8ixer en menys de dos anys els tel\u00e8fons m\u00f2bils cl\u00e0ssics. I ara toca disfressar un cotxe en forma d&#8217;ordinador, i aquest ser\u00e0 el\u00e8ctric i aut\u00f2nom. No \u00e9s el mateix carregar el dip\u00f2sit amb 50 \u20ac de benzina que carregar per cinc euros completament la nostra bateria.<br \/>\nSens dubte s&#8217;acosten temps molt bons per al ciutad\u00e0 en qu\u00e8 ser\u00e0 molt m\u00e9s c\u00f2mode, ecol\u00f2gic i, sobretot, barat viure i desenvolupar-se. No obstant aix\u00f2, no \u00e9s aix\u00ed per als grans interessos creats en el\u00e8ctriques o empreses d&#8217;autom\u00f2bils cl\u00e0ssiques.<\/p>\n","protected":false},"excerpt":{"rendered":"<p>Estan preparades les empreses espanyoles per fer front al repte que suposa desenvolupar-se en un entorn Smart City? Quins reptes de futur els comportar\u00e0 aquest model de ciutat?<\/p>\n","protected":false},"author":1,"featured_media":19610,"comment_status":"closed","ping_status":"closed","sticky":false,"template":"","format":"standard","meta":{"_mi_skip_tracking":false,"mc4wp_mailchimp_campaign":[],"jnews-multi-image_gallery":[],"jnews_single_post":[],"jnews_primary_category":[]},"categories":[32,10816,10848,13],"tags":[180,738,931,7562],"_links":{"self":[{"href":"https:\/\/www.monempresarial.com\/ca\/wp-json\/wp\/v2\/posts\/19612"}],"collection":[{"href":"https:\/\/www.monempresarial.com\/ca\/wp-json\/wp\/v2\/posts"}],"about":[{"href":"https:\/\/www.monempresarial.com\/ca\/wp-json\/wp\/v2\/types\/post"}],"author":[{"embeddable":true,"href":"https:\/\/www.monempresarial.com\/ca\/wp-json\/wp\/v2\/users\/1"}],"replies":[{"embeddable":true,"href":"https:\/\/www.monempresarial.com\/ca\/wp-json\/wp\/v2\/comments?post=19612"}],"version-history":[{"count":1,"href":"https:\/\/www.monempresarial.com\/ca\/wp-json\/wp\/v2\/posts\/19612\/revisions"}],"predecessor-version":[{"id":47785,"href":"https:\/\/www.monempresarial.com\/ca\/wp-json\/wp\/v2\/posts\/19612\/revisions\/47785"}],"wp:featuredmedia":[{"embeddable":true,"href":"https:\/\/www.monempresarial.com\/ca\/wp-json\/wp\/v2\/media\/19610"}],"wp:attachment":[{"href":"https:\/\/www.monempresarial.com\/ca\/wp-json\/wp\/v2\/media?parent=19612"}],"wp:term":[{"taxonomy":"category","embeddable":true,"href":"https:\/\/www.monempresarial.com\/ca\/wp-json\/wp\/v2\/categories?post=19612"},{"taxonomy":"post_tag","embeddable":true,"href":"https:\/\/www.monempresarial.com\/ca\/wp-json\/wp\/v2\/tags?post=19612"}],"curies":[{"name":"wp","href":"https:\/\/api.w.org\/{rel}","templated":true}]}}