{"id":19617,"date":"2018-12-05T09:00:30","date_gmt":"2018-12-05T08:00:30","guid":{"rendered":"http:\/\/www.monempresarial.com\/?p=19617"},"modified":"2025-09-24T12:10:52","modified_gmt":"2025-09-24T10:10:52","slug":"el-plan-estrategico-de-innovacion-tecnologica-pieza-clave-para-avanzar-en-la-transformacion-de-malaga","status":"publish","type":"post","link":"https:\/\/www.monempresarial.com\/ca\/2018\/12\/05\/el-plan-estrategico-de-innovacion-tecnologica-pieza-clave-para-avanzar-en-la-transformacion-de-malaga\/","title":{"rendered":"El Pla Estrat\u00e8gic d\u2019Innovaci\u00f3 Tecnol\u00f2gica. Pe\u00e7a clau per avan\u00e7ar en la transformaci\u00f3 de M\u00e0laga"},"content":{"rendered":"<p><strong>L&#8217;Ajuntament de M\u00e0laga, en el seu comprom\u00eds per la innovaci\u00f3 i la transformaci\u00f3 de la ciutat, ha treballat durant m\u00e9s d&#8217;un any i mig en la redacci\u00f3 del Pla Estrat\u00e8gic d&#8217;Innovaci\u00f3 Tecnol\u00f2gica 2018\/2022, que pret\u00e9n servir de guia per coordinar, integrar i alinear totes aquelles actuacions iniciades, en desenvolupament o futures, en l&#8217;\u00e0mbit de la innovaci\u00f3 tecnol\u00f2gica a la ciutat de M\u00e0laga.<\/strong><\/p>\n<h4><img decoding=\"async\" loading=\"lazy\" class=\"wp-image-19606 alignleft\" src=\"http:\/\/www.monempresarial.com\/wp-content\/uploads\/2018\/12\/MARIO-CORT\u00c9S.jpg\" alt=\"\" width=\"345\" height=\"518\" srcset=\"https:\/\/www.monempresarial.com\/wp-content\/uploads\/2018\/12\/MARIO-CORT\u00c9S.jpg 1320w, https:\/\/www.monempresarial.com\/wp-content\/uploads\/2018\/12\/MARIO-CORT\u00c9S-200x300.jpg 200w, https:\/\/www.monempresarial.com\/wp-content\/uploads\/2018\/12\/MARIO-CORT\u00c9S-683x1024.jpg 683w, https:\/\/www.monempresarial.com\/wp-content\/uploads\/2018\/12\/MARIO-CORT\u00c9S-200x300@2x.jpg 400w\" sizes=\"(max-width: 345px) 100vw, 345px\" \/><\/h4>\n<h4><span style=\"color: #88576b; text-transform: uppercase;\"><strong>MARIO CORT\u00c9S CARBALLO.<\/strong><\/span><strong> Tinent d\u2019alcalde de l\u2019Ajuntament de M\u00e0laga, responsable d\u2019Innovaci\u00f3 i Noves Tecnologies.<\/strong><\/h4>\n<hr style=\"color: #b72126;\" \/>\n<p>Aquest pla es basa en la idea que la innovaci\u00f3 \u00e9s una pe\u00e7a clau per a la transformaci\u00f3 dels territoris i, la seva aplicaci\u00f3 de forma transversal, fa possible aven\u00e7os no nom\u00e9s estrictament tecnol\u00f2gics sin\u00f3 en aspectes tan interessants i necessaris com el social o el cultural.<\/p>\n<p><strong>M\u00e9s de 200 projectes<\/strong><br \/>\nEl prop\u00f2sit d&#8217;aquest full de ruta iniciat per la nostra ciutat \u00e9s impulsar la investigaci\u00f3, el coneixement i l&#8217;\u00fas de les noves tecnologies per posicionar M\u00e0laga com a referent de modernitzaci\u00f3 i d&#8217;innovaci\u00f3. Es tracta d&#8217;una estrat\u00e8gia enquadrada en sis eixos tem\u00e0tics, l&#8217;objectiu final de la qual \u00e9s el canvi en la forma de vida i la percepci\u00f3 de l&#8217;entorn dels nostres ve\u00efns i ve\u00efnes. Aquests eixos es tradueixen en un Pla d&#8217;Acci\u00f3 amb 204 projectes concrets i un pressupost aproximat de 155 milions d&#8217;euros, dels quals m\u00e9s del 75% seran sufragats per fons \u00edntegrament municipals.<br \/>\nEntre els objectius espec\u00edfics del pla hi ha el balan\u00e7 energ\u00e8tic zero, el tractament dels residus i de l&#8217;aigua i la mobilitat sostenible -vehicles compartits, intel\u00b7lig\u00e8ncia artificial aplicada al control de tr\u00e0nsit i una major aposta pels vehicles el\u00e8ctrics, entre altres mesures-. El full de ruta tra\u00e7at tamb\u00e9 inclou mesures per a atreure capital inversor i espais inspiradors com el Pol de Continguts Digitals, que ja \u00e9s una realitat.<\/p>\n<blockquote>\n<h2><span style=\"color: #602d11;\">Entre els objectius espec\u00edfics del pla hi ha el balan\u00e7 energ\u00e8tic zero, el tractament dels residus i de l&#8217;aigua i la mobilitat sostenible: vehicles compartits, intel\u00b7lig\u00e8ncia artificial aplicada al control de tr\u00e0nsit i una major aposta pels vehicles el\u00e8ctrics, entre altres mesures<\/span><\/h2>\n<\/blockquote>\n<p>Menci\u00f3 especial mereixen innovacions que repercutiran d&#8217;una forma palpable en la millora de la qualitat de vida, com la telemonitoritzaci\u00f3 assistencial per a persones dependents o que visquin soles, un dispositiu electr\u00f2nic tipus polsera per a la localitzaci\u00f3 de persones en zones amb alta aflu\u00e8ncia de p\u00fablic o projectes d&#8217;alfabetitzaci\u00f3 digital per a diferents col\u00b7lectius ciutadans.<br \/>\nPer fer tot aix\u00f2 possible, no hem d&#8217;oblidar que s\u00f3n necess\u00e0ries unes noves infraestructures, tant en mat\u00e8ria de comunicacions, amb una clara aposta pel 5G i loT, aix\u00ed com per a la gesti\u00f3 i l\u2019an\u00e0lisi de la ingent quantitat de dades que es generen di\u00e0riament a la ciutat<\/p>\n<p><strong>Un repte transformador<\/strong><br \/>\nEl Pla Estrat\u00e8gic d&#8217;Innovaci\u00f3 Tecnol\u00f2gica 2018\/2022 \u00e9s, en definitiva, un gran repte per transformar de forma significativa la manera de vida dels malaguenys -m\u00e9s enll\u00e0 de la seva edat i formaci\u00f3-, aix\u00ed com la seva relaci\u00f3 amb l&#8217;Ajuntament, i per dotar-los de nous serveis que faran la seva vida m\u00e9s c\u00f2moda, f\u00e0cil, segura.<\/p>\n<p><img decoding=\"async\" loading=\"lazy\" class=\"aligncenter wp-image-19625 \" src=\"http:\/\/www.monempresarial.com\/wp-content\/uploads\/2018\/12\/cuadro-m\u00e1laga-cat.jpg\" alt=\"\" width=\"689\" height=\"463\" srcset=\"https:\/\/www.monempresarial.com\/wp-content\/uploads\/2018\/12\/cuadro-m\u00e1laga-cat.jpg 857w, https:\/\/www.monempresarial.com\/wp-content\/uploads\/2018\/12\/cuadro-m\u00e1laga-cat-300x202.jpg 300w, https:\/\/www.monempresarial.com\/wp-content\/uploads\/2018\/12\/cuadro-m\u00e1laga-cat-300x202@2x.jpg 600w\" sizes=\"(max-width: 689px) 100vw, 689px\" \/><\/p>\n","protected":false},"excerpt":{"rendered":"<p>L&#8217;Ajuntament de M\u00e0laga, en el seu comprom\u00eds per la innovaci\u00f3 i la transformaci\u00f3 de la ciutat, ha treballat durant m\u00e9s d&#8217;un any i mig en la redacci\u00f3 del Pla Estrat\u00e8gic d&#8217;Innovaci\u00f3 Tecnol\u00f2gica 2018\/2022, que pret\u00e9n servir de guia per coordinar, integrar i alinear totes aquelles actuacions iniciades, en desenvolupament o futures, en l&#8217;\u00e0mbit de la innovaci\u00f3 tecnol\u00f2gica a la ciutat de M\u00e0laga.<\/p>\n","protected":false},"author":1,"featured_media":19608,"comment_status":"open","ping_status":"open","sticky":false,"template":"","format":"standard","meta":{"_mi_skip_tracking":false,"mc4wp_mailchimp_campaign":[],"jnews-multi-image_gallery":[],"jnews_single_post":[],"jnews_primary_category":[]},"categories":[32,9,10816,10848,12],"tags":[1125,7563,7568,181,931],"_links":{"self":[{"href":"https:\/\/www.monempresarial.com\/ca\/wp-json\/wp\/v2\/posts\/19617"}],"collection":[{"href":"https:\/\/www.monempresarial.com\/ca\/wp-json\/wp\/v2\/posts"}],"about":[{"href":"https:\/\/www.monempresarial.com\/ca\/wp-json\/wp\/v2\/types\/post"}],"author":[{"embeddable":true,"href":"https:\/\/www.monempresarial.com\/ca\/wp-json\/wp\/v2\/users\/1"}],"replies":[{"embeddable":true,"href":"https:\/\/www.monempresarial.com\/ca\/wp-json\/wp\/v2\/comments?post=19617"}],"version-history":[{"count":1,"href":"https:\/\/www.monempresarial.com\/ca\/wp-json\/wp\/v2\/posts\/19617\/revisions"}],"predecessor-version":[{"id":47786,"href":"https:\/\/www.monempresarial.com\/ca\/wp-json\/wp\/v2\/posts\/19617\/revisions\/47786"}],"wp:featuredmedia":[{"embeddable":true,"href":"https:\/\/www.monempresarial.com\/ca\/wp-json\/wp\/v2\/media\/19608"}],"wp:attachment":[{"href":"https:\/\/www.monempresarial.com\/ca\/wp-json\/wp\/v2\/media?parent=19617"}],"wp:term":[{"taxonomy":"category","embeddable":true,"href":"https:\/\/www.monempresarial.com\/ca\/wp-json\/wp\/v2\/categories?post=19617"},{"taxonomy":"post_tag","embeddable":true,"href":"https:\/\/www.monempresarial.com\/ca\/wp-json\/wp\/v2\/tags?post=19617"}],"curies":[{"name":"wp","href":"https:\/\/api.w.org\/{rel}","templated":true}]}}