{"id":19701,"date":"2018-12-03T11:46:45","date_gmt":"2018-12-03T10:46:45","guid":{"rendered":"http:\/\/www.monempresarial.com\/?p=19701"},"modified":"2025-06-06T10:18:47","modified_gmt":"2025-06-06T08:18:47","slug":"els-enginyers-catalans-denuncien-la-confusio-creada-pel-pla-bolonya-deu-anys-despres-de-la-seva-implantacio","status":"publish","type":"post","link":"https:\/\/www.monempresarial.com\/ca\/2018\/12\/03\/els-enginyers-catalans-denuncien-la-confusio-creada-pel-pla-bolonya-deu-anys-despres-de-la-seva-implantacio\/","title":{"rendered":"Els enginyers catalans <\/span>denuncien la confusi\u00f3 creada pel Pla Bolonya, deu anys despr\u00e9s de la seva implantaci\u00f3"},"content":{"rendered":"<p>Els 14 col\u00b7legis d\u2019enginyers catalans, agrupats sota la METGEC, han organitzat per primera vegada un acte conjunt per reflexionar sobre la professi\u00f3<\/p>\n<hr \/>\n<p><strong>Divendres, 23 de novembre de 2018.<\/strong> Ja fa deu anys que es va implantar el Pla Bolonya i no s\u2019ha aconseguit homogene\u00eftzar els t\u00edtols, ni assolir l\u2019homologaci\u00f3 que havia de facilitar la mobilitat dels enginyers a nivell europeu, les empreses i l\u2019administraci\u00f3 segueixen convocant places laborals en base a l\u2019antiga diferenciaci\u00f3 entre \u201ct\u00e8cnics\u201d i \u201csuperiors\u201d, hi ha confusi\u00f3 en les denominacions de les enginyeries i exc\u00e9s de titulacions de Grau. Aquests s\u00f3n alguns dels aspectes que han denunciat avui des de la METGEC, la Mesa d\u2019Enginyeria T\u00e8cnica i de Graduats en Enginyeria de Catalunya que agrupa catorze col\u00b7legis professionals d\u2019enginyers, en el marc de la jornada \u201cL\u2019Enginyeria \u00e9s un Grau\u201d celebrada al Col\u00b7legi ENGINYERS BCN.<br \/>\n<img decoding=\"async\" loading=\"lazy\" class=\"aligncenter size-full wp-image-19704\" src=\"http:\/\/www.monempresarial.com\/wp-content\/uploads\/2018\/12\/JornadaEnginyers_1.jpg\" alt=\"\" width=\"709\" height=\"472\" srcset=\"https:\/\/www.monempresarial.com\/wp-content\/uploads\/2018\/12\/JornadaEnginyers_1.jpg 709w, https:\/\/www.monempresarial.com\/wp-content\/uploads\/2018\/12\/JornadaEnginyers_1-300x200.jpg 300w, https:\/\/www.monempresarial.com\/wp-content\/uploads\/2018\/12\/JornadaEnginyers_1-252x167.jpg 252w, https:\/\/www.monempresarial.com\/wp-content\/uploads\/2018\/12\/JornadaEnginyers_1-300x200@2x.jpg 600w, https:\/\/www.monempresarial.com\/wp-content\/uploads\/2018\/12\/JornadaEnginyers_1-252x167@2x.jpg 504w\" sizes=\"(max-width: 709px) 100vw, 709px\" \/>L\u2019acte ha comptat amb la participaci\u00f3 del deg\u00e0 del Col\u00b7legi d\u2019Enginyers Graduats i Enginyers T\u00e8cnics Industrials de Barcelona i president de METGEC Miquel Darn\u00e9s, que ha apostat per crear un sol nivell d\u2019enginyeria tal com succeeix a la resta de pa\u00efsos europeus i no ha tancat la porta a la fusi\u00f3 dels diferents Col\u00b7legis professionals del sector en un de sol. Tamb\u00e9 ha destacat els punts forts de la professi\u00f3: la versatilitat, l\u2019alta ocupaci\u00f3 i la bona remuneraci\u00f3, malgrat que no t\u00e9 suficient reconeixement social.<br \/>\nPer la seva banda el president de l\u2019Institut de Graduats en Enginyeria i Enginyers T\u00e8cnics d\u2019Espanya Jos\u00e9 Javier<\/p>\n<p>Medina que ha revelat que Espanya \u00e9s el pa\u00eds que m\u00e9s enginyers exporta, fet especialment greu tenint en compte la inversi\u00f3 que es fa per formar-los.<br \/>\nTamb\u00e9 s\u2019ha realitzat una taula rodona amb la participaci\u00f3 de M\u00f2nica Vide, directora comercial de la consultoria de recursos humans Mur&amp;Mart\u00ed que ha parlat de la gran demanda d\u2019enginyers graduats que hi ha a les empreses i que no sempre es pot satisfer \u2013es tracta d\u2019un sector amb un atur de nom\u00e9s el 4% -. Tamb\u00e9 hi ha participat l\u2019expert en la implantaci\u00f3 del Pla Bolonya Gonzalo Menes<\/p>\n<p>es, que ha reivindicat que la formaci\u00f3 dels Graus haurien de ser generalistes i els m\u00e0sters d\u2019especialitzaci\u00f3, fet que actualment no es compleix, ja que existeixen graus excessivament especialitzats com el Grau en Enginyeria d\u2019Automoci\u00f3. Carme Edo Ros de l\u2019Ag\u00e8ncia per a la Qualitat del Sistema Universitari de Catalunya (AQU) ha donat a con\u00e8ixer diferents dades universit\u00e0ries dels graus d\u2019enginyeria i ha manifestat la necessitat d\u2019incorporar-hi m\u00e9s dones, i Pere Ejarque, responsable d\u2019intermediaci\u00f3 laboral de CECOT, ha explicat quins s\u00f3n els requisits de les empreses a l\u2019hora de contractar enginyers. El deg\u00e0 del Col\u00b7legi d\u2019Enginyers T\u00e8cnics d\u2019Obres P\u00fabliques de Catalunya i vicepresident de METGEC Xavier Font, ha moderat la taula, exposant com ha impactat el Pla Bolonya en la professi\u00f3, tant pel que fa als avantatges com als inconvenients.<br \/>\nLa jornada, que era el primer acte organitzat conjuntament pels 14 Col\u00b7legis d\u2019Enginyers catalans, ha comptat amb una vuitantena d\u2019assistents i tamb\u00e9 ha estat seguit en streaming, i ha servit per reflexionar sobre la manera com el col\u00b7lectiu d\u2019enginyers es gradua a la universitat i s\u2019incorpora al m\u00f3n professional i col\u00b7legial.<\/p>\n<p><strong>La METGEC<\/strong><br \/>\nLa Mesa d&#8217;Enginyeria T\u00e8cnica i de Graduats en Enginyeria de Catalunya (METGEC) \u00e9s una plataforma de cooperaci\u00f3 sense precedents a Catalunya que serveix per potenciar el lligam entre tots els col\u00b7legis professionals de les diverses enginyeries i per fixar posicionaments estrat\u00e8gics de consens. Est\u00e0 integrada per catorze membres que representen uns 15.000 col\u00b7legiats i associats.<br \/>\nFormen la METGEC el Col\u00b7legi d\u2019Enginyers T\u00e8cnics Agr\u00edcoles i Forestals de Catalunya, el Col\u00b7legi Oficial d&#8217;Enginyeria Geom\u00e0tica i Topogr\u00e0fica de Catalunya, el Col\u00b7legi d\u2019Enginyers Graduats i Enginyers T\u00e8cnics Industrials de Barcelona, el Col\u00b7legi d&#8217;Enginyers Graduats i Enginyers T\u00e8cnics Industrials de Girona, el Col\u00b7legi d&#8217;Enginyers Graduats i Enginyers T\u00e8cnics Industrials de Lleida, el Col\u00b7legi d&#8217;Enginyers T\u00e8cnics Industrials de Manresa, el Col\u00b7legi d&#8217;Enginyers T\u00e8cnics Industrials de Tarragona, el Col\u00b7legi d&#8217;Enginyers T\u00e8cnics Industrials de Vilanova i la Geltr\u00fa, el Col\u00b7legi Oficial d\u2019Enginyeria T\u00e8cnica en Inform\u00e0tica de Catalunya, el Col\u00b7legi Oficial d&#8217;Enginyers T\u00e8cnics i de Grau en Mines i Energia de Catalunya i Balears, el Col\u00b7legi d\u2019Enginyers T\u00e8cnics i Obres P\u00fabliques de Catalunya, el Col\u00b7legi Oficial de Graduats i Enginyers T\u00e8cnics de Telecomunicaci\u00f3 de Catalunya, Graus TIC i el Colegio Oficial de Ingenieros T\u00e9cnicos Aeron\u00e1uticos.<\/p>\n","protected":false},"excerpt":{"rendered":"<p>Els 14 col\u00b7legis d\u2019enginyers catalans, agrupats sota la METGEC, han organitzat per primera vegada un acte conjunt per reflexionar sobre la professi\u00f3 Divendres, 23 de novembre de 2018. Ja fa deu anys que es va implantar el Pla Bolonya i no s\u2019ha aconseguit homogene\u00eftzar els t\u00edtols, ni assolir l\u2019homologaci\u00f3 que havia de facilitar la mobilitat [&hellip;]<\/p>\n","protected":false},"author":1,"featured_media":19702,"comment_status":"open","ping_status":"open","sticky":false,"template":"","format":"standard","meta":{"_mi_skip_tracking":false,"mc4wp_mailchimp_campaign":[],"jnews-multi-image_gallery":[],"jnews_single_post":[],"jnews_primary_category":[]},"categories":[5694,10820,10821,10825,10],"tags":[7572,4756,4953,7570,7571],"_links":{"self":[{"href":"https:\/\/www.monempresarial.com\/ca\/wp-json\/wp\/v2\/posts\/19701"}],"collection":[{"href":"https:\/\/www.monempresarial.com\/ca\/wp-json\/wp\/v2\/posts"}],"about":[{"href":"https:\/\/www.monempresarial.com\/ca\/wp-json\/wp\/v2\/types\/post"}],"author":[{"embeddable":true,"href":"https:\/\/www.monempresarial.com\/ca\/wp-json\/wp\/v2\/users\/1"}],"replies":[{"embeddable":true,"href":"https:\/\/www.monempresarial.com\/ca\/wp-json\/wp\/v2\/comments?post=19701"}],"version-history":[{"count":1,"href":"https:\/\/www.monempresarial.com\/ca\/wp-json\/wp\/v2\/posts\/19701\/revisions"}],"predecessor-version":[{"id":46171,"href":"https:\/\/www.monempresarial.com\/ca\/wp-json\/wp\/v2\/posts\/19701\/revisions\/46171"}],"wp:featuredmedia":[{"embeddable":true,"href":"https:\/\/www.monempresarial.com\/ca\/wp-json\/wp\/v2\/media\/19702"}],"wp:attachment":[{"href":"https:\/\/www.monempresarial.com\/ca\/wp-json\/wp\/v2\/media?parent=19701"}],"wp:term":[{"taxonomy":"category","embeddable":true,"href":"https:\/\/www.monempresarial.com\/ca\/wp-json\/wp\/v2\/categories?post=19701"},{"taxonomy":"post_tag","embeddable":true,"href":"https:\/\/www.monempresarial.com\/ca\/wp-json\/wp\/v2\/tags?post=19701"}],"curies":[{"name":"wp","href":"https:\/\/api.w.org\/{rel}","templated":true}]}}