{"id":19718,"date":"2018-12-10T09:00:43","date_gmt":"2018-12-10T08:00:43","guid":{"rendered":"http:\/\/www.monempresarial.com\/?p=19718"},"modified":"2025-07-16T12:54:11","modified_gmt":"2025-07-16T10:54:11","slug":"aspectos-legales-y-pymes-la-estadistica-no-perdona","status":"publish","type":"post","link":"https:\/\/www.monempresarial.com\/ca\/2018\/12\/10\/aspectos-legales-y-pymes-la-estadistica-no-perdona\/","title":{"rendered":"Aspectes legals i pimes: l\u2019estad\u00edstica no perdona<\/span>"},"content":{"rendered":"<h4 style=\"color: #602d11;\"><img decoding=\"async\" loading=\"lazy\" class=\"wp-image-19655 alignright\" src=\"http:\/\/www.monempresarial.com\/wp-content\/uploads\/2018\/11\/JordiTorras.jpg\" alt=\"\" width=\"243\" height=\"345\" srcset=\"https:\/\/www.monempresarial.com\/wp-content\/uploads\/2018\/11\/JordiTorras.jpg 792w, https:\/\/www.monempresarial.com\/wp-content\/uploads\/2018\/11\/JordiTorras-212x300.jpg 212w, https:\/\/www.monempresarial.com\/wp-content\/uploads\/2018\/11\/JordiTorras-722x1024.jpg 722w, https:\/\/www.monempresarial.com\/wp-content\/uploads\/2018\/11\/JordiTorras-212x300@2x.jpg 424w\" sizes=\"(max-width: 243px) 100vw, 243px\" \/>El dia a dia de la pime \u00e9s fren\u00e8tic i els temes comercials i de negoci s\u00f3n els que manen en la llista de prioritats dels seus directors fins al punt de provocar que no es tinguin prou en compte alguns aspectes que no representen el seu<em> core business<\/em>. \u00c9s el cas dels temes legals que, si b\u00e9 no s\u00f3n urgents, no per aix\u00f2 deixen de ser importants. Aqu\u00ed n\u2019enumerem alguns que afecten a totes les pimes.<\/h4>\n<h4><span style=\"color: #663300; font-weight: bold; text-transform: uppercase;\">JORDI TORRAS. <\/span><strong>Advocat i soci d\u2019Atena Abogados. Professor de Dret Mercantil de TBS Barcelona.<\/strong><\/h4>\n<hr style=\"color: #b72126;\" \/>\n<p><strong><strong>\u2022 Relaci\u00f3 entre socis:\u00a0<\/strong><\/strong>\u00e9s important avan\u00e7ar-se a possibles problemes de futur pactant per escrit les obligacions de cada soci i el seu rol (soci capitalista, treballador, i\/o membre de l&#8217;\u00f2rgan d&#8217;administraci\u00f3). Cadascun d&#8217;ells t\u00e9 particularitats molt diferents, i cal tenir-les clares des del principi. Per aix\u00f2 hi ha els pactes de socis.<\/p>\n<p><strong><strong>\u2022 Prove\u00efdors i clients:\u00a0<\/strong><\/strong>quan sorgeixen els problemes, \u00e9s quan recordem que haur\u00edem d&#8217;haver revisat millor les cl\u00e0usules dels contractes, si \u00e9s que en signem.<\/p>\n<p><strong><strong>\u2022 El loca<\/strong>l\u00e9s<\/strong> el meu principal actiu i acabo signant un contracte est\u00e0ndard sobre el qual el propietari \u00e9s m\u00e9s que probable que hagu\u00e9s acceptat una s\u00e8rie de canvis que protegirien millor els meus interessos.<\/p>\n<p><strong><strong>\u2022 Relaci\u00f3 amb treballadors: <\/strong><\/strong>la contractaci\u00f3 adequada dels treballadors i la prevenci\u00f3 de riscos hauria de ser sagrada. Despr\u00e9s, quan hi ha una inspecci\u00f3 de treball, un problema amb un treballador o un accident de treball, se\u2019n paguen les conseq\u00fc\u00e8ncies.<\/p>\n<p><strong><strong>\u2022 Fiscalitat i finances:<\/strong><\/strong> \u00e9s fonamental un bon assessorament per no c\u00f3rrer riscos de tresoreria, optimitzar les inversions a realitzar i minimitzar el pagament d&#8217;impostos d&#8217;una forma legal.<\/p>\n<p><strong><strong>\u2022 Legalitat que afecta al meu negoci:\u00a0<\/strong><\/strong>\u00e9s imprescindible tenir en compte les lleis vigents que afecten la protecci\u00f3 de dades, el blanqueig de capitals, Internet, consumidors i usuaris, administracions, marques, etc.<\/p>\n<p>&nbsp;<\/p>\n<blockquote>\n<h2><span style=\"color: #602d11;\">La societat \u00e9s tan complexa que resulta molt dif\u00edcil con\u00e8ixer totes les normes que ens afecten, per\u00f2 molts empresaris pensen que a Internet poden trobar-hi la resposta. Aix\u00ed, creuen que no necessiten l\u2019ajuda d&#8217;un professional. Ara b\u00e9, quin risc corren d&#8217;equivocar-se? Quin preu t\u00e9 la tranquil\u00b7litat? Quan una pime creix prou, no hi ha dubtes en la resposta a aquestes preguntes, per\u00f2 quan est\u00e0 m\u00e9s a prop de l&#8217;home orquestra que d&#8217;una empresa, \u00e9s m\u00e9s dif\u00edcil de respondre-les. A la pime encara li queda molt de cam\u00ed per acceptar que hi ha q\u00fcestions legals importants que requereixen d&#8217;atenci\u00f3 i de professionals que l&#8217;acompanyin per evitar problemes futurs, perqu\u00e8 l&#8217;estad\u00edstica no perdona!<\/span><\/h2>\n<\/blockquote>\n","protected":false},"excerpt":{"rendered":"<p>El dia a dia de la pime \u00e9s fren\u00e8tic i els temes comercials i de negoci s\u00f3n els que manen en la llista de prioritats dels seus directors fins al punt de provocar que no es tinguin prou en compte alguns aspectes que no representen el seu core business. \u00c9s el cas dels temes legals que, si b\u00e9 no s\u00f3n urgents, no per aix\u00f2 deixen de ser importants. Aqu\u00ed n\u2019enumerem alguns que afecten a totes les pimes.<\/p>\n","protected":false},"author":1,"featured_media":19719,"comment_status":"open","ping_status":"open","sticky":false,"template":"","format":"standard","meta":{"_mi_skip_tracking":false,"mc4wp_mailchimp_campaign":[],"jnews-multi-image_gallery":[],"jnews_single_post":[],"jnews_primary_category":[]},"categories":[10828,10817,10838,46],"tags":[265,305,613,703,2947,4254,7575],"_links":{"self":[{"href":"https:\/\/www.monempresarial.com\/ca\/wp-json\/wp\/v2\/posts\/19718"}],"collection":[{"href":"https:\/\/www.monempresarial.com\/ca\/wp-json\/wp\/v2\/posts"}],"about":[{"href":"https:\/\/www.monempresarial.com\/ca\/wp-json\/wp\/v2\/types\/post"}],"author":[{"embeddable":true,"href":"https:\/\/www.monempresarial.com\/ca\/wp-json\/wp\/v2\/users\/1"}],"replies":[{"embeddable":true,"href":"https:\/\/www.monempresarial.com\/ca\/wp-json\/wp\/v2\/comments?post=19718"}],"version-history":[{"count":1,"href":"https:\/\/www.monempresarial.com\/ca\/wp-json\/wp\/v2\/posts\/19718\/revisions"}],"predecessor-version":[{"id":46526,"href":"https:\/\/www.monempresarial.com\/ca\/wp-json\/wp\/v2\/posts\/19718\/revisions\/46526"}],"wp:featuredmedia":[{"embeddable":true,"href":"https:\/\/www.monempresarial.com\/ca\/wp-json\/wp\/v2\/media\/19719"}],"wp:attachment":[{"href":"https:\/\/www.monempresarial.com\/ca\/wp-json\/wp\/v2\/media?parent=19718"}],"wp:term":[{"taxonomy":"category","embeddable":true,"href":"https:\/\/www.monempresarial.com\/ca\/wp-json\/wp\/v2\/categories?post=19718"},{"taxonomy":"post_tag","embeddable":true,"href":"https:\/\/www.monempresarial.com\/ca\/wp-json\/wp\/v2\/tags?post=19718"}],"curies":[{"name":"wp","href":"https:\/\/api.w.org\/{rel}","templated":true}]}}