{"id":19812,"date":"2018-12-13T22:30:24","date_gmt":"2018-12-13T21:30:24","guid":{"rendered":"http:\/\/www.monempresarial.com\/?p=19812"},"modified":"2022-12-22T10:28:57","modified_gmt":"2022-12-22T09:28:57","slug":"la-renda-basica-universal","status":"publish","type":"post","link":"https:\/\/www.monempresarial.com\/ca\/2018\/12\/13\/la-renda-basica-universal\/","title":{"rendered":"<span style=\"color: # b8b4b4; font-weight: bold;\">La Renda B\u00e0sica Universal <\/span> <span style=\"color: # b8b4b4; font-weight: bold;\">"},"content":{"rendered":"<h4>La Renda B\u00e0sica Universal (RBU) ha de ser una assignaci\u00f3 incondicional, directa, recurrent i universal per a tots els ciutadans? Quina \u00e9s l\u2019experi\u00e8ncia d\u2019altres pa\u00efsos? Com podem implementar-la i mantenir, alhora, l\u2019equilibri pressupostari dels comptes p\u00fablics? Com pot incidir sobre el risc de pobresa i els nivells de desigualtat? L\u2019informe Renda b\u00e0sica [universal], publicat el juny del 2018 per la patronal Cecot, analitza aquestes q\u00fcestions i conclou que les rendes b\u00e0siques poden esdevenir un altre mecanisme m\u00e9s per donar resposta als reptes socials i econ\u00f2mics presents. Vegem-ho.<\/h4>\n<h4><strong>Coordinaci\u00f3<\/strong>: <span style=\"color: #88576b;\"> Mundo Empresarial en col\u00b7laboraci\u00f3 amb la patronal Cecot. <\/span><\/h4>\n<p><img decoding=\"async\" loading=\"lazy\" class=\"aligncenter size-full wp-image-19817\" src=\"http:\/\/www.monempresarial.com\/wp-content\/uploads\/2018\/12\/renta-1-cat.jpg\" alt=\"\" width=\"672\" height=\"832\" srcset=\"https:\/\/www.monempresarial.com\/wp-content\/uploads\/2018\/12\/renta-1-cat.jpg 672w, https:\/\/www.monempresarial.com\/wp-content\/uploads\/2018\/12\/renta-1-cat-242x300.jpg 242w, https:\/\/www.monempresarial.com\/wp-content\/uploads\/2018\/12\/renta-1-cat-242x300@2x.jpg 484w\" sizes=\"(max-width: 672px) 100vw, 672px\" \/><\/p>\n<p><img decoding=\"async\" loading=\"lazy\" class=\"aligncenter wp-image-19819 size-full\" src=\"http:\/\/www.monempresarial.com\/wp-content\/uploads\/2018\/12\/renta-2-cat.jpg\" alt=\"\" width=\"633\" height=\"2829\" srcset=\"https:\/\/www.monempresarial.com\/wp-content\/uploads\/2018\/12\/renta-2-cat.jpg 633w, https:\/\/www.monempresarial.com\/wp-content\/uploads\/2018\/12\/renta-2-cat-67x300.jpg 67w, https:\/\/www.monempresarial.com\/wp-content\/uploads\/2018\/12\/renta-2-cat-229x1024.jpg 229w, https:\/\/www.monempresarial.com\/wp-content\/uploads\/2018\/12\/renta-2-cat-67x300@2x.jpg 134w, https:\/\/www.monempresarial.com\/wp-content\/uploads\/2018\/12\/renta-2-cat-229x1024@2x.jpg 458w\" sizes=\"(max-width: 633px) 100vw, 633px\" \/><img decoding=\"async\" loading=\"lazy\" class=\"aligncenter size-full wp-image-19813\" src=\"http:\/\/www.monempresarial.com\/wp-content\/uploads\/2018\/12\/mapa-cat.jpg\" alt=\"\" width=\"1287\" height=\"793\" srcset=\"https:\/\/www.monempresarial.com\/wp-content\/uploads\/2018\/12\/mapa-cat.jpg 1287w, https:\/\/www.monempresarial.com\/wp-content\/uploads\/2018\/12\/mapa-cat-300x185.jpg 300w, https:\/\/www.monempresarial.com\/wp-content\/uploads\/2018\/12\/mapa-cat-1024x631.jpg 1024w, https:\/\/www.monempresarial.com\/wp-content\/uploads\/2018\/12\/mapa-cat-300x185@2x.jpg 600w\" sizes=\"(max-width: 1287px) 100vw, 1287px\" \/><\/p>\n<p><img decoding=\"async\" loading=\"lazy\" class=\"aligncenter size-full wp-image-19823\" src=\"http:\/\/www.monempresarial.com\/wp-content\/uploads\/2018\/12\/renta-3-cat.jpg\" alt=\"\" width=\"633\" height=\"824\" srcset=\"https:\/\/www.monempresarial.com\/wp-content\/uploads\/2018\/12\/renta-3-cat.jpg 633w, https:\/\/www.monempresarial.com\/wp-content\/uploads\/2018\/12\/renta-3-cat-230x300.jpg 230w, https:\/\/www.monempresarial.com\/wp-content\/uploads\/2018\/12\/renta-3-cat-230x300@2x.jpg 460w\" sizes=\"(max-width: 633px) 100vw, 633px\" \/><img decoding=\"async\" loading=\"lazy\" class=\"aligncenter size-full wp-image-19827\" src=\"http:\/\/www.monempresarial.com\/wp-content\/uploads\/2018\/12\/renta-4-cat.jpg\" alt=\"\" width=\"633\" height=\"788\" srcset=\"https:\/\/www.monempresarial.com\/wp-content\/uploads\/2018\/12\/renta-4-cat.jpg 633w, https:\/\/www.monempresarial.com\/wp-content\/uploads\/2018\/12\/renta-4-cat-241x300.jpg 241w, https:\/\/www.monempresarial.com\/wp-content\/uploads\/2018\/12\/renta-4-cat-241x300@2x.jpg 482w\" sizes=\"(max-width: 633px) 100vw, 633px\" \/><\/p>\n","protected":false},"excerpt":{"rendered":"<p>La Renda B\u00e0sica Universal (RBU) ha de ser una assignaci\u00f3 incondicional, directa, recurrent i universal per a tots els ciutadans? Quina \u00e9s l\u2019experi\u00e8ncia d\u2019altres pa\u00efsos? Com podem implementar-la i mantenir, alhora, l\u2019equilibri pressupostari dels comptes p\u00fablics? Com pot incidir sobre el risc de pobresa i els nivells de desigualtat? L\u2019informe Renda b\u00e0sica [universal], publicat el [&hellip;]<\/p>\n","protected":false},"author":1,"featured_media":19856,"comment_status":"open","ping_status":"open","sticky":false,"template":"","format":"standard","meta":{"_mi_skip_tracking":false,"mc4wp_mailchimp_campaign":[],"jnews-multi-image_gallery":[],"jnews_single_post":[],"jnews_primary_category":[]},"categories":[10815,10844,35,7711],"tags":[264,679,1017,2469,5704,6096,7592],"_links":{"self":[{"href":"https:\/\/www.monempresarial.com\/ca\/wp-json\/wp\/v2\/posts\/19812"}],"collection":[{"href":"https:\/\/www.monempresarial.com\/ca\/wp-json\/wp\/v2\/posts"}],"about":[{"href":"https:\/\/www.monempresarial.com\/ca\/wp-json\/wp\/v2\/types\/post"}],"author":[{"embeddable":true,"href":"https:\/\/www.monempresarial.com\/ca\/wp-json\/wp\/v2\/users\/1"}],"replies":[{"embeddable":true,"href":"https:\/\/www.monempresarial.com\/ca\/wp-json\/wp\/v2\/comments?post=19812"}],"version-history":[{"count":0,"href":"https:\/\/www.monempresarial.com\/ca\/wp-json\/wp\/v2\/posts\/19812\/revisions"}],"wp:featuredmedia":[{"embeddable":true,"href":"https:\/\/www.monempresarial.com\/ca\/wp-json\/wp\/v2\/media\/19856"}],"wp:attachment":[{"href":"https:\/\/www.monempresarial.com\/ca\/wp-json\/wp\/v2\/media?parent=19812"}],"wp:term":[{"taxonomy":"category","embeddable":true,"href":"https:\/\/www.monempresarial.com\/ca\/wp-json\/wp\/v2\/categories?post=19812"},{"taxonomy":"post_tag","embeddable":true,"href":"https:\/\/www.monempresarial.com\/ca\/wp-json\/wp\/v2\/tags?post=19812"}],"curies":[{"name":"wp","href":"https:\/\/api.w.org\/{rel}","templated":true}]}}