{"id":19938,"date":"2019-01-16T12:00:22","date_gmt":"2019-01-16T11:00:22","guid":{"rendered":"http:\/\/www.monempresarial.com\/?p=19938"},"modified":"2025-09-24T12:05:04","modified_gmt":"2025-09-24T10:05:04","slug":"organs-i-genomes","status":"publish","type":"post","link":"https:\/\/www.monempresarial.com\/ca\/2019\/01\/16\/organs-i-genomes\/","title":{"rendered":"\u00d2rgans i genomes"},"content":{"rendered":"<h4><img decoding=\"async\" loading=\"lazy\" class=\" wp-image-19132 alignright\" src=\"http:\/\/www.monempresarial.com\/wp-content\/uploads\/2018\/10\/0023.jpg\" alt=\"\" width=\"422\" height=\"281\" srcset=\"https:\/\/www.monempresarial.com\/wp-content\/uploads\/2018\/10\/0023.jpg 640w, https:\/\/www.monempresarial.com\/wp-content\/uploads\/2018\/10\/0023-300x200.jpg 300w, https:\/\/www.monempresarial.com\/wp-content\/uploads\/2018\/10\/0023-252x167.jpg 252w, https:\/\/www.monempresarial.com\/wp-content\/uploads\/2018\/10\/0023-300x200@2x.jpg 600w, https:\/\/www.monempresarial.com\/wp-content\/uploads\/2018\/10\/0023-252x167@2x.jpg 504w\" sizes=\"(max-width: 422px) 100vw, 422px\" \/>Fa 10 o 12 anys, algun expert parlava de la &#8220;tempesta perfecta&#8221; en referir-se a all\u00f2 que estava passant pels volts del 2020 amb l&#8217;empenta dels big data, la intel\u00b7lig\u00e8ncia artificial i l&#8217;Internet de les coses, entre altres aven\u00e7os de l&#8217;era digital. Pobre insensat, li diria des d&#8217;aquest any glori\u00f3s 2030. Ni hi ha hagut una tempesta perfecta, ni s&#8217;han produ\u00eft daltabaixos: l&#8217;era digital ha avan\u00e7at molt amb algunes convulsions, per\u00f2 els nostres homes i dones de l&#8217;actualitat han viscut i viuen amb tranquil\u00b7litat, assimilant els canvis m\u00e9s transformadors de la hist\u00f2ria.<\/h4>\n<p><strong>JOSEP-FRANCESC VALLS.\u00a0<\/strong><strong>Catedr\u00e0tic d\u2019ESADE Business &amp; Law School.<\/strong><\/p>\n<hr style=\"color: #b72126;\" \/>\n<p>Quan des del 2030 contemplo l&#8217;aven\u00e7 de la gen\u00f2mica, confirmo que es tracta del m\u00e9s important dels \u00faltims 100.000 anys, com va anunciar el mateix Venter en el seu moment davant del president Clinton. Ara no nom\u00e9s s&#8217;han descobert les seq\u00fc\u00e8ncies dels gens, sin\u00f3 que es poden predir, diagnosticar i tractar la majoria de les malalties. Gr\u00e0cies a la gen\u00f2mica, la medicina ha deixat de ser diagn\u00f2stica i pal\u00b7liativa per a ser preventiva.<\/p>\n<blockquote>\n<h2 style=\"color: #00542d;\">El meu ordinador, el meu m\u00f2bil, el meu rellotge ofereixen constantment dades sobre la meva salut. El meu metge virtual coneix les meves propensions, els meus dolors, les meves xacres, les meves malalties heredit\u00e0ries i rep al segon informaci\u00f3 del meu organisme. Tot \u00e9s previsible<\/h2>\n<p><img decoding=\"async\" loading=\"lazy\" class=\"wp-image-19955 size-full alignright\" src=\"http:\/\/www.monempresarial.com\/wp-content\/uploads\/2019\/01\/cuadro-1-cat.jpg\" alt=\"\" width=\"420\" height=\"564\" srcset=\"https:\/\/www.monempresarial.com\/wp-content\/uploads\/2019\/01\/cuadro-1-cat.jpg 420w, https:\/\/www.monempresarial.com\/wp-content\/uploads\/2019\/01\/cuadro-1-cat-223x300.jpg 223w\" sizes=\"(max-width: 420px) 100vw, 420px\" \/><\/p><\/blockquote>\n<p>El meu ordinador, el meu m\u00f2bil, el meu rellotge ofereixen constantment dades sobre la meva salut. El meu metge virtual coneix les meves propensions, els meus dolors, les meves xacres, les meves malalties heredit\u00e0ries i rep al segon informaci\u00f3 del meu organisme. Tot \u00e9s previsible. Quan sona un av\u00eds de qualsevol nivell, o b\u00e9, em visiten en q\u00fcesti\u00f3 de segons, si es tracta d&#8217;una cosa nova; o b\u00e9, m&#8217;envien una vacuna a trav\u00e9s d&#8217;Internet que em punxo jo mateix; o b\u00e9, em citen per a una revisi\u00f3 que aporti noves dades. Estic tranquil perqu\u00e8 puc saber en tot moment si estic en condicions d&#8217;ascendir en helic\u00f2pter a l&#8217;Everest amb el meu amic, si puc fer una marxa de 60 quil\u00f2metres en dues o tres etapes pel Pirineu, o si el meu nivell d&#8217;apnea em permet de fer submarinisme a pulm\u00f3 lliure. O si em falta calci, em sobra ferro o necessito un xut d&#8217;adrenalina.<\/p>\n<p><strong>MALALTIES COMPRENSIBLES<\/strong><br \/>\nUn cop descoberta la seq\u00fc\u00e8ncia del genoma, els passos seg\u00fcents desenvolupats durant aquests \u00faltims anys s&#8217;han encaminat, en primer lloc, cap a la comprensi\u00f3, la catalogaci\u00f3 i el coneixement de l&#8217;entorn dels gens humans.<br \/>\nEn segon lloc, i aqu\u00ed es troben els grans aven\u00e7os als quals hem assistit en l&#8217;\u00faltima d\u00e8cada, cap a la comprensi\u00f3 de les malalties gr\u00e0cies al coneixement de les relacions que estableixen amb els gens. En con\u00e8ixer l&#8217;entitat dels dos milions de prote\u00efnes del cos hum\u00e0 que s&#8217;escampen per les c\u00e8l\u00b7lules, \u00f2rgans i teixits i la seva evoluci\u00f3, resulta m\u00e9s f\u00e0cil determinar les combinacions que poden desenvolupar davant canvis intra o extra cel\u00b7lulars. Fa temps que es va aconseguir identificar el proteoma (prote\u00efnes \/ genoma) complet. Malalties com la de Crohn, gran part de les infeccioses, de les cardiovasculars, de les patologies heredit\u00e0ries i moltes altres hi han trobat una soluci\u00f3 definitiva. I fins i tot el c\u00e0ncer i la sida.<\/p>\n<blockquote>\n<h2 style=\"color: #00542d;\">Malalties com la de Crohn, gran part de les infeccioses, de les cardiovasculars, de les patologies heredit\u00e0ries i moltes altres han trobat una soluci\u00f3 definitiva gr\u00e0cies a la seq\u00fc\u00e8ncia del genoma. I fins i tot el c\u00e0ncer i la sida<\/h2>\n<\/blockquote>\n<p>Per cert, fa uns mesos, en una convenci\u00f3 gen\u00f2mica internacional van afirmar que la mortaldat com a conseq\u00fc\u00e8ncia d&#8217;ambdues malalties era tendent a zero. De ser el gran problema m\u00e8dic des del 1990 fins al 2020, l&#8217;avan\u00e7 dels f\u00e0rmacs preventius per avan\u00e7ar-se al desenvolupament de la malaltia ha fet la resta.<br \/>\nEn tercer lloc, cap a l&#8217;aplicaci\u00f3 dels big data i dels algoritmes a la gen\u00f2mica que han generat una ingent quantitat de dades molt econ\u00f2miques, la qual cosa ha suposat una nova democratitzaci\u00f3 de la medicina; a aix\u00f2 cal afegir els aven\u00e7os del hardware que permet la gesti\u00f3 de la informaci\u00f3 a dist\u00e0ncia i la creaci\u00f3 d&#8217;estereotips per a usos comparatius.<br \/>\nI, en quart lloc, i aquest \u00e9s el tram on vivim di\u00e0riament, cap a com tot aix\u00f2 es trasllada a la pr\u00e0ctica m\u00e8dica, als hospitals, a les cl\u00edniques, als centres de salut, als domicilis i resid\u00e8ncies, a les empreses i als carrers. La bioinform\u00e0tica ha avan\u00e7at molt m\u00e9s encara. Tot i els grans aven\u00e7os gen\u00e8tics, les dificultats de traduir tot aix\u00f2 a la pr\u00e0ctica topen encara amb les estructures antigues. Es resisteix la vella medicina, tant la p\u00fablica com la privada, a abaratir-se, a digitalitzar-se. Molts metges i pacients segueixen defensant que la relaci\u00f3 presencial metge pacient \u00e9s la clau de la superaci\u00f3 de qualsevol malaltia o s\u00edmptoma i s\u2019hi escuden per menysprear la medicina moderna.<br \/>\nLes despeses sanit\u00e0ries no acaben de superar el 9% del PIB mundial, per\u00f2 tot i aix\u00f2, els governs es resisteixen a augmentar-les davant les grans oportunitats d&#8217;abaratiment que ofereixen les noves tecnologies.<\/p>\n<p><strong>L\u2019ENVELLIMENT NO \u00c9S PROBLEMA<\/strong><br \/>\nFins fa 10 anys, les claus de la longevitat es redu\u00efen a tres coses: bona nutrici\u00f3, esport constant sense excentricitats i cura de la salut. Aix\u00f2 va permetre que pels volts del 2020 l&#8217;esperan\u00e7a de vida al m\u00f3n se situ\u00e9s entre els 83 anys del Jap\u00f3 i els 50 de la Rep\u00fablica Centreafricana. Tot i que s&#8217;ha avan\u00e7at en aquests tres cap\u00edtols, el salt en l&#8217;\u00faltima d\u00e8cada cal atribuir-lo a l&#8217;actiu del trasplantament d&#8217;\u00f2rgans. Les previsions d&#8217;esperan\u00e7a de vida s&#8217;han superat i ja no s\u00f3n els 100 anys assolits el 2020 a les &#8220;zones blaves&#8221; del planeta -Sardenya a It\u00e0lia, Okinawa al Jap\u00f3, Nicoya a Costa Rica, i Loma Linda a Calif\u00f2rnia-. Hi ha milions de persones en l&#8217;actualitat que, combinant la medicina antienvelliment i els aven\u00e7os dels trasplantaments, a base d&#8217;\u00f2rgans bioartificials, segueixen vius als 120 o 130 anys i han decidit perviure.<img decoding=\"async\" loading=\"lazy\" class=\"aligncenter wp-image-19957 size-full\" src=\"http:\/\/www.monempresarial.com\/wp-content\/uploads\/2019\/01\/cuadro-2-cat.jpg\" alt=\"\" width=\"701\" height=\"582\" srcset=\"https:\/\/www.monempresarial.com\/wp-content\/uploads\/2019\/01\/cuadro-2-cat.jpg 701w, https:\/\/www.monempresarial.com\/wp-content\/uploads\/2019\/01\/cuadro-2-cat-300x249.jpg 300w, https:\/\/www.monempresarial.com\/wp-content\/uploads\/2019\/01\/cuadro-2-cat-72x60.jpg 72w, https:\/\/www.monempresarial.com\/wp-content\/uploads\/2019\/01\/cuadro-2-cat-300x249@2x.jpg 600w, https:\/\/www.monempresarial.com\/wp-content\/uploads\/2019\/01\/cuadro-2-cat-72x60@2x.jpg 144w\" sizes=\"(max-width: 701px) 100vw, 701px\" \/><\/p>\n<blockquote>\n<h2 style=\"color: #00542d;\">Hi ha milions de persones en l&#8217;actualitat que, combinant la medicina antienvelliment i els aven\u00e7os dels trasplantaments, a base d&#8217;\u00f2rgans bioartificials, segueixen vius als 120 o 130 anys i han decidit perviure<\/h2>\n<\/blockquote>\n<p>No estem parlant nom\u00e9s de trasplantaments de cor, rony\u00f3, o fetge d&#8217;uns donants a altres receptors. Als \u00f2rgans humans que es trasplanten, cal afegir-hi els de diferents animals, com les rates, les ovelles, els porcs o els primats. Aix\u00f2 col\u00b7loca al mercat una quantitat abundant de teixit hum\u00e0 trasplantable, pulmons, p\u00e0ncrees, intestins prims, pell, nervis, venes, etc., que superen amb escreix les necessitats. I si fa 10 anys, no es podien trasplantar caps, retines, melses o ves\u00edcules biliars, avui els experiments realitzats avancen a marxes for\u00e7ades.<\/p>\n<p><img decoding=\"async\" loading=\"lazy\" class=\"aligncenter wp-image-19961 size-full\" src=\"http:\/\/www.monempresarial.com\/wp-content\/uploads\/2019\/01\/cuadro-3-cat-1.jpg\" alt=\"\" width=\"659\" height=\"582\" srcset=\"https:\/\/www.monempresarial.com\/wp-content\/uploads\/2019\/01\/cuadro-3-cat-1.jpg 659w, https:\/\/www.monempresarial.com\/wp-content\/uploads\/2019\/01\/cuadro-3-cat-1-300x265.jpg 300w, https:\/\/www.monempresarial.com\/wp-content\/uploads\/2019\/01\/cuadro-3-cat-1-300x265@2x.jpg 600w\" sizes=\"(max-width: 659px) 100vw, 659px\" \/><\/p>\n","protected":false},"excerpt":{"rendered":"<p>Fa 10 o 12 anys, algun expert parlava de la &#8220;tempesta perfecta&#8221; en referir-se a all\u00f2 que estava passant pels volts del 2020 amb l&#8217;empenta dels big data, la intel\u00b7lig\u00e8ncia artificial i l&#8217;Internet de les coses, entre altres aven\u00e7os de l&#8217;era digital. Pobre insensat, li diria des d&#8217;aquest any glori\u00f3s 2030. Ni hi ha hagut [&hellip;]<\/p>\n","protected":false},"author":34,"featured_media":19949,"comment_status":"open","ping_status":"open","sticky":false,"template":"","format":"standard","meta":{"_mi_skip_tracking":false,"mc4wp_mailchimp_campaign":[],"jnews-multi-image_gallery":[],"jnews_single_post":[],"jnews_primary_category":[]},"categories":[10846,10816,7418],"tags":[1013,7624,7625,7626,7627,7628,7629],"_links":{"self":[{"href":"https:\/\/www.monempresarial.com\/ca\/wp-json\/wp\/v2\/posts\/19938"}],"collection":[{"href":"https:\/\/www.monempresarial.com\/ca\/wp-json\/wp\/v2\/posts"}],"about":[{"href":"https:\/\/www.monempresarial.com\/ca\/wp-json\/wp\/v2\/types\/post"}],"author":[{"embeddable":true,"href":"https:\/\/www.monempresarial.com\/ca\/wp-json\/wp\/v2\/users\/34"}],"replies":[{"embeddable":true,"href":"https:\/\/www.monempresarial.com\/ca\/wp-json\/wp\/v2\/comments?post=19938"}],"version-history":[{"count":1,"href":"https:\/\/www.monempresarial.com\/ca\/wp-json\/wp\/v2\/posts\/19938\/revisions"}],"predecessor-version":[{"id":47765,"href":"https:\/\/www.monempresarial.com\/ca\/wp-json\/wp\/v2\/posts\/19938\/revisions\/47765"}],"wp:featuredmedia":[{"embeddable":true,"href":"https:\/\/www.monempresarial.com\/ca\/wp-json\/wp\/v2\/media\/19949"}],"wp:attachment":[{"href":"https:\/\/www.monempresarial.com\/ca\/wp-json\/wp\/v2\/media?parent=19938"}],"wp:term":[{"taxonomy":"category","embeddable":true,"href":"https:\/\/www.monempresarial.com\/ca\/wp-json\/wp\/v2\/categories?post=19938"},{"taxonomy":"post_tag","embeddable":true,"href":"https:\/\/www.monempresarial.com\/ca\/wp-json\/wp\/v2\/tags?post=19938"}],"curies":[{"name":"wp","href":"https:\/\/api.w.org\/{rel}","templated":true}]}}