{"id":20003,"date":"2019-01-18T09:00:27","date_gmt":"2019-01-18T08:00:27","guid":{"rendered":"http:\/\/www.monempresarial.com\/?p=20003"},"modified":"2025-09-24T12:04:52","modified_gmt":"2025-09-24T10:04:52","slug":"smart-people-educacio-i-smart-city","status":"publish","type":"post","link":"https:\/\/www.monempresarial.com\/ca\/2019\/01\/18\/smart-people-educacio-i-smart-city\/","title":{"rendered":"Smart People.<\/span> Educaci\u00f3 i Smart City"},"content":{"rendered":"<p><img decoding=\"async\" loading=\"lazy\" class=\"wp-image-20001 alignright\" src=\"https:\/\/www.monempresarial.com\/wp-content\/uploads\/2018\/12\/Foto-Xavier-Torrens-TRATADA-1.jpg\" alt=\"\" width=\"227\" height=\"283\" \/><\/p>\n<h4>Una Smart City compta amb les tecnologies de la informaci\u00f3 i la comunicaci\u00f3, la gesti\u00f3 mediambiental, la gesti\u00f3 participativa, el desenvolupament econ\u00f2mic i el capital social. Per\u00f2 la creativitat urbana nom\u00e9s neix quan una ciutat intel\u00b7ligent, amb l\u2019educaci\u00f3, fa cr\u00e9ixer la intel\u00b7lig\u00e8ncia dels humans que l\u2019habiten.<\/h4>\n<h4><a style=\"color: #ae0f09;\" href=\"http:\/\/monempresarial.com\/author\/xtorrens\/\">Xavier Torrens.<\/a> Professor de Ci\u00e8ncia Pol\u00edtica a la UB. Polit\u00f2leg i soci\u00f2leg.<\/h4>\n<hr \/>\n<p>Sovint, quan es parla de ciutats intel\u00b7ligents, es fa refer\u00e8ncia a les tecnologies de la informaci\u00f3 i la comunicaci\u00f3 (TIC) i la digitalitzaci\u00f3 d\u2019infraestructures com el transport i els edificis. S\u2019hi afegeixen \u00edtems com la gesti\u00f3 mediambiental, la gesti\u00f3 participativa, el desenvolupament econ\u00f2mic i el capital social o relacional. Per\u00f2 un gran nombre de vegades hi queda arraconat all\u00f2 que \u00e9s la clau de volta de tot plegat: el rol del capital hum\u00e0 i l\u2019educaci\u00f3 que fan factible la creativitat urbana.<\/p>\n<p><img decoding=\"async\" loading=\"lazy\" class=\"aligncenter wp-image-19983 \" src=\"https:\/\/www.monempresarial.com\/wp-content\/uploads\/2018\/12\/cuadro-1-cat.jpg\" alt=\"\" width=\"565\" height=\"333\" srcset=\"https:\/\/www.monempresarial.com\/wp-content\/uploads\/2018\/12\/cuadro-1-cat.jpg 1269w, https:\/\/www.monempresarial.com\/wp-content\/uploads\/2018\/12\/cuadro-1-cat-300x177.jpg 300w, https:\/\/www.monempresarial.com\/wp-content\/uploads\/2018\/12\/cuadro-1-cat-1024x604.jpg 1024w, https:\/\/www.monempresarial.com\/wp-content\/uploads\/2018\/12\/cuadro-1-cat-300x177@2x.jpg 600w\" sizes=\"(max-width: 565px) 100vw, 565px\" \/><\/p>\n<blockquote>\n<h2><span style=\"color: #ae0f09;\">Segons les dades de l\u2019Observatori Nacional de les Telecomunicacions i de la Societat de la Informaci\u00f3 (ONTSI), el pressupost destinat a les Smarts Cities sit\u00faa la intel\u00b7lig\u00e8ncia de les persones inteligencia de las personas en \u00faltim lloc. Aix\u00f2 ho diu tot de la transformaci\u00f3 tecnol\u00f2gica, digital i rob\u00f2tica de les ciutats espanyoles<\/span><\/h2>\n<\/blockquote>\n<p><strong><span style=\"color: #828995;\">Smart cities<\/span><\/strong><img decoding=\"async\" loading=\"lazy\" class=\"wp-image-19987 alignleft\" src=\"https:\/\/www.monempresarial.com\/wp-content\/uploads\/2018\/12\/cuadro-2-cat.jpg\" alt=\"\" width=\"226\" height=\"334\" srcset=\"https:\/\/www.monempresarial.com\/wp-content\/uploads\/2018\/12\/cuadro-2-cat.jpg 426w, https:\/\/www.monempresarial.com\/wp-content\/uploads\/2018\/12\/cuadro-2-cat-203x300.jpg 203w, https:\/\/www.monempresarial.com\/wp-content\/uploads\/2018\/12\/cuadro-2-cat-203x300@2x.jpg 406w\" sizes=\"(max-width: 226px) 100vw, 226px\" \/>Segons les dades de l\u2019Observatori Nacional de les Telecomunicacions i de la Societat de la Informaci\u00f3 (ONTSI), el pressupost destinat a les Smarts Cities es distribueix seguint aquest ordre: primer, entorn intel\u00b7ligent; segon, vida intel\u00b7ligent; tercer, mobilitat intel\u00b7ligent; quart, governan\u00e7a intel\u00b7ligent; cinqu\u00e8, economia intel\u00b7ligent; i, per \u00faltim, en sis\u00e8 lloc, gent intel\u00b7ligent. La intel\u00b7lig\u00e8ncia humana es troba a la cua.<br \/>\nFixem-nos b\u00e9 en el barem: en el darrer lloc, se situa la intel\u00b7lig\u00e8ncia de les persones. Aix\u00f2 ho diu tot de la transformaci\u00f3 tecnol\u00f2gica, digital i rob\u00f2tica de les ciutats espanyoles.Espanya ocupa el tercer lloc mundial en consum d\u2019Internet setmanal per a entreteniment (sense fins professionals), per\u00f2, en contrast, la posici\u00f3 espanyola en h\u00e0bit lector s\u2019allunya fins al retardat n\u00famero 19.<\/p>\n<p><strong><span style=\"color: #828995;\">Situaci\u00f3 educativa real<\/span><\/strong><br \/>\nLa Xarxa Espanyola de Ciutats Intel\u00b7ligents (RECI) t\u00e9 cinc grups de treball. Cap d\u2019ells t\u00e9 l\u2019educaci\u00f3 com a eix central. Nom\u00e9s en un dels grups de treball s\u2019hi inclou l\u2019educaci\u00f3: en el grup de treball d\u2019innovaci\u00f3 social, que t\u00e9 vuit \u00edtems, on l\u2019educaci\u00f3 es troba en el set\u00e8 i pen\u00faltim lloc. De fet, en l\u2019\u00edndex del Plan Nacional de Ciudades Inteligentes no hi surt ni un sol cop la paraula \u2018educaci\u00f3\u2019.<br \/>\nEspanya recula fins l\u2019endarrerit lloc n\u00famero 25 en comprensi\u00f3 lectora, la posici\u00f3 30 en ci\u00e8ncies i el rang 32 en matem\u00e0tiques en el r\u00e0nquing internacional de l\u2019informe PISA sobre educaci\u00f3. Un altre indicador: Espanya \u00e9s el segon pa\u00eds d\u2019Europa que m\u00e9s hores veu la televisi\u00f3, despr\u00e9s d\u2019It\u00e0lia. I a t\u00edtol il\u00b7lustratiu: arrasa GH VIP, de Tele 5. La cultura audiovisual supera la cultura de la lectoescriptura, que \u00e9s el fonament intel\u00b7ligent d\u2019una ciutat intel\u00b7ligent, i no pas la cultura oral i visual.<\/p>\n<p style=\"text-align: center;\"><img decoding=\"async\" loading=\"lazy\" class=\"wp-image-19991 aligncenter\" src=\"https:\/\/www.monempresarial.com\/wp-content\/uploads\/2018\/12\/cuadro-3-cat.jpg\" alt=\"\" width=\"536\" height=\"356\" srcset=\"https:\/\/www.monempresarial.com\/wp-content\/uploads\/2018\/12\/cuadro-3-cat.jpg 834w, https:\/\/www.monempresarial.com\/wp-content\/uploads\/2018\/12\/cuadro-3-cat-300x199.jpg 300w, https:\/\/www.monempresarial.com\/wp-content\/uploads\/2018\/12\/cuadro-3-cat-252x167.jpg 252w, https:\/\/www.monempresarial.com\/wp-content\/uploads\/2018\/12\/cuadro-3-cat-300x199@2x.jpg 600w, https:\/\/www.monempresarial.com\/wp-content\/uploads\/2018\/12\/cuadro-3-cat-252x167@2x.jpg 504w\" sizes=\"(max-width: 536px) 100vw, 536px\" \/><\/p>\n<blockquote>\n<h2><span style=\"color: #ae0f09;\">Tenim un problema d\u2019intel\u00b7lig\u00e8ncia. Per\u00f2 no d\u2019intel\u00b7lig\u00e8ncia artificial sin\u00f3 d\u2019intel\u00b7lig\u00e8ncia humana. Barcelona, Madrid, M\u00e0laga, Val\u00e8ncia, Sevilla, Bilbao i A Coru\u00f1a s\u00f3n urbs espanyoles estimades com a ciutats intel\u00b7ligents. Per\u00f2 arraconen l\u2019educaci\u00f3 de la gent<\/span><\/h2>\n<\/blockquote>\n<p><strong><span style=\"color: #828995;\">Ciutats intel.ligents<\/span><\/strong><br \/>\nTenim un problema d\u2019intel\u00b7lig\u00e8ncia. Per\u00f2 no d\u2019intel\u00b7lig\u00e8ncia artificial, sin\u00f3 d\u2019intel\u00b7lig\u00e8ncia humana. Barcelona, Madrid, M\u00e0laga, Val\u00e8ncia, Sevilla, Bilbao i A Coru\u00f1a s\u00f3n urbs espanyoles estimades com a ciutats intel\u00b7ligents. Per\u00f2 n\u2019arraconen la clau: l\u2019educaci\u00f3. \u00c9s paradoxal, per\u00f2 s\u2019obliden que el nucli dur d\u2019una ciutat intel\u00b7ligent \u00e9s la gent intel\u00b7ligent. L\u2019Smart People!<\/p>\n<p><img decoding=\"async\" loading=\"lazy\" class=\" wp-image-19995 alignleft\" src=\"https:\/\/www.monempresarial.com\/wp-content\/uploads\/2018\/12\/cuadro-4-cat.jpg\" alt=\"\" width=\"230\" height=\"622\" srcset=\"https:\/\/www.monempresarial.com\/wp-content\/uploads\/2018\/12\/cuadro-4-cat.jpg 318w, https:\/\/www.monempresarial.com\/wp-content\/uploads\/2018\/12\/cuadro-4-cat-111x300.jpg 111w, https:\/\/www.monempresarial.com\/wp-content\/uploads\/2018\/12\/cuadro-4-cat-111x300@2x.jpg 222w\" sizes=\"(max-width: 230px) 100vw, 230px\" \/><\/p>\n<p><strong><span style=\"color: #828995;\">Ments intel.ligents<\/span><\/strong><br \/>\nRedes.es, entitat p\u00fablica empresarial del Ministeri d\u2019Economia i Empresa, cal que prioritzi l\u2019educaci\u00f3 aprenent de Finl\u00e0ndia en educaci\u00f3 prim\u00e0ria i secund\u00e0ria, emulant Alemanya en formaci\u00f3 professional i fixant-se en els Estats Units i Canad\u00e0 en educaci\u00f3 universit\u00e0ria. Mentre no ho faci, certament tindrem entorns, processos, b\u00e9ns, productes, serveis, objectes, instruments, eines i dispositius intel\u00b7ligents, per\u00f2 poques ments intel\u00b7ligents.<br \/>\nUna ciutat podr\u00e0 ser formalment qualificada de digital (o intel\u00b7ligent) quan el seu principal objectiu segueixin sent les infraestructures de les TIC, per\u00f2 mentre deixi enrere l\u2019ensenyament, llavors el seu capital hum\u00e0 prosseguir\u00e0 amb pobresa intel\u00b7lectual. All\u00f2 que fora bo seria el creixent rol del capital hum\u00e0 i l\u2019educaci\u00f3 com a important motor del creixement urb\u00e0.<\/p>\n","protected":false},"excerpt":{"rendered":"<p>Una Smart City compta amb les tecnologies de la informaci\u00f3 i la comunicaci\u00f3, la gesti\u00f3 mediambiental, la gesti\u00f3 participativa, el desenvolupament econ\u00f2mic i el capital social. Per\u00f2 la creativitat urbana nom\u00e9s neix quan una ciutat intel\u00b7ligent, amb l\u2019educaci\u00f3, fa cr\u00e9ixer la intel\u00b7lig\u00e8ncia dels humans que l\u2019habiten. Xavier Torrens. Professor de Ci\u00e8ncia Pol\u00edtica a la UB. [&hellip;]<\/p>\n","protected":false},"author":16,"featured_media":20005,"comment_status":"closed","ping_status":"closed","sticky":false,"template":"","format":"standard","meta":{"_mi_skip_tracking":false,"mc4wp_mailchimp_campaign":[],"jnews-multi-image_gallery":[],"jnews_single_post":[],"jnews_primary_category":[]},"categories":[10847,10816,24],"tags":[738,931,2470,4949,5963,7536,8110],"_links":{"self":[{"href":"https:\/\/www.monempresarial.com\/ca\/wp-json\/wp\/v2\/posts\/20003"}],"collection":[{"href":"https:\/\/www.monempresarial.com\/ca\/wp-json\/wp\/v2\/posts"}],"about":[{"href":"https:\/\/www.monempresarial.com\/ca\/wp-json\/wp\/v2\/types\/post"}],"author":[{"embeddable":true,"href":"https:\/\/www.monempresarial.com\/ca\/wp-json\/wp\/v2\/users\/16"}],"replies":[{"embeddable":true,"href":"https:\/\/www.monempresarial.com\/ca\/wp-json\/wp\/v2\/comments?post=20003"}],"version-history":[{"count":1,"href":"https:\/\/www.monempresarial.com\/ca\/wp-json\/wp\/v2\/posts\/20003\/revisions"}],"predecessor-version":[{"id":47764,"href":"https:\/\/www.monempresarial.com\/ca\/wp-json\/wp\/v2\/posts\/20003\/revisions\/47764"}],"wp:featuredmedia":[{"embeddable":true,"href":"https:\/\/www.monempresarial.com\/ca\/wp-json\/wp\/v2\/media\/20005"}],"wp:attachment":[{"href":"https:\/\/www.monempresarial.com\/ca\/wp-json\/wp\/v2\/media?parent=20003"}],"wp:term":[{"taxonomy":"category","embeddable":true,"href":"https:\/\/www.monempresarial.com\/ca\/wp-json\/wp\/v2\/categories?post=20003"},{"taxonomy":"post_tag","embeddable":true,"href":"https:\/\/www.monempresarial.com\/ca\/wp-json\/wp\/v2\/tags?post=20003"}],"curies":[{"name":"wp","href":"https:\/\/api.w.org\/{rel}","templated":true}]}}