{"id":20273,"date":"2019-03-27T09:00:09","date_gmt":"2019-03-27T08:00:09","guid":{"rendered":"http:\/\/www.monempresarial.com\/?p=20273"},"modified":"2025-06-06T10:17:26","modified_gmt":"2025-06-06T08:17:26","slug":"entrevista-a-tibor-navracsics-comissari-europeu-deducacio-cultura-joventut-i-esport","status":"publish","type":"post","link":"https:\/\/www.monempresarial.com\/ca\/2019\/03\/27\/entrevista-a-tibor-navracsics-comissari-europeu-deducacio-cultura-joventut-i-esport\/","title":{"rendered":"Entrevista a Tibor Navracsics,<\/span><\/span> Comissari europeu d\u2019Educaci\u00f3, Cultura, Joventut i Esport"},"content":{"rendered":"<h4>Tibor Navracsics (Vezspr\u00e9m, 1966) \u00e9s el comissari hongar\u00e8s d\u2019Educaci\u00f3, Cultura, Joventut i Esport. Advocat i Doctor en Ci\u00e8ncies Pol\u00edtiques, va ser professor al seu pa\u00eds per despr\u00e9s fer el salt a la pol\u00edtica; hi va entrar el 2006. Va ser vice primer ministre encarregat d\u2019Administracions P\u00fabliques i Just\u00edcia i Ministre d\u2019Afers Exteriors i Comer\u00e7. Ara far\u00e0 gaireb\u00e9 cinc anys que est\u00e0 al c\u00e0rrec d\u2019una cartera europea molt apreciada pels ciutadans, ja que entre les seves feines hi ha aconseguir que el programa ins\u00edgnia de la UE, l\u2019Erasmus+, segueixi endavant.<\/h4>\n<h4>Text: <a style=\"color: #719f8c;\" href=\"http:\/\/monempresarial.com\/author\/eherrera\/\">Esther Herrera.<\/a><br \/>\nFotos: <strong>Comissi\u00f3 Europea<\/strong><\/h4>\n<hr \/>\n<figure id=\"attachment_20286\" aria-describedby=\"caption-attachment-20286\" style=\"width: 726px\" class=\"wp-caption aligncenter\"><img decoding=\"async\" loading=\"lazy\" class=\"wp-image-20286 \" src=\"http:\/\/www.monempresarial.com\/wp-content\/uploads\/2019\/03\/P035875002101-776947.jpg\" alt=\"\" width=\"726\" height=\"485\" srcset=\"https:\/\/www.monempresarial.com\/wp-content\/uploads\/2019\/03\/P035875002101-776947.jpg 840w, https:\/\/www.monempresarial.com\/wp-content\/uploads\/2019\/03\/P035875002101-776947-300x200.jpg 300w, https:\/\/www.monempresarial.com\/wp-content\/uploads\/2019\/03\/P035875002101-776947-252x167.jpg 252w, https:\/\/www.monempresarial.com\/wp-content\/uploads\/2019\/03\/P035875002101-776947-300x200@2x.jpg 600w, https:\/\/www.monempresarial.com\/wp-content\/uploads\/2019\/03\/P035875002101-776947-252x167@2x.jpg 504w\" sizes=\"(max-width: 726px) 100vw, 726px\" \/><figcaption id=\"caption-attachment-20286\" class=\"wp-caption-text\">Navracsics \u00e9s conscient que els ciutadans amb un nivell m\u00e9s alt d\u2019educaci\u00f3 estan menys exposats a l\u2019atur i juguen un rol m\u00e9s actiu en la societat. Per aix\u00f2, una de les prioritats de la seva cartera \u00e9s \u201ccontinuar treballant per a assegurar que l\u2019educaci\u00f3 superior doni a les persones les compet\u00e8ncies i la formaci\u00f3 necess\u00e0ria en el mercat laboral actual i el del futur\u201d.<\/figcaption><\/figure>\n<p><span style=\"color: #719f8c; font-weight: bold;\">L\u2019estrat\u00e8gia Europa 2030 ha fixat l\u2019objectiu que el 40% dels joves europeus tinguin estudis superiors. Ens apropem a aquest percentatge?<\/span><br \/>\nEn l\u2019\u00faltima d\u00e8cada, Europa ha viscut una gran expansi\u00f3 de l\u2019educaci\u00f3 superior. Quan vam comen\u00e7ar a treballar en el marc de l\u2019estrat\u00e8gia Europa 2020, aproximadament un ter\u00e7 dels adults joves a Europa tenien un t\u00edtol universitari. El 2017, aquest percentatge era del 39,9%. Aix\u00f2 significa que estem a punt d\u2019arribar-hi, tot i que ja sabem que, de mitjana, les dones a Europa ja hi van arribar el 2012.<br \/>\nTot i aix\u00ed, hi ha importants difer\u00e8ncies: tenim cinc pa\u00efsos on m\u00e9s de la meitat dels adults joves tenen un t\u00edtol universitari (Su\u00e8cia, Luxemburg, Irlanda, Xipre i Litu\u00e0nia) i, alhora, hi ha tres pa\u00efsos que estan per sota del 30% (Romania, It\u00e0lia i Cro\u00e0cia). Espanya t\u00e9 una taxa alta, i va sobrepassar el 40% ja l\u2019any 2007. Sabem que els ciutadans que tenen nivells m\u00e9s alts d\u2019educaci\u00f3 tenen un risc inferior d\u2019atur, tendeixen a tenir sous m\u00e9s alts, es beneficien de les oportunitats de la formaci\u00f3 cont\u00ednua i juguen un rol molt m\u00e9s actiu en la societat. No obstant aix\u00f2, per garantir que tant els ciutadans com la societat en el seu conjunt puguin obtenir el m\u00e0xim de beneficis, hem de seguir treballant per assegurar que l\u2019educaci\u00f3 superior doni a les persones les compet\u00e8ncies i la formaci\u00f3 necess\u00e0ria en el mercat laboral actual i el del futur. Els graduats universitaris han de tenir possibilitats de trobar una feina i, aqu\u00ed, encara queda feina per fer.<\/p>\n<h2 style=\"color: #719f8c; text-align: center;\">\u201cLa recuperaci\u00f3 econ\u00f2mica tan positiva que hem vist a Europa ha contribu\u00eft a un problema: l\u2019augment de la demanda de treballadors poc qualificats en sectors com el turisme i la construcci\u00f3. Aix\u00f2 \u00e9s una cosa que els estats membres han d\u2019abordar.\u201d<\/h2>\n<p><span style=\"color: #719f8c; font-weight: bold;\">Tamb\u00e9 tenen l\u2019objectiu de reduir un 10% l\u2019abandonament escolar. La UE est\u00e0 a temps d\u2019aconseguir-ho?<\/span><img decoding=\"async\" loading=\"lazy\" class=\" wp-image-20280 alignright\" src=\"http:\/\/www.monempresarial.com\/wp-content\/uploads\/2019\/03\/ilustraci\u00f3n-1.jpg\" alt=\"\" width=\"280\" height=\"262\" srcset=\"https:\/\/www.monempresarial.com\/wp-content\/uploads\/2019\/03\/ilustraci\u00f3n-1.jpg 441w, https:\/\/www.monempresarial.com\/wp-content\/uploads\/2019\/03\/ilustraci\u00f3n-1-300x281.jpg 300w\" sizes=\"(max-width: 280px) 100vw, 280px\" \/><br \/>\nDe mitjana, l\u2019abandonament escolar s\u2019ha redu\u00eft en el \u00faltims anys, tamb\u00e9 en el cas d\u2019Espanya, on ha minvat substancialment. Aix\u00ed que crec que s\u00ed \u00e9s possible arribar a l\u2019objectiu al 2020; de fet, hi som molt a prop. No obstant, si mirem detingudament les xifres entre els estats membres es pot veure que encara hi ha regions i determinats grups de la societat que estan lluny d\u2019aquest objectiu. La bretxa de g\u00e8nere est\u00e0 entre un dels principals reptes. La situaci\u00f3 \u00e9s encara m\u00e9s dif\u00edcil entre els pa\u00efsos del sud i sud-est d\u2019Europa, especialment entre les persones migrants. La recuperaci\u00f3 econ\u00f2mica tan positiva que hem vist a Europa, per\u00f2, ha contribu\u00eft \u2014al menys d\u2019alguna forma\u2014 a un problema: l\u2019augment de la de manda de treballadors poc qualificats en sectors com el turisme i la construcci\u00f3. Aix\u00f2 \u00e9s una cosa que els estats membres han d\u2019abordar.<\/p>\n<p><span style=\"color: #719f8c; font-weight: bold;\">Molts nens a Europa pateixen assetjament en els centres escolars, especialment per la seva identitat o orientaci\u00f3 sexual. Com creu que s\u2019hauria de tractar aquesta q\u00fcesti\u00f3?<\/span><br \/>\nLa viol\u00e8ncia a les escoles \u00e9s un problema molt est\u00e8s a la nostra societat, i aix\u00f2 \u00e9s inacceptable. Un informe recent de la Comissi\u00f3 Europea assegura que els joves LGTBI pateixen els nivells m\u00e9s alts de prejudicis i de viol\u00e8ncia. Cal crear un ambient educatiu segur per tots els nens i joves. El Programa Erasmus+ ja hi ha donat suport a trav\u00e9s de 200 programes que fomenten la igualtat en el col\u00b7lectiu LGTBI, la mobilitzaci\u00f3 dels joves, i donant suport a associacions i contribuint al debat p\u00fablic.<\/p>\n<blockquote>\n<h2 style=\"color: #719f8c; text-align: center;\">\u201cMoltes de les feines del futur necessitaran persones que aprenguin constantment i que s\u00e0piguen moure\u2019s en un ambient competitiu, adaptant-se, pensant de forma cr\u00edtica, treballant en equip, demostrant lideratge i amb iniciativa.\u201d<\/h2>\n<\/blockquote>\n<h2 style=\"color: #719f8c; text-align: center;\"><img decoding=\"async\" loading=\"lazy\" class=\" wp-image-20276 alignleft\" src=\"http:\/\/www.monempresarial.com\/wp-content\/uploads\/2019\/03\/ilustraci\u00f3n-1-a.jpg\" alt=\"\" width=\"270\" height=\"303\" srcset=\"https:\/\/www.monempresarial.com\/wp-content\/uploads\/2019\/03\/ilustraci\u00f3n-1-a.jpg 441w, https:\/\/www.monempresarial.com\/wp-content\/uploads\/2019\/03\/ilustraci\u00f3n-1-a-267x300.jpg 267w\" sizes=\"(max-width: 270px) 100vw, 270px\" \/><\/h2>\n<p><span style=\"color: #719f8c; font-weight: bold;\">Precisament, per aquest any s\u2019ha proposat augmentar els fons d\u2019Erasmus+ en 300 milions d\u2019euros (10% m\u00e9s que el 2018). Esp<\/span><span style=\"color: #719f8c; font-weight: bold;\">eren tamb\u00e9 un augment del nombre d\u2019estudiants que es benefici\u00efn del programa?<\/span><br \/>\nEstic molt content que hi hagi un nou augment del pressupost per a aquest any. Aix\u00f2 significa que m\u00e9s estudiants tindran l\u2019oportunitat de viatjar fora o de fer unes pr\u00e0ctiques. Volem enfocar-nos especialment a aconseguir que estudiants que conviuen en entorns m\u00e9s desfavorables puguin beneficiar-se\u2019n. L\u2019augment tamb\u00e9 ajudar\u00e0 a la mobilitat d\u2019acad\u00e8mics i de treballadors administratius, aix\u00ed com donar\u00e0 suport a la formaci\u00f3 professional, a activitats per als joves i per a l\u2019esport. De fet, volem tenir un programa m\u00e9s accessible i inclusiu amb m\u00e9s oportunitats per a tothom, estudiants d\u2019universitat i formaci\u00f3 professional. Segons l\u2019\u00faltim informe sobre Erasmus, l\u2019any 2017, amb un pressupost de 2.600 milions, vam donar oportunitat a gaireb\u00e9 800.000 persones que van destinar el seu temps a formar-se, aprendre i fer voluntariat. I pel proper per\u00edode 2021-2027 volem doblar el pressupost a 30.000 milions d\u2019euros. Aix\u00f2 ens permetr\u00e0 que el programa sigui encara m\u00e9s inclusiu, m\u00e9s internacional i enfocat a la innovaci\u00f3.<\/p>\n<p><span style=\"color: #719f8c; font-weight: bold;\">La formaci\u00f3 cont\u00ednua \u00e9s una eina que ha ajudat molts treballadors a trobar millors feines i alhora els ha perm\u00e8s seguir formant-se. Qu\u00e8 ha fet la Comissi\u00f3 Europea per promocionar-la?<\/span><br \/>\nMai no es deixa d\u2019aprendre. La formaci\u00f3 cont\u00ednua en l\u2019educaci\u00f3 i la formaci\u00f3 professional s\u00f3n essencials si volem tenir \u00e8xit a reduir la bretxa digital i fer que la gent s\u2019adapti als m\u00faltiples canvis de la seva futura carrera professional. Moltes de les feines del futur necessitaran persones que aprenguin constantment i que s\u00e0piguen moure\u2019s en un ambient competitiu, adaptant-se, pensant de forma cr\u00edtica, treballant en equip, demostrant lideratge i amb iniciativa. De fet, la UE est\u00e0 promocionant aquest enfoc a trav\u00e9s de totes les seves pol\u00edtiques educatives.<br \/>\nL\u2019aprenentatge durant l\u2019etapa adulta \u00e9s tamb\u00e9 important. Promovem l\u2019intercanvi de bones pr\u00e0ctiques entre estats membres; promovem la recerca i invertim en la formaci\u00f3 dels individus. Al voltant del 5% del pressupost d\u2019Erasmus+ est\u00e0 destinat a la mobilitat del personal docent; per a cooperaci\u00f3 entre organitzacions internacionals, com centres educatius per a adults. Per ajudar a fer que el sector sigui m\u00e9s efectiu, la Comissi\u00f3 Europea tamb\u00e9 inverteix en EPALE, una plataforma electr\u00f2nica per a qualsevol persona que treballi en la formaci\u00f3 per a adults.<\/p>\n<p><span style=\"color: #719f8c; font-weight: bold;\">A trav\u00e9s de la Targeta Europea d\u2019Estudiant i de la xarxa d\u2019Universitats Europees, la Comissi\u00f3 vol millorar la seva competitivitat. Per\u00f2 no troba que en aquest camp els centres europeus encara estan lluny del nivell de les universitats nord-americanes?<\/span><br \/>\nHem de portar la cooperaci\u00f3 europea al seg\u00fcent nivell. Aquesta \u00e9s la funci\u00f3 de la xarxa d\u2019Universitats Europees i la Targeta Europea d\u2019Estudiant. Aquestes iniciatives ens permeten transformar la nostra educaci\u00f3 superior perqu\u00e8 sigui m\u00e9s innovadora, m\u00e9s rellevant i inclusiva. A m\u00e9s, els campus de la xarxa d\u2019Universitats Europees podran portar equips transnacionals de professorat i investigadors i encarar els reptes m\u00e9s importants de la societat, implicant els estudiants de tots els nivells educatius gr\u00e0cies a una forma din\u00e0mica i innovadora d\u2019aprendre. Els estudiants tamb\u00e9 podran adaptar el seu pla d\u2019estudis entre les diferents universitats obtenint, aix\u00ed, un t\u00edtol europeu. A m\u00e9s, la Targeta Europea ajudar\u00e0 a la mobilitat perqu\u00e8 sigui m\u00e9s f\u00e0cil, tant per als estudiants com per a les universitats, reduint la burocr\u00e0cia. I ens agradaria que tot aquest proc\u00e9s innovador amb les Universitats Europees sigui una realitat a partir del 2025 a tot el continent. Aix\u00f2 contribuir\u00e0 a fer que les nostres universitats siguin m\u00e9s competitives i atractives per a estudiants d\u2019arreu del m\u00f3n.<\/p>\n<p><img decoding=\"async\" loading=\"lazy\" class=\" wp-image-20282 alignright\" src=\"http:\/\/www.monempresarial.com\/wp-content\/uploads\/2019\/03\/ilustraci\u00f3n-2.jpg\" alt=\"\" width=\"229\" height=\"220\" srcset=\"https:\/\/www.monempresarial.com\/wp-content\/uploads\/2019\/03\/ilustraci\u00f3n-2.jpg 411w, https:\/\/www.monempresarial.com\/wp-content\/uploads\/2019\/03\/ilustraci\u00f3n-2-300x288.jpg 300w\" sizes=\"(max-width: 229px) 100vw, 229px\" \/><\/p>\n<blockquote>\n<h2 style=\"color: #719f8c; text-align: center;\">\u201cLa xarxa d\u2019Universitats Europees i la Targeta Europea d\u2019Estudiant ens permeten transformar la nostra educaci\u00f3 superior perqu\u00e8 sigui m\u00e9s innovadora, m\u00e9s rellevant i inclusiva.\u201d<\/h2>\n<\/blockquote>\n<p><span style=\"color: #719f8c; font-weight: bold;\">Fa un any va n\u00e9ixer la iniciativa DiscoverEU que permet als joves de 18 anys viatjar arreu d\u2019Europa amb l\u2019ajuda de fons europeus. En un moment de creixent desafecci\u00f3 amb la UE, creu que far\u00e0 que se sentin m\u00e9s propers al projecte europeu?<\/span><br \/>\nS\u00ed, absolutament. DiscoverEU els dona l\u2019oportunitat d\u2019aprendre sobre la cultura europea i la seva diversitat i viure l\u2019experi\u00e8ncia del qu\u00e8 significa ser europeu de prop. \u00c9s simple i accessible per a tothom, sense importar el seu origen. DiscoverEU juga un rol clau perqu\u00e8 d\u00f3na als joves europeus oportunitats per viatjar fora i desenvolupar una identitat europea. Per aix\u00f2, volem enfortir l\u2019iniciativa a trav\u00e9s del programa Erasmus a partir del 2020. Gaireb\u00e9 180.000 joves europeus es van presentar a la iniciativa per obtenir algun dels prop de 30.000 bitllets que vam oferir el 2018.<br \/>\nEspero que l\u2019experi\u00e8ncia dels joves amb DiscoverEU no sigui el final de la seva hist\u00f2ria amb Europa, sin\u00f3 el comen\u00e7ament. Els pot inspirar, tamb\u00e9, a participar en m\u00e9s programes europeus. A m\u00e9s, m\u2019agradaria que es convertissin en ambaixadors per Europa, no nom\u00e9s votant en les eleccions al Parlament Europeu, sin\u00f3 motivant als seus amics que facin el mateix, ajudant-nos a crear l\u2019Europa del futur gr\u00e0cies a les seves accions.<\/p>\n","protected":false},"excerpt":{"rendered":"<p>Tibor Navracsics (Vezspr\u00e9m, 1966) \u00e9s el comissari hongar\u00e8s d\u2019Educaci\u00f3, Cultura, Joventut i Esport. Advocat i Doctor en Ci\u00e8ncies Pol\u00edtiques, va ser professor al seu pa\u00eds per despr\u00e9s fer el salt a la pol\u00edtica; hi va entrar el 2006. Va ser vice primer ministre encarregat d\u2019Administracions P\u00fabliques i Just\u00edcia i Ministre d\u2019Afers Exteriors i Comer\u00e7. Ara far\u00e0 gaireb\u00e9 cinc anys que est\u00e0 al c\u00e0rrec d\u2019una cartera europea molt apreciada pels ciutadans, ja que entre les seves feines hi ha aconseguir que el programa ins\u00edgnia de la UE, l\u2019Erasmus+, segueixi endavant.<\/p>\n","protected":false},"author":1,"featured_media":20292,"comment_status":"open","ping_status":"open","sticky":false,"template":"","format":"standard","meta":{"_mi_skip_tracking":false,"mc4wp_mailchimp_campaign":[],"jnews-multi-image_gallery":[],"jnews_single_post":[],"jnews_primary_category":[]},"categories":[10820,10821,10822,12,33,13],"tags":[143,146,2333,2803,5455],"_links":{"self":[{"href":"https:\/\/www.monempresarial.com\/ca\/wp-json\/wp\/v2\/posts\/20273"}],"collection":[{"href":"https:\/\/www.monempresarial.com\/ca\/wp-json\/wp\/v2\/posts"}],"about":[{"href":"https:\/\/www.monempresarial.com\/ca\/wp-json\/wp\/v2\/types\/post"}],"author":[{"embeddable":true,"href":"https:\/\/www.monempresarial.com\/ca\/wp-json\/wp\/v2\/users\/1"}],"replies":[{"embeddable":true,"href":"https:\/\/www.monempresarial.com\/ca\/wp-json\/wp\/v2\/comments?post=20273"}],"version-history":[{"count":1,"href":"https:\/\/www.monempresarial.com\/ca\/wp-json\/wp\/v2\/posts\/20273\/revisions"}],"predecessor-version":[{"id":46163,"href":"https:\/\/www.monempresarial.com\/ca\/wp-json\/wp\/v2\/posts\/20273\/revisions\/46163"}],"wp:featuredmedia":[{"embeddable":true,"href":"https:\/\/www.monempresarial.com\/ca\/wp-json\/wp\/v2\/media\/20292"}],"wp:attachment":[{"href":"https:\/\/www.monempresarial.com\/ca\/wp-json\/wp\/v2\/media?parent=20273"}],"wp:term":[{"taxonomy":"category","embeddable":true,"href":"https:\/\/www.monempresarial.com\/ca\/wp-json\/wp\/v2\/categories?post=20273"},{"taxonomy":"post_tag","embeddable":true,"href":"https:\/\/www.monempresarial.com\/ca\/wp-json\/wp\/v2\/tags?post=20273"}],"curies":[{"name":"wp","href":"https:\/\/api.w.org\/{rel}","templated":true}]}}