{"id":20323,"date":"2019-03-25T09:00:12","date_gmt":"2019-03-25T08:00:12","guid":{"rendered":"http:\/\/www.monempresarial.com\/?p=20323"},"modified":"2025-09-24T12:03:28","modified_gmt":"2025-09-24T10:03:28","slug":"la-formacion-continua-en-la-ue-el-reto-de-coordinar-entre-los-paises-el-aprendizaje-constante","status":"publish","type":"post","link":"https:\/\/www.monempresarial.com\/ca\/2019\/03\/25\/la-formacion-continua-en-la-ue-el-reto-de-coordinar-entre-los-paises-el-aprendizaje-constante\/","title":{"rendered":"La formaci\u00f3 cont\u00ednua a la UE:  <\/span>el repte de coordinar entre els pa\u00efsos l\u2019aprenentatge constant"},"content":{"rendered":"<p><strong>La Comissi\u00f3 Europea t\u00e9 entre els seus objectius en educaci\u00f3 que d\u2019aqu\u00ed l\u2019any 2020 un 15% de la poblaci\u00f3 adulta participi en activitats de formaci\u00f3 cont\u00ednua. L\u2019organitzaci\u00f3 i legislaci\u00f3 relativa a l\u2019educaci\u00f3 a la Uni\u00f3 Europea \u00e9s compet\u00e8ncia dels estats membres, per\u00f2 la UE dona suport a la formaci\u00f3 cont\u00ednua a trav\u00e9s de la coordinaci\u00f3 entre els pa\u00efsos, amb l\u2019objectiu que la fomentin com una forma clau d\u2019enriquiment de la societat. \u201cL\u2019aprenentatge no est\u00e0 nom\u00e9s limitat a un de sol ni a una fase vital espec\u00edfica, es produeix durant els anys de l\u2019etapa escolar, per\u00f2 tamb\u00e9 en altres contextos al llarg de la vida\u201d, recorden des de Brussel\u00b7les.<\/strong><\/p>\n<h4>Text: <a style=\"color: #719f8c;\" href=\"http:\/\/monempresarial.com\/author\/eherrera\/\">Esther Herrera<\/a><\/h4>\n<hr \/>\n<p>L\u2019any 2009, els pa\u00efsos de la UE es van comprometre a elaborar una estrat\u00e8gia sobre formaci\u00f3 cont\u00ednua. Forma part del programa Erasmus+, que permet a joves d\u2019universitats, de formaci\u00f3 professional i docents seguir-se formant a l\u2019estranger, tot i que tamb\u00e9 hi ha altres programes sota aquest paraigua. Entre ells, els projectes de formaci\u00f3 cont\u00ednua als quals s\u2019ha augmentat la dotaci\u00f3 en l\u2019\u00faltim any; en formen part 197 organitzacions que busquen identificar les necessitats que t\u00e9 el mercat laboral perqu\u00e8 connectin amb la formaci\u00f3 de les persones.<\/p>\n<p>En la reuni\u00f3 de ministres d\u2019Educaci\u00f3 de la UE del passat mes de maig, els titulars van incidir en la import\u00e0ncia de la formaci\u00f3 cont\u00ednua com un dels pilars b\u00e0sics en l\u2019educaci\u00f3. \u201cPer abordar un desenvolupament de les compet\u00e8ncies en una perspectiva de formaci\u00f3 cont\u00ednua, s\u2019ha de donar suport a tots els nivells d\u2019educaci\u00f3 (&#8230;) desenvolupar una educaci\u00f3 prim\u00e0ria de qualitat, enfortir l\u2019educaci\u00f3 a les escoles i assegurar un ensenyament excel\u00b7lent\u201d, van demanar els ministres en les seves conclusions.<\/p>\n<blockquote>\n<h2><span style=\"color: #719f8c;\"><img decoding=\"async\" loading=\"lazy\" class=\"wp-image-20307 alignright\" src=\"https:\/\/www.monempresarial.com\/wp-content\/uploads\/2019\/03\/1-1.jpg\" alt=\"\" width=\"156\" height=\"175\" srcset=\"https:\/\/www.monempresarial.com\/wp-content\/uploads\/2019\/03\/1-1.jpg 271w, https:\/\/www.monempresarial.com\/wp-content\/uploads\/2019\/03\/1-1-267x300.jpg 267w\" sizes=\"(max-width: 156px) 100vw, 156px\" \/>L\u2019any 2009, els pa\u00efsos de la UE es van comprometre a elaborar una estrat\u00e8gia sobre formaci\u00f3 cont\u00ednua. Forma part del programa Erasmus+, que permet a joves d\u2019universitats, de formaci\u00f3 professional i docents seguir-se formant a l\u2019estranger, tot i que tamb\u00e9 hi ha altres programes sota aquest paraigua com ara els projectes de formaci\u00f3 cont\u00ednua dels quals en formen part 197 organitzacions<\/span><\/h2>\n<\/blockquote>\n<p><span style=\"color: #719f8c;\"><strong>Un dret que no sempre es pot exercir<\/strong><\/span><br \/>\nLa formaci\u00f3 cont\u00ednua est\u00e0 present en la legislaci\u00f3 de les institucions europees, tamb\u00e9 en les diferents resolucions que ha votat l\u2019Eurocambra on apunten que l\u2019educaci\u00f3 \u201c\u00e9s un dret fonamental, un b\u00e9 p\u00fablic que ha de tenir els recursos adequats i ha de ser accessible per a tothom\u201d. Amb tot, no sempre es compleix: el Parlament Europeu lamenta que encara hi ha \u201cproblemes persistents\u201d en la qualitat i l\u2019accessibilitat en l\u2019educaci\u00f3, i que continua la discriminaci\u00f3 socioecon\u00f2mica en aquest camp; per aix\u00f2 demana \u201cpol\u00edtiques coordinades m\u00e9s ambicioses i efectives, tant a la UE com en l\u2019\u00e0mbit nacional\u201d.<\/p>\n<p>Segons l\u2019Ag\u00e8ncia Europea d\u2019Estad\u00edstica (Eurostat), els adults amb educaci\u00f3 superior representen a la UE un 84,8%; aquells que nom\u00e9s han cursat educaci\u00f3 secund\u00e0ria s\u00f3n un 54,3%. Moltes d\u2019aquestes persones van patir m\u00e9s agudament les conseq\u00fc\u00e8ncies de la pitjor part de la crisi econ\u00f2mica (entre els anys 2008 i 2013) amb una disminuci\u00f3 de la taxa d\u2019ocupaci\u00f3 del 5,1%. En aquest sentit, els estats membres tenen entre les seves prioritats millorar la formaci\u00f3 cont\u00ednua entre els grups amb menor educaci\u00f3, tot i que aix\u00f2 no sempre s\u2019aconsegueix. Aix\u00ed ho assegura un informe de la Comissi\u00f3 Europea (2015), que lamenta que tot i que se sap de la import\u00e0ncia d\u2019aplicar eines per a l\u2019aprenentatge al llarg de la vida, les administracions p\u00fabliques \u201crarament estableixen objectius concrets\u201d.<\/p>\n<blockquote>\n<h2><span style=\"color: #719f8c;\"><img decoding=\"async\" loading=\"lazy\" class=\"wp-image-20309 alignright\" src=\"https:\/\/www.monempresarial.com\/wp-content\/uploads\/2019\/03\/2-1.jpg\" alt=\"\" width=\"159\" height=\"158\" srcset=\"https:\/\/www.monempresarial.com\/wp-content\/uploads\/2019\/03\/2-1.jpg 331w, https:\/\/www.monempresarial.com\/wp-content\/uploads\/2019\/03\/2-1-150x150.jpg 150w, https:\/\/www.monempresarial.com\/wp-content\/uploads\/2019\/03\/2-1-300x298.jpg 300w\" sizes=\"(max-width: 159px) 100vw, 159px\" \/>L\u2019aprenentatge en l\u2019etapa adulta \u00e9s essencial pel desenvolupament personal i per una ciutadania activa\u201d, insisteixen des de l\u2019Executiu comunitari<\/span><\/h2>\n<\/blockquote>\n<p><span style=\"color: #719f8c;\"><strong>Per manca d\u2019inter\u00e8s i d\u2019oportunitats<\/strong><\/span><br \/>\nA m\u00e9s, segons les \u00faltimes dades aportades per l\u2019Eurocambra, el 80% dels adults que no tenen cap activitat relacionada amb la formaci\u00f3 cont\u00ednua \u2014especialment adults amb baixos nivells d\u2019educaci\u00f3\u2014, tampoc no mostren cap inter\u00e8s a canviar la seva situaci\u00f3. \u201cEls treballadors amb baixa qualificaci\u00f3 s\u00f3n menys proclius a participar en activitats de formaci\u00f3 i educaci\u00f3, un fet que es pot relacionar amb una actitud negativa cap a l\u2019educaci\u00f3, per\u00f2 tamb\u00e9 a la falta d\u2019oportunitats\u201d, assegura l\u2019Eurocambra. Davant d\u2019aquesta situaci\u00f3, la UE vol potenciar en la seva estrat\u00e8gia d\u2019aqu\u00ed l\u2019any 2020 com millorar l\u2019equitat en l\u2019educaci\u00f3 adulta. En l\u2019estrat\u00e8gia, la UE vol que tots els adults tinguin l\u2019oportunitat d\u2019estudiar i aprendre, d\u2019obtenir i mantenir una feina, per\u00f2 tamb\u00e9 de progressar durant la seva vida laboral. \u201cL\u2019aprenentatge en l\u2019etapa adulta \u00e9s essencial pel desenvolupament personal i per una ciutadania activa\u201d, insisteixen des de l\u2019Executiu comunitari.<\/p>\n<p><img decoding=\"async\" loading=\"lazy\" class=\"aligncenter wp-image-20311\" src=\"https:\/\/www.monempresarial.com\/wp-content\/uploads\/2019\/03\/3-cat.jpg\" alt=\"\" width=\"853\" height=\"276\" \/><\/p>\n<blockquote>\n<h2><span style=\"color: #719f8c;\">L\u2019antic model \u2018escola-feina-jubilaci\u00f3\u2019 ha deixat de ser la norma. Ara es tracta de promoure una visi\u00f3 \u201chol\u00edstica\u201d d\u2019all\u00f2 que \u00e9s la formaci\u00f3 cont\u00ednua i que no es limita a l\u2019educaci\u00f3 formal: tamb\u00e9 integra l\u2019aprenentatge formal i no formal <\/span><\/h2>\n<\/blockquote>\n<p>Per aquesta ra\u00f3, tamb\u00e9 la Uni\u00f3 Europea est\u00e0 en contacte amb diferents organitzacions que fomenten la formaci\u00f3 cont\u00ednua, com ara la Plataforma per a la Formaci\u00f3 Cont\u00ednua (LLP, per les seves sigles en angl\u00e8s), que congrega 42 organitzacions i representa a 50.000 institucions educatives. Aquesta dona veu a les preocupacions i q\u00fcestions de la societat civil relacionades amb l\u2019educaci\u00f3 perqu\u00e8 tinguin visibilitat a Europa. \u201cLa idea \u00e9s que ning\u00fa no pot ser apartat, s\u2019han de construir ponts entre els diferents sectors i augmentar l\u2019accessibilitat a una educaci\u00f3 de qualitat\u201d, explica la Plataforma. L\u2019organitzaci\u00f3 vol tamb\u00e9 desterrar la idea de l\u2019antic model \u2018escola-feina-jubilaci\u00f3\u2019; \u201caix\u00f2 ha deixat de ser la norma, aix\u00ed que \u00e9s important ajudar la gent durant les seves transicions vitals\u201d. Es tracta de promoure una visi\u00f3 \u201chol\u00edstica\u201d de qu\u00e8 \u00e9s la formaci\u00f3 cont\u00ednua. Perqu\u00e8 \u201caprendre no est\u00e0 limitat a una educaci\u00f3 formal: tamb\u00e9 integra l\u2019aprenentatge formal i no formal\u201d.<\/p>\n<p><img decoding=\"async\" loading=\"lazy\" class=\"aligncenter wp-image-20315 size-full\" src=\"https:\/\/www.monempresarial.com\/wp-content\/uploads\/2019\/03\/ilustraci\u00f3n-3-cat.jpg\" alt=\"\" width=\"858\" height=\"569\" srcset=\"https:\/\/www.monempresarial.com\/wp-content\/uploads\/2019\/03\/ilustraci\u00f3n-3-cat.jpg 858w, https:\/\/www.monempresarial.com\/wp-content\/uploads\/2019\/03\/ilustraci\u00f3n-3-cat-300x199.jpg 300w, https:\/\/www.monempresarial.com\/wp-content\/uploads\/2019\/03\/ilustraci\u00f3n-3-cat-252x167.jpg 252w, https:\/\/www.monempresarial.com\/wp-content\/uploads\/2019\/03\/ilustraci\u00f3n-3-cat-300x199@2x.jpg 600w, https:\/\/www.monempresarial.com\/wp-content\/uploads\/2019\/03\/ilustraci\u00f3n-3-cat-252x167@2x.jpg 504w\" sizes=\"(max-width: 858px) 100vw, 858px\" \/><\/p>\n","protected":false},"excerpt":{"rendered":"<p>La Comissi\u00f3 Europea t\u00e9 entre els seus objectius en educaci\u00f3 que d\u2019aqu\u00ed l\u2019any 2020 un 15% de la poblaci\u00f3 adulta participi en activitats de formaci\u00f3 cont\u00ednua. L\u2019organitzaci\u00f3 i legislaci\u00f3 relativa a l\u2019educaci\u00f3 a la Uni\u00f3 Europea \u00e9s compet\u00e8ncia dels estats membres, per\u00f2 la UE dona suport a la formaci\u00f3 cont\u00ednua a trav\u00e9s de la coordinaci\u00f3 entre els pa\u00efsos, amb l\u2019objectiu que la fomentin com una forma clau d\u2019enriquiment de la societat. \u201cL\u2019aprenentatge no est\u00e0 nom\u00e9s limitat a un de sol ni a una fase vital espec\u00edfica, es produeix durant els anys de l\u2019etapa escolar, per\u00f2 tamb\u00e9 en altres contextos al llarg de la vida\u201d, recorden des de Brussel\u00b7les.<\/p>\n","protected":false},"author":1,"featured_media":20319,"comment_status":"closed","ping_status":"closed","sticky":false,"template":"","format":"standard","meta":{"_mi_skip_tracking":false,"mc4wp_mailchimp_campaign":[],"jnews-multi-image_gallery":[],"jnews_single_post":[],"jnews_primary_category":[]},"categories":[9,10839,10815,10843,19],"tags":[143,2803,3728,6013,7708,7709],"_links":{"self":[{"href":"https:\/\/www.monempresarial.com\/ca\/wp-json\/wp\/v2\/posts\/20323"}],"collection":[{"href":"https:\/\/www.monempresarial.com\/ca\/wp-json\/wp\/v2\/posts"}],"about":[{"href":"https:\/\/www.monempresarial.com\/ca\/wp-json\/wp\/v2\/types\/post"}],"author":[{"embeddable":true,"href":"https:\/\/www.monempresarial.com\/ca\/wp-json\/wp\/v2\/users\/1"}],"replies":[{"embeddable":true,"href":"https:\/\/www.monempresarial.com\/ca\/wp-json\/wp\/v2\/comments?post=20323"}],"version-history":[{"count":1,"href":"https:\/\/www.monempresarial.com\/ca\/wp-json\/wp\/v2\/posts\/20323\/revisions"}],"predecessor-version":[{"id":47758,"href":"https:\/\/www.monempresarial.com\/ca\/wp-json\/wp\/v2\/posts\/20323\/revisions\/47758"}],"wp:featuredmedia":[{"embeddable":true,"href":"https:\/\/www.monempresarial.com\/ca\/wp-json\/wp\/v2\/media\/20319"}],"wp:attachment":[{"href":"https:\/\/www.monempresarial.com\/ca\/wp-json\/wp\/v2\/media?parent=20323"}],"wp:term":[{"taxonomy":"category","embeddable":true,"href":"https:\/\/www.monempresarial.com\/ca\/wp-json\/wp\/v2\/categories?post=20323"},{"taxonomy":"post_tag","embeddable":true,"href":"https:\/\/www.monempresarial.com\/ca\/wp-json\/wp\/v2\/tags?post=20323"}],"curies":[{"name":"wp","href":"https:\/\/api.w.org\/{rel}","templated":true}]}}