{"id":20536,"date":"2019-04-22T12:12:08","date_gmt":"2019-04-22T10:12:08","guid":{"rendered":"http:\/\/www.monempresarial.com\/?p=20536"},"modified":"2025-09-24T11:53:43","modified_gmt":"2025-09-24T09:53:43","slug":"start-ups-grandes-companias-motor-de-progreso-e-innovacion","status":"publish","type":"post","link":"https:\/\/www.monempresarial.com\/ca\/2019\/04\/22\/start-ups-grandes-companias-motor-de-progreso-e-innovacion\/","title":{"rendered":"Startups + grans companyies = >motor de progr\u00e9s i innovaci\u00f3"},"content":{"rendered":"<h4 style=\"color: #602d11;\"><img decoding=\"async\" loading=\"lazy\" class=\"wp-image-20445 alignright\" src=\"https:\/\/www.monempresarial.com\/wp-content\/uploads\/2019\/03\/Marc-Estape-5.jpg\" alt=\"\" width=\"325\" height=\"215\" srcset=\"https:\/\/www.monempresarial.com\/wp-content\/uploads\/2019\/03\/Marc-Estape-5.jpg 661w, https:\/\/www.monempresarial.com\/wp-content\/uploads\/2019\/03\/Marc-Estape-5-300x198.jpg 300w, https:\/\/www.monempresarial.com\/wp-content\/uploads\/2019\/03\/Marc-Estape-5-252x167.jpg 252w, https:\/\/www.monempresarial.com\/wp-content\/uploads\/2019\/03\/Marc-Estape-5-300x198@2x.jpg 600w, https:\/\/www.monempresarial.com\/wp-content\/uploads\/2019\/03\/Marc-Estape-5-252x167@2x.jpg 504w\" sizes=\"(max-width: 325px) 100vw, 325px\" \/>La intel\u00b7lig\u00e8ncia artificial (IA) est\u00e0 transformant com treballem i com vivim i, gr\u00e0cies al n\u00favol, \u00e9s a l\u2019abast de qualsevol desenvolupador, emprenedor o empresa, independentment de la seva mida, per llan\u00e7ar una nova idea de negoci o aplicaci\u00f3.<\/h4>\n<h4><span style=\"color: #663300; font-weight: bold; text-transform: uppercase;\">MARC ESTAP\u00c9. <\/span><strong><br \/>\nDirector regional d\u2019IBM a Catalunya, Arag\u00f3 i Balears.<\/strong><\/h4>\n<hr style=\"color: #b72126;\" \/>\n<p>Emprenedors com KIO-AI utilitzen la IA per detectar l\u2019assetjament escolar o Skios que, amb la seva aplicaci\u00f3 cognitiva Eliza, enriqueix l\u2019experi\u00e8ncia del turista que visita els parcs naturals de Lanzarote. No obstant aix\u00f2, les <em>startups <\/em>o les pimes en general solen topar amb m\u00e9s complicacions que no pas la gran empresa per fer \u201cescalar\u201d i cr\u00e9ixer idees de negoci com aquestes, ja sigui perqu\u00e8 no compten amb el talent necessari, els recursos o l\u2019arquitectura tecnol\u00f2gica adequada. En definitiva, morir d\u2019\u00e8xit no \u00e9s una cosa inusual per a una <em>startup<\/em> que, malgrat tenir una gran idea, no ha estat capa\u00e7 de fer cr\u00e9ixer i dimensionar adequadament el seu negoci i la seva tecnologia.<\/p>\n<p>Potenciar un ecosistema d\u2019innovaci\u00f3 i col\u00b7laboraci\u00f3 entre<em> startups<\/em>, gran empresa i soci tecnol\u00f2gic \u00e9s, per tant, un punt b\u00e0sic per tal de garantir el progr\u00e9s i la competitivitat. La cocreaci\u00f3 i la col\u00b7laboraci\u00f3 en un entorn de <em>networking<\/em> adequat per a la transfer\u00e8ncia de coneixement \u00e9s fonamental per desenvolupar aquest ecosistema d\u2019innovaci\u00f3. Per aquest motiu, iniciatives com el recentment anunciat acord entre IBM i Barcelona Tech City s\u00f3n tan rellevants, ja que posen a l\u2019abast de les <em>startups<\/em> i la gran empresa el coneixement i la tecnologia d\u2019IA (en aquest cas, d\u2019IBM a trav\u00e9s del n\u00favol IBM Cloud), que permet l\u2019acc\u00e9s a tecnologies d\u2019avantguarda com la IA, el <em>blockchain<\/em>, el <em>deep learning<\/em> o la computaci\u00f3 qu\u00e0ntica, podent acompanyar qualsevol negoci durant el seu per\u00edode de creixement. A m\u00e9s, en aquest cas, es facilita tamb\u00e9 l\u2019acc\u00e9s a centres punters d\u2019R+D+i, com el laboratori d\u2019IBM Research a Zuric, per con\u00e8ixer tecnologies que encara no han arribat al mercat, provar-les i experimentar-hi.<\/p>\n<blockquote>\n<h2><span style=\"color: #602d11;\"><br \/>\nAmb aquest tipus d\u2019acords, s\u2019aconsegueix que els ecosistemes innovadors es reforcin encara m\u00e9s, consolidant -ne tot el potencial i guanyant competitivitat gr\u00e0cies a una combinaci\u00f3 de l\u2019\u00faltima tecnologia, la innovaci\u00f3 constant i el treball col\u00b7laboratiu.<br \/>\n<\/span><\/h2>\n<\/blockquote>\n","protected":false},"excerpt":{"rendered":"<p>La intel\u00b7lig\u00e8ncia artificial (IA) est\u00e0 transformant com treballem i com vivim i, gr\u00e0cies al n\u00favol, \u00e9s a l\u2019abast de qualsevol desenvolupador, emprenedor o empresa, independentment de la seva mida, per llan\u00e7ar una nova idea de negoci o aplicaci\u00f3.<\/p>\n","protected":false},"author":1,"featured_media":20534,"comment_status":"closed","ping_status":"closed","sticky":false,"template":"","format":"standard","meta":{"_mi_skip_tracking":false,"mc4wp_mailchimp_campaign":[],"jnews-multi-image_gallery":[],"jnews_single_post":[],"jnews_primary_category":[]},"categories":[10833,10817,4718,41],"tags":[3038,4477,4489,180,181,598],"_links":{"self":[{"href":"https:\/\/www.monempresarial.com\/ca\/wp-json\/wp\/v2\/posts\/20536"}],"collection":[{"href":"https:\/\/www.monempresarial.com\/ca\/wp-json\/wp\/v2\/posts"}],"about":[{"href":"https:\/\/www.monempresarial.com\/ca\/wp-json\/wp\/v2\/types\/post"}],"author":[{"embeddable":true,"href":"https:\/\/www.monempresarial.com\/ca\/wp-json\/wp\/v2\/users\/1"}],"replies":[{"embeddable":true,"href":"https:\/\/www.monempresarial.com\/ca\/wp-json\/wp\/v2\/comments?post=20536"}],"version-history":[{"count":2,"href":"https:\/\/www.monempresarial.com\/ca\/wp-json\/wp\/v2\/posts\/20536\/revisions"}],"predecessor-version":[{"id":47747,"href":"https:\/\/www.monempresarial.com\/ca\/wp-json\/wp\/v2\/posts\/20536\/revisions\/47747"}],"wp:featuredmedia":[{"embeddable":true,"href":"https:\/\/www.monempresarial.com\/ca\/wp-json\/wp\/v2\/media\/20534"}],"wp:attachment":[{"href":"https:\/\/www.monempresarial.com\/ca\/wp-json\/wp\/v2\/media?parent=20536"}],"wp:term":[{"taxonomy":"category","embeddable":true,"href":"https:\/\/www.monempresarial.com\/ca\/wp-json\/wp\/v2\/categories?post=20536"},{"taxonomy":"post_tag","embeddable":true,"href":"https:\/\/www.monempresarial.com\/ca\/wp-json\/wp\/v2\/tags?post=20536"}],"curies":[{"name":"wp","href":"https:\/\/api.w.org\/{rel}","templated":true}]}}