{"id":20587,"date":"2019-03-26T11:26:46","date_gmt":"2019-03-26T10:26:46","guid":{"rendered":"http:\/\/www.monempresarial.com\/2019\/03\/26\/la-formacion-profesional-clave-de-ocupacion-y-generacion-de-riqueza-para-el-tejido-empresarial\/"},"modified":"2025-06-06T10:17:37","modified_gmt":"2025-06-06T08:17:37","slug":"la-formacion-profesional-clave-de-ocupacion-y-generacion-de-riqueza-para-el-tejido-empresarial","status":"publish","type":"post","link":"https:\/\/www.monempresarial.com\/ca\/2019\/03\/26\/la-formacion-profesional-clave-de-ocupacion-y-generacion-de-riqueza-para-el-tejido-empresarial\/","title":{"rendered":"La Formaci\u00f3 Professional, <\/span>clau d\u2019ocupaci\u00f3 i generaci\u00f3 de riquesa pel teixit empresarial"},"content":{"rendered":"<p><span style=\"color: #619a88;\">\u2022<\/span>\u00a0Celebrada aquest divendres 22 de mar\u00e7 dins el marc del Sal\u00f3 dels M\u00e0sters i Postgraus, Futura, aquesta \u00e9s la VI Jornada que organitza M\u00f3n Empresarial.<br \/>\n<span style=\"color: #619a88;\">\u2022<\/span>\u00a0 Silvia Mir\u00f3, directora de Pol\u00edtiques d\u2019Ocupaci\u00f3 i Formaci\u00f3 de PIMEC, ha parlat dels reptes compartits de l\u2019FP, i Guillem Salvans, responsable de Catalunya de la Fundaci\u00f3 Bertelsmann, ha abordat l&#8217;\u00e8xit de les empreses formadores via FP Dual. Per la seva banda, Antonio Ruiz, director-gerent del Gremi d\u2019Instal\u00b7ladors del Barcelon\u00e8s Nord i Baix Maresme, i Iban Cid i Juncosa, president del Gremi d\u2019Arts Gr\u00e0fiques de Catalunya, han exposat els respectius casos d&#8217;\u00e8xit d\u2019aquesta modalitat de formaci\u00f3.<br \/>\n<span style=\"color: #619a88;\">\u2022<\/span>\u00a0 Laura Pons, editora de M\u00f3n Empresarial, ha estat l\u2019encarregada d\u2019inaugurar l\u2019acte que s\u2019ha celebrat al Palau de Congressos de Barcelona Recinte Montju\u00efc de Fira de Barcelona i que ha estat moderat per Neus Pons, directora gerent de la Fundaci\u00f3 BCN Formaci\u00f3 Professional. Fabi\u00e1n Mohedano, president del Consell Catal\u00e0 de Formaci\u00f3 Professional, ha clausurat la trobada.<\/p>\n<hr \/>\n<p><strong>\u00a0<\/strong><br \/>\n<strong>Barcelona, 22 de mar\u00e7 de 2019.<\/strong> \u2013 En col\u00b7laboraci\u00f3 amb Fira de Barcelona, M\u00f3n Empresarial ha organitzat dins del marc de Futura, el Sal\u00f3 dels M\u00e0sters i Postgraus, la seva VI Jornada professional. Enguany, la trobada amb representants del m\u00f3n empresarial i de l\u2019Administraci\u00f3, associacions, col\u00b7legis professionals i institucions ha volgut posar el focus en la import\u00e0ncia de la formaci\u00f3 professional com a element que contribueix a la construcci\u00f3 d\u2019una economia s\u00f2lida i innovadora al territori. Aix\u00ed, sota el t\u00edtol \u201cLa Formaci\u00f3 Professional, clau d\u2019ocupaci\u00f3 i generaci\u00f3 de riquesa pel teixit empresarial\u201d, ha reunit al Palau de Congressos de Barcelona Recinte Montju\u00efc de Fira de Barcelona a Silvia Mir\u00f3, directora de Pol\u00edtiques d\u2019Ocupaci\u00f3 i Formaci\u00f3 de PIMEC, Guillem Salvans, responsable de Catalunya de la Fundaci\u00f3 Bertelsmann, Antonio Ruiz, director-gerent del Gremi d\u2019Instal\u00b7ladors del Barcelon\u00e8s Nord i Baix Maresme, i Iban Cid i Juncosa, president del Gremi d\u2019Arts Gr\u00e0fiques de Catalunya.<\/p>\n<p><img decoding=\"async\" loading=\"lazy\" class=\"aligncenter wp-image-20578 size-full\" src=\"https:\/\/www.monempresarial.com\/wp-content\/uploads\/2019\/03\/5-3.jpg\" alt=\"\" width=\"709\" height=\"324\" srcset=\"https:\/\/www.monempresarial.com\/wp-content\/uploads\/2019\/03\/5-3.jpg 709w, https:\/\/www.monempresarial.com\/wp-content\/uploads\/2019\/03\/5-3-300x137.jpg 300w, https:\/\/www.monempresarial.com\/wp-content\/uploads\/2019\/03\/5-3-300x137@2x.jpg 600w\" sizes=\"(max-width: 709px) 100vw, 709px\" \/><\/p>\n<p>Laura Pons, editora de <em>M\u00f3n Empresarial<\/em>, ha estat l\u2019encarregada d\u2019inaugurar l\u2019acte. En el seu discurs ha volgut recalcar la missi\u00f3 de la revista com a espai divulgatiu d\u2019an\u00e0lisi i de debat plural, i per aix\u00f2 ha instat a l\u2019auditori a mantenir l\u2019inter\u00e8s i la responsabilitat \u201cper no deixar d\u2019aprendre\u201d al llarg de tota la vida.<\/p>\n<p>Tot seguit, ha cedit la paraula a <strong>Neus Pons,<\/strong>\u00a0directora gerent de la Fundaci\u00f3 BCN Formaci\u00f3 Professional, i encarregada de moderar el debat, que ha iniciat el seu parlament explicant quin ha estat l\u2019origen de la Jornada. En aquest sentit, i atesa la seva ubicaci\u00f3 dins una fira de m\u00e0sters i postgraus, Pons ha insistit que cal posar en valor l\u2019FP per ella mateixa sense barrejar conceptes ni nivells de formaci\u00f3. I malgrat que ara es parli que ha esclatat \u201cla primavera de l\u2019FP\u201d, ha volgut assenyalar la necessitat de tenir certa perspectiva, \u201cja que perqu\u00e8 sembli tot molt bo, quan abordem l\u2019FP tendim a fixar-nos en Alemanya i en grans empreses, per\u00f2 aquests casos molts cops no s\u00f3n reprodu\u00efbles aqu\u00ed\u201d, ha recordat.<\/p>\n<p><img decoding=\"async\" loading=\"lazy\" class=\"aligncenter size-full wp-image-20552\" src=\"https:\/\/www.monempresarial.com\/wp-content\/uploads\/2019\/03\/1-5.jpg\" alt=\"\" width=\"709\" height=\"399\" srcset=\"https:\/\/www.monempresarial.com\/wp-content\/uploads\/2019\/03\/1-5.jpg 709w, https:\/\/www.monempresarial.com\/wp-content\/uploads\/2019\/03\/1-5-300x169.jpg 300w, https:\/\/www.monempresarial.com\/wp-content\/uploads\/2019\/03\/1-5-359x201.jpg 359w, https:\/\/www.monempresarial.com\/wp-content\/uploads\/2019\/03\/1-5-300x169@2x.jpg 600w\" sizes=\"(max-width: 709px) 100vw, 709px\" \/><\/p>\n<p>Silvia Mir\u00f3,\u00a0directora de Pol\u00edtiques d\u2019Ocupaci\u00f3 i Formaci\u00f3 de PIMEC, ha obert la primera pon\u00e8ncia de la jornada parlant dels reptes compartits de l\u2019FP i anunciant a l\u2019auditori que un dels m\u00e9s importants \u00e9s acabar amb els estigmes entorn d\u2019aquesta formaci\u00f3 i potenciar que se la conegui, ja que \u201c\u00e9s un element estrat\u00e8gic davant el repte digital i que pot fer possible la innovaci\u00f3 i la transformaci\u00f3 de les persones perqu\u00e8 segueixin sent competitives al llarg de tota la vida\u201d. A m\u00e9s, l\u2019FP, ha subratllat Mir\u00f3, pot contribuir a frenar el desajust que hi ha al mercat de treball entre oferta i demanda; un desajust que es produeix perqu\u00e8, d\u2019una banda, no s\u2019absorbeixen tants universitaris com s\u2019estan formant i, alhora, es \u201cprodueix la paradoxa que davant d\u2019unes taxes d\u2019atur molt elevades, les empreses tenen dificultats per captar el capital hum\u00e0 que necessiten\u201d. En aquest sentit, ha explicat que tenir una qualificaci\u00f3 en FP \u00e9s un factor d\u2019ocupabilitat. I que cal fomentar el vincle amb el m\u00f3n empresarial perqu\u00e8 l\u2019empresa estigui tant en l\u2019origen com en el dest\u00ed de qualsevol itinerari formatiu: \u201cHem de tenir en compte qu\u00e8 necessita per a incorporar-ho.\u201d<\/p>\n<p><img decoding=\"async\" loading=\"lazy\" class=\" wp-image-20570 alignleft\" src=\"https:\/\/www.monempresarial.com\/wp-content\/uploads\/2019\/03\/12.jpg\" alt=\"\" width=\"262\" height=\"248\" srcset=\"https:\/\/www.monempresarial.com\/wp-content\/uploads\/2019\/03\/12.jpg 709w, https:\/\/www.monempresarial.com\/wp-content\/uploads\/2019\/03\/12-300x284.jpg 300w, https:\/\/www.monempresarial.com\/wp-content\/uploads\/2019\/03\/12-300x284@2x.jpg 600w\" sizes=\"(max-width: 262px) 100vw, 262px\" \/><\/p>\n<p>Guillem Salvans, responsable de Catalunya de la Fundaci\u00f3 Bertelsmann, ha abordat l&#8217;\u00e8xit de les empreses formadores via FP Dual, una modalitat de formaci\u00f3 que est\u00e0 en marxa a Catalunya des de fa sis anys i que t\u00e9 una penetraci\u00f3 en els estudiants d\u2019FP del 8-10%. Salvans ha dividit la seva pon\u00e8ncia en tres parts. En la primera, ha definit qu\u00e8 \u00e9s l\u2019FP dual: una modalitat d\u2019aprenentatge en qu\u00e8 els espais d\u2019aprenentatge s\u00f3n dos, l\u2019aula i l\u2019empresa, i en alternan\u00e7a, i on l\u2019estada a l\u2019empresa \u00e9s retribu\u00efda mitjan\u00e7ant un contracte laboral que, ara, per\u00f2, \u201cno funciona gaire\u201d, ha lamentat. En la segona, Salvans ha exposat qu\u00e8 ha de fer una empresa formadora per tenir \u00e8xit en la implantaci\u00f3 de l\u2019FP dual, i ha concl\u00f2s que ha de ser una empresa \u201cimplicada amb el seu entorn i amb els centres d\u2019FP del seu voltant\u201d i \u201cque percep l\u2019FP dual com una inversi\u00f3\u201d i \u201camb mentalitat sectorial\u201d. Finalment, en la tercera, ha proposat mesures per incentivar les pimes i micropimes que volen fer FP dual. Entre elles, ha plantejat \u201ccrear un sistema d\u2019incentius p\u00fablics\u201d com ara desenvolupar tutors d\u2019empresa mancomunats, com una figura professionalitzada que descarrega l\u2019empresa d\u2019aquesta feina \u201ctan feixuga\u201d.<\/p>\n<p><strong>Qui acaba avui un cicle, t\u00e9 feina l\u2019endem\u00e0<\/strong><br \/>\nAntonio Ruiz, director-gerent del Gremi d\u2019Instal\u00b7ladors del Barcelon\u00e8s Nord i Baix Maresme, i Iban Cid i Juncosa, president del Gremi d\u2019Arts Gr\u00e0fiques de Catalunya, han exposat els respectius casos d\u2019\u00e8xit. .<\/p>\n<p><img decoding=\"async\" loading=\"lazy\" class=\"aligncenter wp-image-20584 size-full\" src=\"https:\/\/www.monempresarial.com\/wp-content\/uploads\/2019\/03\/9-4.jpg\" alt=\"\" width=\"2608\" height=\"652\" srcset=\"https:\/\/www.monempresarial.com\/wp-content\/uploads\/2019\/03\/9-4.jpg 2608w, https:\/\/www.monempresarial.com\/wp-content\/uploads\/2019\/03\/9-4-300x75.jpg 300w, https:\/\/www.monempresarial.com\/wp-content\/uploads\/2019\/03\/9-4-1024x256.jpg 1024w, https:\/\/www.monempresarial.com\/wp-content\/uploads\/2019\/03\/9-4-300x75@2x.jpg 600w, https:\/\/www.monempresarial.com\/wp-content\/uploads\/2019\/03\/9-4-1024x256@2x.jpg 2048w\" sizes=\"(max-width: 2608px) 100vw, 2608px\" \/><br \/>\nEn el cas de Ruiz, ha destacat que \u201cel nostre gremi ocupa el 100% de les persones que tenen ganes d\u2019acabar un cicle d\u2019FP i volen de treballar\u201d, i ha afegit que \u201cfins i tot financem la formaci\u00f3\u201d i \u201cla fem nocturna per a professionals que estan en actiu\u201d. Perqu\u00e8 el relleu generacional a moltes pimes i micropimes \u00e9s precari i el seu futur est\u00e0 en perill. Per aix\u00f2 ells treballen \u201cperqu\u00e8 l\u2019aprenent torni a aixecar aquella il\u00b7lusi\u00f3 d\u2019entrar en un sector de baix a dalt\u201d. \u201cA l\u2019empresa s\u2019apr\u00e8n i es motiva\u201d, ha insistit Ruiz, que ha subratllat que \u201cl\u2019FP dual \u00e9s una formaci\u00f3 que dona sentit de pertinen\u00e7a i identificaci\u00f3.\u201d Per aix\u00f2, el director-gerent del Gremi d\u2019Instal\u00b7ladors del Barcelon\u00e8s Nord i Baix Maresme ha reclamat una reacci\u00f3 immediata i un lideratge de l\u2019Administraci\u00f3 per adequar les formacions al mercat laboral i dotar l\u2019FP dels recursos necessaris perqu\u00e8 sigui de qualitat i no quedi obsoleta en un any, \u201co ens carreguem el teixit industrial del pa\u00eds\u201d, ha advertit.<br \/>\n<img decoding=\"async\" loading=\"lazy\" class=\"wp-image-20572 size-full alignright\" src=\"https:\/\/www.monempresarial.com\/wp-content\/uploads\/2019\/03\/13.jpg\" alt=\"\" width=\"242\" height=\"296\" \/><br \/>\nQuant a Cid, la clau per fer que funcioni l\u2019FP dual \u00e9s el treball en xarxa entre el centre educatiu (en aquest cas, l\u2019Escola Antoni Alguer\u00f3) i el Gremi d\u2019Arts Gr\u00e0fiques de Catalunya (\u201cque aporta 1.300 agremiats amb qui els alumnes poden fer les pr\u00e0ctiques), la ind\u00fastria (\u201cque ens dona suport i ens cedeix equips i mat\u00e8ria prima\u201d) i les Administracions (\u201cla Generalitat \u00e9s qui financia la formaci\u00f3 reglada i l\u2019ocupacional). A m\u00e9s, comptar amb professorat expert i en actiu al m\u00f3n empresarial que pugui explicar als alumnes com ser\u00e0 la seva feina en el m\u00f3n real \u00e9s imprescindible.<\/p>\n<p><img decoding=\"async\" loading=\"lazy\" class=\"wp-image-20574 alignleft\" src=\"https:\/\/www.monempresarial.com\/wp-content\/uploads\/2019\/03\/14.jpg\" alt=\"\" width=\"259\" height=\"220\" srcset=\"https:\/\/www.monempresarial.com\/wp-content\/uploads\/2019\/03\/14.jpg 439w, https:\/\/www.monempresarial.com\/wp-content\/uploads\/2019\/03\/14-300x255.jpg 300w, https:\/\/www.monempresarial.com\/wp-content\/uploads\/2019\/03\/14-72x60.jpg 72w, https:\/\/www.monempresarial.com\/wp-content\/uploads\/2019\/03\/14-72x60@2x.jpg 144w\" sizes=\"(max-width: 259px) 100vw, 259px\" \/><\/p>\n<p>A continuaci\u00f3, Neus Pons ha donat pas al debat amb l\u2019auditori, durant el qual s\u2019han plantejat q\u00fcestions com qui ha d\u2019assumir els costos de l\u2019FP dual o com s\u2019ha de regular la formaci\u00f3 en el cas del sector de les autoescoles.<\/p>\n<p>Fabi\u00e1n Mohedano, president del Consell Catal\u00e0 de Formaci\u00f3 Professional, ha clausurat l\u2019acte anunciant que els centres integrats han de ser el \u201cmotor del canvi per a l\u2019FP i el model envers el qual hem de caminar\u201d. I ha explicat que des de l\u2019Administraci\u00f3 ja s\u2019est\u00e0 treballant en l\u2019Estrat\u00e8gia Catalana de Formaci\u00f3 i Qualificaci\u00f3 Professional que ser\u00e0 un document estrat\u00e8gic que definir\u00e0 \u201ccom visualitzem l\u2019FP en els propers temps\u201d.<\/p>\n<p>&nbsp;<\/p>\n<h2><span style=\"color: #619a88;\">Programa VI Jornada <em>M\u00f3n Empresarial<\/em> 2019<\/span><\/h2>\n<p><strong>La Formaci\u00f3 Professional<br \/>\nClau d\u2019ocupaci\u00f3 i generaci\u00f3 de riquesa pel teixit empresarial<br \/>\n<\/strong><\/p>\n<p><span style=\"color: #619a88;\">\u2022<\/span><strong><span style=\"color: #619a88;\"> 10:30<\/span><\/strong>\u00a0<strong>Benvinguda:<\/strong> Laura Pons, editora de M\u00f3n Empresarial.<\/p>\n<p><strong><span style=\"color: #619a88;\">PON\u00c8NCIES<\/span><\/strong><br \/>\n<strong>Moderadora:<\/strong> Neus Pons, directora gerent de la Fundaci\u00f3 BCN Formaci\u00f3 Professional.<\/p>\n<p><strong><span style=\"color: #619a88;\">\u2022 10:40<\/span> \u201cEls reptes compartits de la Formaci\u00f3 Professional\u201d \u2013<\/strong> S\u00edlvia Mir\u00f3, directora de pol\u00edtiques d\u2019Ocupaci\u00f3 i Formaci\u00f3 de PIMEC.<\/p>\n<p><strong><span style=\"color: #619a88;\">\u2022 11:00<\/span> \u201cFP dual: empreses formadores amb \u00e8xit\u201d \u2013<\/strong> Guillem Salvans, responsable de Catalunya de la Fundaci\u00f3 Bertelsmann.<\/p>\n<p><strong><span style=\"color: #619a88;\">\u2022 11:20<\/span> \u201cCas d\u2019\u00e8xit del Gremi d\u2019Instal\u00b7ladors: de la formaci\u00f3 a la ocupaci\u00f3\u201d \u2013<\/strong> Antonio Ruiz, director gerent del Gremi d\u2019Instal\u00b7ladors del Barcelon\u00e8s Nord i Baix Maresme.<\/p>\n<p><strong><span style=\"color: #619a88;\">\u2022 11:40<\/span> \u201cCas d\u2019\u00e8xit del Gremi d\u2019Arts Gr\u00e0fiques: treballar en xarxa \u00e9s possible\u201d \u2013<\/strong> Iban Cid i Juncosa, president del Gremi d\u2019Arts Gr\u00e0fiques de Catalunya.<\/p>\n<p><strong><span style=\"color: #619a88;\">\u2022 12:00<\/span> Debat amb l\u2019auditori de refer\u00e8ncia:<\/strong> empresaris, directius, professionals liberals, degans, presidents i gerents de col\u00b7legis professionals, gremis, fundacions, associacions o institucions de Catalunya.<\/p>\n<p><strong><span style=\"color: #619a88;\">\u2022 12:15<\/span> Clausura:<\/strong> Fabi\u00e1n Mohedano, president del Consell Catal\u00e0 de Formaci\u00f3 Professional.<\/p>\n<p><em><span style=\"color: #619a88;\"><strong><a style=\"color: #619a88;\" href=\"http:\/\/www.monempresarial.com\">M\u00f3n Empresarial<\/a><\/strong><\/span><br \/>\n<\/em>\u00c9s una revista d\u2019economia i empresa nascuda el 1998. L\u2019any 2015 va canviar de format (de tabloide a revista), va ampliar p\u00e0gines (64 a 148) i periodicitat (mensual a trimestral) i des del desembre de 2016 compta amb una doble edici\u00f3 en catal\u00e0 i castell\u00e0 (Mundo Empresarial). M\u00f3n Empresarial ofereix articles i reportatges d\u2019an\u00e0lisi, previsions i tend\u00e8ncies d\u2019economia i empresa dividits en tres blocs: M\u00f3n Global, M\u00f3n Econ\u00f2mic i M\u00f3n Dirigent. La publicaci\u00f3 compta en cada edici\u00f3, a m\u00e9s, amb el testimoni d\u2019experts mundials de reconegut prestigi, firmes internacionals, i entrevistes a Premis Nobels d\u2019Economia, comissaris europeus i CEOs.<\/p>\n<p><strong>Per a m\u00e9s informaci\u00f3:<\/strong><br \/>\nM\u00f3n Editorial &#8211; Komunica Kit<br \/>\n<a href=\"http:\/\/www.monempresarial.com\">www.monempresarial.com<\/a><br \/>\nmonempresarial@monempresarial.com<br \/>\nredacci\u00f3@monempresarial.com<br \/>\nTel. 93 737 00 33<br \/>\n@mon_empresarial<\/p>\n","protected":false},"excerpt":{"rendered":"<p>En col\u00b7laboraci\u00f3 amb Fira de Barcelona, M\u00f3n Empresarial ha organitzat dins del marc de Futura, el Sal\u00f3 dels M\u00e0sters i Postgraus, la seva VI Jornada professional. <\/p>\n","protected":false},"author":1,"featured_media":20562,"comment_status":"closed","ping_status":"closed","sticky":false,"template":"","format":"standard","meta":{"_mi_skip_tracking":false,"mc4wp_mailchimp_campaign":[],"jnews-multi-image_gallery":[],"jnews_single_post":[],"jnews_primary_category":[]},"categories":[5694,10820,10821,10825],"tags":[2661,7760,10292,178,180,181,1908],"_links":{"self":[{"href":"https:\/\/www.monempresarial.com\/ca\/wp-json\/wp\/v2\/posts\/20587"}],"collection":[{"href":"https:\/\/www.monempresarial.com\/ca\/wp-json\/wp\/v2\/posts"}],"about":[{"href":"https:\/\/www.monempresarial.com\/ca\/wp-json\/wp\/v2\/types\/post"}],"author":[{"embeddable":true,"href":"https:\/\/www.monempresarial.com\/ca\/wp-json\/wp\/v2\/users\/1"}],"replies":[{"embeddable":true,"href":"https:\/\/www.monempresarial.com\/ca\/wp-json\/wp\/v2\/comments?post=20587"}],"version-history":[{"count":1,"href":"https:\/\/www.monempresarial.com\/ca\/wp-json\/wp\/v2\/posts\/20587\/revisions"}],"predecessor-version":[{"id":46164,"href":"https:\/\/www.monempresarial.com\/ca\/wp-json\/wp\/v2\/posts\/20587\/revisions\/46164"}],"wp:featuredmedia":[{"embeddable":true,"href":"https:\/\/www.monempresarial.com\/ca\/wp-json\/wp\/v2\/media\/20562"}],"wp:attachment":[{"href":"https:\/\/www.monempresarial.com\/ca\/wp-json\/wp\/v2\/media?parent=20587"}],"wp:term":[{"taxonomy":"category","embeddable":true,"href":"https:\/\/www.monempresarial.com\/ca\/wp-json\/wp\/v2\/categories?post=20587"},{"taxonomy":"post_tag","embeddable":true,"href":"https:\/\/www.monempresarial.com\/ca\/wp-json\/wp\/v2\/tags?post=20587"}],"curies":[{"name":"wp","href":"https:\/\/api.w.org\/{rel}","templated":true}]}}