{"id":2060,"date":"2015-03-27T08:01:51","date_gmt":"2015-03-27T07:01:51","guid":{"rendered":"http:\/\/monempresarial.com\/?p=2060"},"modified":"2025-09-16T11:59:39","modified_gmt":"2025-09-16T09:59:39","slug":"importancia-empresa-familiar","status":"publish","type":"post","link":"https:\/\/www.monempresarial.com\/ca\/2015\/03\/27\/importancia-empresa-familiar\/","title":{"rendered":"La import\u00e0ncia de l&#8217;empresa familiar"},"content":{"rendered":"<p><a><img decoding=\"async\" loading=\"lazy\" class=\"alignright wp-image-2068\" src=\"http:\/\/monempresarial.com\/wp-content\/uploads\/2015\/02\/monempresarial-juan-corona.png\" alt=\"Juan Corona, Dir.Gral. Institut de l\u2019Empresa Familiar\" width=\"235\" height=\"279\" srcset=\"https:\/\/www.monempresarial.com\/wp-content\/uploads\/2015\/02\/monempresarial-juan-corona.png 300w, https:\/\/www.monempresarial.com\/wp-content\/uploads\/2015\/02\/monempresarial-juan-corona-254x300.png 254w\" sizes=\"(max-width: 235px) 100vw, 235px\" \/><\/a><\/p>\n<h4 style=\"color: #602d11;\">La celebraci\u00f3 del XVII Congr\u00e9s Anual de l\u2019Empresa Familiar la tardor passada a Alacant torna a posar de manifest el valor d\u2019aquest tipus d\u2019empreses per a la nostra economia.<\/h4>\n<h4><span style=\"color: #663300; text-transform: uppercase;\">JUAN CORONA.<\/span> Director general de l\u2019Institut de l\u2019Empresa Familiar. Rector Honorari de la Universitat Abat Oliba CEU.<\/h4>\n<hr style=\"color: #b72126;\" \/>\n<p><a style=\"color: #000000; font-weight: bold; text-transform: uppercase;\">Si ens guiem per les diferents estimacions quantitatives disponibles,<\/a> podem afirmar sense risc d\u2019equivocar-nos que les empreses familiars s\u00f3n l\u2019esquelet de l\u2019economia. Per\u00f2 la diversitat de definicions d\u2019empresa familiar que s\u2019utilitzen i la falta de dades estad\u00edstiques oficials han portat l\u2019Institut de l\u2019Empresa Familiar (IEF) a endegar un macroestudi que permetr\u00e0 de con\u00e8ixer amb precisi\u00f3 el pes espec\u00edfic de les empreses familiars en la nostra economia (i en la de cadascuna de les comunitats aut\u00f2nomes). Aquest estudi es dur\u00e0 a terme conjuntament amb la xarxa de c\u00e0tedres universit\u00e0ries d\u2019empresa familiar repartides per tot el territori.<\/p>\n<p>Creiem que un estudi en profunditat sobre aquest tipus d\u2019empreses permetr\u00e0 enderrocar alguns t\u00f2pics recurrents al seu voltant. \u00daltimament s\u2019han publicat diversos articles a la premsa econ\u00f2mica internacional (<em>Wall Street Journal<\/em>, <em>The Economist<\/em>) que identifiquen les empreses familiars amb empreses de grand\u00e0ria redu\u00efda i sense voluntat real de creixement.<\/p>\n<p>Per\u00f2 mentre esperem els resultats de l\u2019estudi, ja sabem que al nostre pa\u00eds hi ha suficients contraexemples de pes que podrien q\u00fcestionar aquestes afirmacions. De fet, la majoria de les grans empreses catalanes i espanyoles s\u00f3n, precisament, empreses familiars. A m\u00e9s, gaireb\u00e9 un ter\u00e7 de les empreses associades a l\u2019IEF podrien ser considerades com a \u201cempreses gasela\u201d, ja que, de mitjana, han presentat taxes de creixement de facturaci\u00f3 per sobre del 10% des de l\u2019inici de la crisi econ\u00f2mica (gr\u00e0cies a la seva gran imbricaci\u00f3 en els fluxos de comer\u00e7 internacional).<\/p>\n<p>Per tant, s\u00f3n moltes les empreses que han sabut compatibilitzar el manteniment del seu car\u00e0cter familiar amb una s\u00f2lida estrat\u00e8gia de creixement empresarial. I, de ben segur, estudiar aquests casos ens pot ser de molta utilitat en el context d\u2019una economia que precisa augmentar la mida mitjana del seu teixit empresarial. Perqu\u00e8 m\u00e9s dimensi\u00f3 empresarial implica una major productivitat, una millor capacitat d\u2019acc\u00e9s al finan\u00e7ament (bancari i no bancari) i, tamb\u00e9, una intensitat exportadora i innovadora superior.<\/p>\n<hr style=\"color: #b72126;\" \/>\n<h4><img decoding=\"async\" loading=\"lazy\" class=\"alignright wp-image-2070\" src=\"http:\/\/monempresarial.com\/wp-content\/uploads\/2015\/02\/monempresarial-001-empresa-familiar.png\" alt=\"monempresarial-001-empresa-familiar\" width=\"226\" height=\"233\" \/><strong>La import\u00e0ncia de les empreses familiars va m\u00e9s enll\u00e0 de la seva contribuci\u00f3 als agregats macroecon\u00f2mics. La literatura acad\u00e8mica aporta evid\u00e8ncia que les empreses familiars presenten una s\u00e8rie de caracter\u00edstiques diferencials que les fan d\u2019especial inter\u00e8s per al conjunt de la societat. Per exemple, aquestes empreses presenten una major estabilitat en les seves plantilles o compten amb una major pres\u00e8ncia femenina en els consells d\u2019administraci\u00f3. La seva perman\u00e8ncia i estabilitat han condu\u00eft les legislacions de molts pa\u00efsos europeus \u2013el nostre tamb\u00e9\u2013 a considerar-les un \u201cb\u00e9 social\u201d que cal preservar.<\/strong><\/h4>\n","protected":false},"excerpt":{"rendered":"<p>La celebraci\u00f3 del XVII Congr\u00e9s Anual de l\u2019Empresa Familiar la tardor passada a Alacant torna a posar de manifest el valor d\u2019aquest tipus d\u2019empreses per a la nostra economia.<\/p>\n","protected":false},"author":10,"featured_media":16631,"comment_status":"open","ping_status":"open","sticky":false,"template":"","format":"standard","meta":{"_mi_skip_tracking":false,"mc4wp_mailchimp_campaign":[],"jnews-multi-image_gallery":[],"jnews_single_post":[],"jnews_primary_category":[]},"categories":[11,10831,10817,37,40],"tags":[],"_links":{"self":[{"href":"https:\/\/www.monempresarial.com\/ca\/wp-json\/wp\/v2\/posts\/2060"}],"collection":[{"href":"https:\/\/www.monempresarial.com\/ca\/wp-json\/wp\/v2\/posts"}],"about":[{"href":"https:\/\/www.monempresarial.com\/ca\/wp-json\/wp\/v2\/types\/post"}],"author":[{"embeddable":true,"href":"https:\/\/www.monempresarial.com\/ca\/wp-json\/wp\/v2\/users\/10"}],"replies":[{"embeddable":true,"href":"https:\/\/www.monempresarial.com\/ca\/wp-json\/wp\/v2\/comments?post=2060"}],"version-history":[{"count":1,"href":"https:\/\/www.monempresarial.com\/ca\/wp-json\/wp\/v2\/posts\/2060\/revisions"}],"predecessor-version":[{"id":47168,"href":"https:\/\/www.monempresarial.com\/ca\/wp-json\/wp\/v2\/posts\/2060\/revisions\/47168"}],"wp:featuredmedia":[{"embeddable":true,"href":"https:\/\/www.monempresarial.com\/ca\/wp-json\/wp\/v2\/media\/16631"}],"wp:attachment":[{"href":"https:\/\/www.monempresarial.com\/ca\/wp-json\/wp\/v2\/media?parent=2060"}],"wp:term":[{"taxonomy":"category","embeddable":true,"href":"https:\/\/www.monempresarial.com\/ca\/wp-json\/wp\/v2\/categories?post=2060"},{"taxonomy":"post_tag","embeddable":true,"href":"https:\/\/www.monempresarial.com\/ca\/wp-json\/wp\/v2\/tags?post=2060"}],"curies":[{"name":"wp","href":"https:\/\/api.w.org\/{rel}","templated":true}]}}