{"id":207,"date":"2014-01-27T16:56:54","date_gmt":"2014-01-27T15:56:54","guid":{"rendered":"http:\/\/moneconomic.com\/?p=207"},"modified":"2025-09-16T11:39:35","modified_gmt":"2025-09-16T09:39:35","slug":"projecte-castor-que-esta-passant-al-delta-de-lebre","status":"publish","type":"post","link":"https:\/\/www.monempresarial.com\/ca\/2014\/01\/27\/projecte-castor-que-esta-passant-al-delta-de-lebre\/","title":{"rendered":"Projecte Castor: <\/span>qu\u00e8 est\u00e0 passant al delta de l\u2019Ebre?"},"content":{"rendered":"<h4 style=\"text-align: left;\">La hip\u00f2tesi de treball m\u00e9s acceptada i fonamentada fins ara per explicar qu\u00e8 est\u00e0 passant al delta de l\u2019Ebre \u00e9s la que defensa que hi ha dos estadis en aquesta crisi s\u00edsmica.<\/h4>\n<h4 style=\"text-align: left;\">Text: Joan Taverna, ge\u00f2leg.<strong><strong><br \/>\n<\/strong><\/strong><\/h4>\n<hr style=\"color: #b72126;\" \/>\n<figure id=\"attachment_216\" aria-describedby=\"caption-attachment-216\" style=\"width: 328px\" class=\"wp-caption alignright\"><a href=\"http:\/\/www.monempresarial.com\/wp-content\/uploads\/monempresarial-151-projecte-castor-historiograma-terratremols-20131.jpg\"><img decoding=\"async\" loading=\"lazy\" class=\" wp-image-216\" src=\"http:\/\/www.monempresarial.com\/wp-content\/uploads\/monempresarial-151-projecte-castor-historiograma-terratremols-20131.jpg\" alt=\"Historiograma del n\u00famero de terratr\u00e8mols diari per magnituds. \/ IGC\" width=\"328\" height=\"460\" srcset=\"https:\/\/www.monempresarial.com\/wp-content\/uploads\/monempresarial-151-projecte-castor-historiograma-terratremols-20131.jpg 320w, https:\/\/www.monempresarial.com\/wp-content\/uploads\/monempresarial-151-projecte-castor-historiograma-terratremols-20131-214x300.jpg 214w\" sizes=\"(max-width: 328px) 100vw, 328px\" \/><\/a><figcaption id=\"caption-attachment-216\" class=\"wp-caption-text\">Historiograma del n\u00famero de terratr\u00e8mols diari per magnituds. \/ IGC<\/figcaption><\/figure>\n<p>La hip\u00f2tesi de treball m\u00e9s acceptada i fonamentada fins ara per explicar qu\u00e8 est\u00e0 passant al delta de l\u2019Ebre \u00e9s la que defensa que hi ha dos estadis en aquesta crisi s\u00edsmica. El primer estadi el conformen una s\u00e8rie de microsismes, pr\u00e0cticament imperceptibles, que coincideixen en el temps amb la fase inicial d\u2019injecci\u00f3 de gas. Aquesta sismicitat indu\u00efda va ser un fenomen esperable i sense perill. El seg\u00fcent estadi es d\u00f3na una vegada s\u2019ha parat la injecci\u00f3, quan es comencen a detectar terratr\u00e8mols de major magnitud amb un camp d\u2019esfor\u00e7os diferent, que suggereixen que totes les tensions acumulades durant la fase d\u2019injecci\u00f3 s\u2019han pogut transmetre i alliberar a partir d\u2019algun dels sistemes de falles existents a la zona (si es tracta del sistema de falles d\u2019Amposta o no \u00e9s rellevant, ja que la falla d\u2019Amposta assegura l\u2019estanque\u00eftat del magatzem i, per tant, la viabilitat del projecte).<\/p>\n<p>Malauradament, la zona on s\u2019han produ\u00eft les sacsejades no compta amb la infraestructura cient\u00edfica necess\u00e0ria per con\u00e8ixer exactament la geolocalitzaci\u00f3 dels terratr\u00e8mols, i \u00e9s que a banda de la xarxa de sism\u00f2grafs estatals (IGN, IGC, CSIC) nom\u00e9s existeixen dos sism\u00f2grafs de l\u2019empresa que no acaben de concretar amb precisi\u00f3 la localitzaci\u00f3 dels sismes. A m\u00e9s, per a una bona monitoritzaci\u00f3 i detecci\u00f3 dels sismes, aquests sism\u00f2grafs s\u2019haurien d\u2019haver situat a l\u2019est de la plataforma d\u2019injecci\u00f3, ja que per l\u2019oest, la zona ja estava coberta per la xarxa de sism\u00f2grafs estatals. Aix\u00ed doncs, l\u2019explicaci\u00f3 m\u00e9s plausible segueix sent una hip\u00f2tesi, perqu\u00e8 a m\u00e9s, a tot aix\u00f2 cal afegir-hi que la baixa magnitud dels terratr\u00e8mols no ajuda a localitzar amb precisi\u00f3 els hipocentres dels sismes.<\/p>\n<p><strong>Infraestructures necess\u00e0ries<br \/>\n<\/strong><\/p>\n<figure id=\"attachment_211\" aria-describedby=\"caption-attachment-211\" style=\"width: 300px\" class=\"wp-caption alignleft\"><a href=\"http:\/\/www.monempresarial.com\/wp-content\/uploads\/monempresarial-151-projecte-castor-croquis-3d.jpg\"><img decoding=\"async\" loading=\"lazy\" class=\"size-medium wp-image-211 \" src=\"http:\/\/www.monempresarial.com\/wp-content\/uploads\/monempresarial-151-projecte-castor-croquis-3d-300x203.jpg\" alt=\"Croquis 3D del projecte Castor\" width=\"300\" height=\"203\" \/><\/a><figcaption id=\"caption-attachment-211\" class=\"wp-caption-text\">Croquis 3D del projecte Castor. \/ ESCAL-UGS<\/figcaption><\/figure>\n<p>En aquest context, la crisi del projecte Castor ha tornat a posar damunt la taula la pol\u00e8mica pel que fa a la seguretat de les nostres infraestructures energ\u00e8tiques. En aquest sentit, \u00e9s important recalcar que els magatzems subterranis s\u00f3n infraestructures necess\u00e0ries per tal de cobrir els pics de demanda d\u2019energia i en tot el m\u00f3n hi ha actualment 627 estructures d\u2019aquest tipus. Par\u00eds, per exemple, t\u00e9 sis magatzems sota el seu subs\u00f2l i Berlin, tres. A Espanya, a banda del jaciment d\u2019Amposta, que es troba situat en el subs\u00f2l de les aig\u00fces espanyoles del mar Mediterrani, a m\u00e9s de 1.700 metres de profunditat i a 22 km de dist\u00e0ncia de la localitat castellonenca de Vinar\u00f2s, ja funcionen tres magatzems subterranis de gas: el de Gaviota, situat en aig\u00fces del Cant\u00e0bric, que cobreix els pics de demanda del Pa\u00eds Basc; el magatzem subterrani de Yela, a la prov\u00edncia de Guadalajara, que garantitza el subministrament d\u2019aquesta font energ\u00e8tica a la comunitat de Madrid, i, en tercer lloc, el magatzem de Serrablo, situat entre les localitats de Jaca i Sabi\u00f1\u00e1nigo, a la prov\u00edncia d\u2019Osca, que cobreix la zona de la conca de l\u2019Ebre.<\/p>\n<blockquote>\n<h2>La crisi del projecte Castor ha tornat a posar damunt la taula la pol\u00e8mica pel que fa a la seguretat de les nostres infraestructures energ\u00e8tiques<\/h2>\n<\/blockquote>\n<figure id=\"attachment_214\" aria-describedby=\"caption-attachment-214\" style=\"width: 300px\" class=\"wp-caption alignright\"><a href=\"http:\/\/www.monempresarial.com\/wp-content\/uploads\/monempresarial-151-projecte-castor-mostra-epicentres.jpg\"><img decoding=\"async\" loading=\"lazy\" class=\"size-medium wp-image-214\" src=\"http:\/\/www.monempresarial.com\/wp-content\/uploads\/monempresarial-151-projecte-castor-mostra-epicentres-300x237.jpg\" alt=\"Mostra d\u2019epicentres localitzats per l\u2019Institut Geol\u00f2gic de Catalunya. \/ IGC\" width=\"300\" height=\"237\" srcset=\"https:\/\/www.monempresarial.com\/wp-content\/uploads\/monempresarial-151-projecte-castor-mostra-epicentres-300x237.jpg 300w, https:\/\/www.monempresarial.com\/wp-content\/uploads\/monempresarial-151-projecte-castor-mostra-epicentres.jpg 700w, https:\/\/www.monempresarial.com\/wp-content\/uploads\/monempresarial-151-projecte-castor-mostra-epicentres-300x237@2x.jpg 600w\" sizes=\"(max-width: 300px) 100vw, 300px\" \/><\/a><figcaption id=\"caption-attachment-214\" class=\"wp-caption-text\">Mostra d\u2019epicentres localitzats per l\u2019Institut Geol\u00f2gic de Catalunya. \/ IGC<\/figcaption><\/figure>\n<p>Per\u00f2 per a que una infraestructura energ\u00e8tica d\u2019aquesta magnitud sigui viable, ha de complir tres requisits imprescindibles i simultanis. En primer lloc, el projecte ha de ser impecable i en aquest moment, en el cas Castor, hi ha una gran incertesa. En segon lloc, ha de superar els tr\u00e0mits administratius -Castor va superar fins a 42 informes de l\u2019administraci\u00f3 local, auton\u00f2mica, estatal i fins i tot de la Uni\u00f3 Europea; per\u00f2 tot sovint, el procediment administratiu i burocr\u00e0tic, encara que molt complicat i feixuc, no acaba de ser prou exigent. El tercer front t\u00e9 a veure amb l\u2019acceptabilitat social d\u2019un projecte. En energia, crear noves infraestructures comporta, en moltes ocasions, un greuge per al territori. A m\u00e9s, pel fet d\u2019afectar tamb\u00e9 les persones, solen generar indignaci\u00f3. Autom\u00e0ticament, doncs, qui instal\u00b7la una infraestructura hauria de gestionar aquesta indignaci\u00f3. El preu pol\u00edtic i la incapacitat per gestionar la indignaci\u00f3, en aquest cas donada l\u2019alarma social que ha creat, ha fet que, a dia d\u2019avui, el projecte Castor hagi quedat en stand by.<\/p>\n","protected":false},"excerpt":{"rendered":"<p>Des del passat 8 de setembre, la crisi s\u00edsmica atribuida al projecte Castor ha enregistrat 597 sismes de baixa magnitud l\u2019epicentre dels quals es situa al sud-oest del delta de l\u2019Ebre, davant de la costa castellonenca. Analitzem les claus d\u2019aquest fen\u00f2men.<\/p>\n","protected":false},"author":16,"featured_media":211,"comment_status":"closed","ping_status":"open","sticky":false,"template":"","format":"standard","meta":{"_mi_skip_tracking":false,"mc4wp_mailchimp_campaign":[],"jnews-multi-image_gallery":[],"jnews_single_post":[],"jnews_primary_category":[]},"categories":[9,24],"tags":[179,4253,6077,6078,6079,6080,6081,6082,6083],"_links":{"self":[{"href":"https:\/\/www.monempresarial.com\/ca\/wp-json\/wp\/v2\/posts\/207"}],"collection":[{"href":"https:\/\/www.monempresarial.com\/ca\/wp-json\/wp\/v2\/posts"}],"about":[{"href":"https:\/\/www.monempresarial.com\/ca\/wp-json\/wp\/v2\/types\/post"}],"author":[{"embeddable":true,"href":"https:\/\/www.monempresarial.com\/ca\/wp-json\/wp\/v2\/users\/16"}],"replies":[{"embeddable":true,"href":"https:\/\/www.monempresarial.com\/ca\/wp-json\/wp\/v2\/comments?post=207"}],"version-history":[{"count":1,"href":"https:\/\/www.monempresarial.com\/ca\/wp-json\/wp\/v2\/posts\/207\/revisions"}],"predecessor-version":[{"id":47096,"href":"https:\/\/www.monempresarial.com\/ca\/wp-json\/wp\/v2\/posts\/207\/revisions\/47096"}],"wp:featuredmedia":[{"embeddable":true,"href":"https:\/\/www.monempresarial.com\/ca\/wp-json\/wp\/v2\/media\/211"}],"wp:attachment":[{"href":"https:\/\/www.monempresarial.com\/ca\/wp-json\/wp\/v2\/media?parent=207"}],"wp:term":[{"taxonomy":"category","embeddable":true,"href":"https:\/\/www.monempresarial.com\/ca\/wp-json\/wp\/v2\/categories?post=207"},{"taxonomy":"post_tag","embeddable":true,"href":"https:\/\/www.monempresarial.com\/ca\/wp-json\/wp\/v2\/tags?post=207"}],"curies":[{"name":"wp","href":"https:\/\/api.w.org\/{rel}","templated":true}]}}