{"id":20833,"date":"2019-05-17T08:00:13","date_gmt":"2019-05-17T06:00:13","guid":{"rendered":"http:\/\/www.monempresarial.com\/?p=20833"},"modified":"2025-06-06T10:17:09","modified_gmt":"2025-06-06T08:17:09","slug":"la-xx-edicion-de-los-premios-conexion-de-feceminte-premia-las-mejores-iniciativas-empresas-y-profesiones-por-su-contribucion-al-desarrollo-de-las-tic","status":"publish","type":"post","link":"https:\/\/www.monempresarial.com\/ca\/2019\/05\/17\/la-xx-edicion-de-los-premios-conexion-de-feceminte-premia-las-mejores-iniciativas-empresas-y-profesiones-por-su-contribucion-al-desarrollo-de-las-tic\/","title":{"rendered":"Els XX premis connexi\u00f3 de feceminte premia les millors iniciatives,  <\/span>empreses i professionals  per la seva contribuci\u00f3 al desenvolupament de les tic"},"content":{"rendered":"<p><strong>Barcelona, 16 de maig 2019.<\/strong> \u2013 Durant la celebraci\u00f3 del <em>Dia Mundial de les Telecomunicacions<\/em>, \u00a0<a href=\"https:\/\/www.feceminte.cat\">Feceminte<\/a> ha lliurat aquest vespre, els <strong>XX Premis Connexi\u00f3<\/strong>, que distingeix persones, institucions i empreses que han tingut un paper destacat en les telecomunicacions i les TIC en general.<img decoding=\"async\" loading=\"lazy\" class=\"size-full wp-image-20828 alignright\" src=\"https:\/\/www.monempresarial.com\/wp-content\/uploads\/2019\/05\/foto-LIDERA.jpg\" alt=\"\" width=\"318\" height=\"193\" srcset=\"https:\/\/www.monempresarial.com\/wp-content\/uploads\/2019\/05\/foto-LIDERA.jpg 318w, https:\/\/www.monempresarial.com\/wp-content\/uploads\/2019\/05\/foto-LIDERA-300x182.jpg 300w\" sizes=\"(max-width: 318px) 100vw, 318px\" \/><\/p>\n<p>El jurat del Premis Connexi\u00f3, format per professionals i autoritats de reconegut prestigi del sector TIC ha decidit atorgar els guardons a:<\/p>\n<p>\u2022<a href=\"https:\/\/sites.google.com\/site\/telsatgi\/\"><strong> Comercial Tel-Sat Platja d\u2019Aro S.L.<\/strong><\/a>, premi al <em>Dinamisme Empresarial<\/em>, pel seu comprom\u00eds, traject\u00f2ria i dinamisme al llarg de l\u2019\u00faltim any.<\/p>\n<p>\u2022 <strong>Mas La Carrera<\/strong>, de Sant Esteve d\u2019en Bas, premi a la <em>Iniciativa Empresarial<\/em> \u00a0en l\u2019\u00e0mbit tecnol\u00f2gic. Mas La Carrera \u00e9s una de les 11 granges de demostraci\u00f3 del projecte <strong>\u00a0<a href=\"https:\/\/www.ecsel.eu\/projects\/afarcloud\">Europeu AfarCloud<\/a><\/strong> finan\u00e7at per H2020 de la Comissi\u00f3 Europea, on hi participaran universitats, centres de recerca i empreses tecnol\u00f2giques.<\/p>\n<p>\u2022 <a href=\"https:\/\/5gbarcelona.org\/ca\/\"><strong>5G Barcelona<\/strong><\/a>, premi a la<em> Iniciativa Institucional<\/em>, destacada per ser el hub 5G del sud<br \/>\nd\u2019Europa, una iniciativa oberta i global per a la validaci\u00f3 i adopci\u00f3 de tecnologies i aplicacions 5G a trav\u00e9s de proves en l\u2019entorn real de la ciutat de Barcelona.<\/p>\n<p>\u2022 <a href=\"http:\/\/albertcuesta.com\"><strong>Blog de Albert Cuesta<\/strong><\/a> premi a la tasca de Comunicaci\u00f3 i Difusi\u00f3 per haver estat capa\u00e7 de transmetre de forma clara, amena i directe la tecnologia a la societat des de 1980.<\/p>\n<p>L\u2019acte s\u2019ha celebrat a l\u2019auditor de la seu de la Comissi\u00f3 Nacional dels Mercats i la Compet\u00e8ncia de Barcelona i ha comptat la participaci\u00f3 de nombrosos professionals i empreses del sector que han gaudit del debat, l\u2019exposici\u00f3 d\u2019empreses i del networking generat.<\/p>\n<p>Per a m\u00e9s informaci\u00f3 &#8211; Premsa \u2013 Olga Vela \u2013 ovela@feceminte.cat<\/p>\n","protected":false},"excerpt":{"rendered":"<p>Barcelona, 16 de maig 2019_ Durant la celebraci\u00f3 del Dia Mundial de les Telecomunicacions, Feceminte ha lliurat aquest vespre, els XX Premis Connexi\u00f3, que distingeix persones, institucions i empreses que han tingut un paper destacat en les telecomunicacions i les TIC en general.<\/p>\n","protected":false},"author":1,"featured_media":20850,"comment_status":"closed","ping_status":"closed","sticky":false,"template":"","format":"standard","meta":{"_mi_skip_tracking":false,"mc4wp_mailchimp_campaign":[],"jnews-multi-image_gallery":[],"jnews_single_post":[],"jnews_primary_category":[]},"categories":[5694,10820,10821,10,10825],"tags":[180,194,2762,5330,7814],"_links":{"self":[{"href":"https:\/\/www.monempresarial.com\/ca\/wp-json\/wp\/v2\/posts\/20833"}],"collection":[{"href":"https:\/\/www.monempresarial.com\/ca\/wp-json\/wp\/v2\/posts"}],"about":[{"href":"https:\/\/www.monempresarial.com\/ca\/wp-json\/wp\/v2\/types\/post"}],"author":[{"embeddable":true,"href":"https:\/\/www.monempresarial.com\/ca\/wp-json\/wp\/v2\/users\/1"}],"replies":[{"embeddable":true,"href":"https:\/\/www.monempresarial.com\/ca\/wp-json\/wp\/v2\/comments?post=20833"}],"version-history":[{"count":1,"href":"https:\/\/www.monempresarial.com\/ca\/wp-json\/wp\/v2\/posts\/20833\/revisions"}],"predecessor-version":[{"id":46161,"href":"https:\/\/www.monempresarial.com\/ca\/wp-json\/wp\/v2\/posts\/20833\/revisions\/46161"}],"wp:featuredmedia":[{"embeddable":true,"href":"https:\/\/www.monempresarial.com\/ca\/wp-json\/wp\/v2\/media\/20850"}],"wp:attachment":[{"href":"https:\/\/www.monempresarial.com\/ca\/wp-json\/wp\/v2\/media?parent=20833"}],"wp:term":[{"taxonomy":"category","embeddable":true,"href":"https:\/\/www.monempresarial.com\/ca\/wp-json\/wp\/v2\/categories?post=20833"},{"taxonomy":"post_tag","embeddable":true,"href":"https:\/\/www.monempresarial.com\/ca\/wp-json\/wp\/v2\/tags?post=20833"}],"curies":[{"name":"wp","href":"https:\/\/api.w.org\/{rel}","templated":true}]}}