{"id":20927,"date":"2019-06-14T13:02:07","date_gmt":"2019-06-14T11:02:07","guid":{"rendered":"http:\/\/www.monempresarial.com\/2019\/06\/14\/elisenda-bou-balust-de-vilynx-julia-puig-de-opportunity-network-y-sara-werner-de-cocunat-finalistas-del-xxvi-premio-joven-empresario\/"},"modified":"2025-06-06T10:16:43","modified_gmt":"2025-06-06T08:16:43","slug":"elisenda-bou-balust-de-vilynx-julia-puig-de-opportunity-network-y-sara-werner-de-cocunat-finalistas-del-xxvi-premio-joven-empresario","status":"publish","type":"post","link":"https:\/\/www.monempresarial.com\/ca\/2019\/06\/14\/elisenda-bou-balust-de-vilynx-julia-puig-de-opportunity-network-y-sara-werner-de-cocunat-finalistas-del-xxvi-premio-joven-empresario\/","title":{"rendered":"Elisenda Bou-Balust de Vilynx, Julia Puig d&#8217;Opportunity Network i Sara Werner de Cocunat, <\/span>finalistes al XXVI Premi Jove Empresari"},"content":{"rendered":"<p><strong>Els guanyadors es coneixeran el pr\u00f2xim 2 de juliol en un acte a Fira de Barcelona \u2013 Fonts de Montju\u00efc.<\/strong><\/p>\n<p>Despr\u00e9s d\u2019analitzar m\u00e9s d\u2019un centenar de candidatures, el jurat del\u00a0 XXVI Premi Jove Empresari ha donat a con\u00e8ixer el nom de les tres finalistes al guard\u00f3 que atorga anualment l\u2019Associaci\u00f3 de Joves Empresaris de Catalunya (AIJEC). Enguany hi optaran tres dones: Elisenda Bou-Balust cofundadora de Vilynx, Julia Puig d&#8217;Opportunity Network i Sara Werner de Cocunat.<\/p>\n<p>Bou est\u00e0 al capdavant d\u2019una empresa que ha creat el primer sistema d\u2019Intel\u00b7lig\u00e8ncia Artificial que ofereix serveis d\u2019etiquetatge i indexaci\u00f3 de continguts i v\u00eddeos existents a la xarxa, per a poder trobar-los a partir de cerques. Puig, per la seva banda, lidera una plataforma privada de negocis a nivell internacional que posa en contacte a empresaris i empreses de tot el m\u00f3n per fer negocis. I Werner \u00e9s la m\u00e0xima responsable d\u2019una companyia <em>online<\/em> de cosm\u00e8tica natural, 100% lliure de t\u00f2xics i <em>cruelty free<\/em>.<\/p>\n<p>A l\u2019hora de triar les tres finalistes, el jurat, format per representants de les conselleries d\u2019Economia i Coneixement i Empresa i Ocupaci\u00f3, Foment del Treball, Barcelona Activa, ACC1\u00d3, ESADE i IESE, aix\u00ed com personalitats del m\u00f3n de l\u2019empresa i la comunicaci\u00f3, ha tingut en compte factors com la consolidaci\u00f3 de la idea inicial en forma de negoci, la viabilitat econ\u00f2mica i financera, l&#8217;esperit emprenedor, la traject\u00f2ria personal, la visi\u00f3 internacional, i els reptes i perspectives de futur dels projectes presentats.<\/p>\n<p><strong>Premi a la Millor Iniciativa Empresarial <\/strong><br \/>\nD\u2019altra banda, en la categoria de Millor Iniciativa Empresarial, que en aquesta edici\u00f3 compta amb el patrocini de Fira de Barcelona, els finalistes s\u00f3n MATCH MODE, el primer <em>marketplace<\/em> de gesti\u00f3 de talent <em>freelance<\/em> del sector moda; PocketPiano, una <em>startup<\/em> que presenta un piano modular de mida real que funciona a trav\u00e9s d&#8217;un <em>smartphone<\/em>; i Quside, empresa que dissenya i fabrica components basats en tecnologia qu\u00e0ntica capa\u00e7os de garantir la seguretat de les dades i dels sistemes de xarxes.<\/p>\n<figure id=\"attachment_20922\" aria-describedby=\"caption-attachment-20922\" style=\"width: 872px\" class=\"wp-caption aligncenter\"><img decoding=\"async\" loading=\"lazy\" class=\"size-full wp-image-20923\" src=\"https:\/\/www.monempresarial.com\/wp-content\/uploads\/2019\/06\/Finalistes_MillorIniciativaEmpresarial.jpg\" alt=\"\" width=\"872\" height=\"490\" srcset=\"https:\/\/www.monempresarial.com\/wp-content\/uploads\/2019\/06\/Finalistes_MillorIniciativaEmpresarial.jpg 872w, https:\/\/www.monempresarial.com\/wp-content\/uploads\/2019\/06\/Finalistes_MillorIniciativaEmpresarial-300x169.jpg 300w, https:\/\/www.monempresarial.com\/wp-content\/uploads\/2019\/06\/Finalistes_MillorIniciativaEmpresarial-359x201.jpg 359w, https:\/\/www.monempresarial.com\/wp-content\/uploads\/2019\/06\/Finalistes_MillorIniciativaEmpresarial-300x169@2x.jpg 600w, https:\/\/www.monempresarial.com\/wp-content\/uploads\/2019\/06\/Finalistes_MillorIniciativaEmpresarial-359x201@2x.jpg 718w\" sizes=\"(max-width: 872px) 100vw, 872px\" \/><figcaption id=\"caption-attachment-20922\" class=\"wp-caption-text\">El Premi a la Millor Iniciativa Empresarial se&#8217;l disputaran MATCH MODE, PocketPiano i Quside.<\/figcaption><\/figure>\n<p>A m\u00e9s dels dos guardons principals, durant l&#8217;acte, l&#8217;Associaci\u00f3 de Joves Empresaris entregar\u00e0 quatre reconeixements m\u00e9s: el Reconeixement a la Millor Traject\u00f2ria Empresarial, que es lliura a un empresari amb experi\u00e8ncia i un projecte empresarial ja consolidat; el Reconeixement a la Qualitat Ling\u00fc\u00edstica Empresarial, per un foment positiu de l\u2019\u00fas de la llengua catalana a l\u2019empresa com una eina de millora qualitativa; el Reconeixement al Futur Jove Empresari, que reconeix un projecte emprenedor treballat per estudiants menors de 18 anys i el Reconeixement a l\u2019Emprenedor Social, guard\u00f3 que t\u00e9 el suport de CaixaBank.<\/p>\n<p>Els guanyadors de la XXVI edici\u00f3 Premi Jove Empresari es coneixeran el pr\u00f2xim 2 de juliol en un acte a Fira de Barcelona \u2013 Fonts de Montju\u00efc.<\/p>\n","protected":false},"excerpt":{"rendered":"<p>Elisenda Bou-Balust de Vilynx, Julia Puig d&#8217;Opportunity Network i Sara Werner de Cocunat, finalistes al XXVI Premi Jove Empresari <\/p>\n","protected":false},"author":1,"featured_media":20925,"comment_status":"closed","ping_status":"closed","sticky":false,"template":"","format":"standard","meta":{"_mi_skip_tracking":false,"mc4wp_mailchimp_campaign":[],"jnews-multi-image_gallery":[],"jnews_single_post":[],"jnews_primary_category":[]},"categories":[5694,10820,10821,10,10825],"tags":[595,2397,7818,8241],"_links":{"self":[{"href":"https:\/\/www.monempresarial.com\/ca\/wp-json\/wp\/v2\/posts\/20927"}],"collection":[{"href":"https:\/\/www.monempresarial.com\/ca\/wp-json\/wp\/v2\/posts"}],"about":[{"href":"https:\/\/www.monempresarial.com\/ca\/wp-json\/wp\/v2\/types\/post"}],"author":[{"embeddable":true,"href":"https:\/\/www.monempresarial.com\/ca\/wp-json\/wp\/v2\/users\/1"}],"replies":[{"embeddable":true,"href":"https:\/\/www.monempresarial.com\/ca\/wp-json\/wp\/v2\/comments?post=20927"}],"version-history":[{"count":1,"href":"https:\/\/www.monempresarial.com\/ca\/wp-json\/wp\/v2\/posts\/20927\/revisions"}],"predecessor-version":[{"id":46159,"href":"https:\/\/www.monempresarial.com\/ca\/wp-json\/wp\/v2\/posts\/20927\/revisions\/46159"}],"wp:featuredmedia":[{"embeddable":true,"href":"https:\/\/www.monempresarial.com\/ca\/wp-json\/wp\/v2\/media\/20925"}],"wp:attachment":[{"href":"https:\/\/www.monempresarial.com\/ca\/wp-json\/wp\/v2\/media?parent=20927"}],"wp:term":[{"taxonomy":"category","embeddable":true,"href":"https:\/\/www.monempresarial.com\/ca\/wp-json\/wp\/v2\/categories?post=20927"},{"taxonomy":"post_tag","embeddable":true,"href":"https:\/\/www.monempresarial.com\/ca\/wp-json\/wp\/v2\/tags?post=20927"}],"curies":[{"name":"wp","href":"https:\/\/api.w.org\/{rel}","templated":true}]}}