{"id":20932,"date":"2019-06-18T13:34:58","date_gmt":"2019-06-18T11:34:58","guid":{"rendered":"http:\/\/www.monempresarial.com\/?p=20932"},"modified":"2025-06-06T10:16:33","modified_gmt":"2025-06-06T08:16:33","slug":"pimecreconoce-las-mejores-iniciativas-empresariales-del-ano","status":"publish","type":"post","link":"https:\/\/www.monempresarial.com\/ca\/2019\/06\/18\/pimecreconoce-las-mejores-iniciativas-empresariales-del-ano\/","title":{"rendered":"PIMEC <\/span>reconeix les millors iniciatives empresarials de l\u2019any"},"content":{"rendered":"<p><strong>La 32\u00aa edici\u00f3 dels Premis Pimes ha guardonat la cap\u00e7alera <em>El Peri\u00f3dico<\/em> com a Millor Treball Period\u00edstic, la Fundaci\u00f3 Rezero amb el Reconeixement en el comer\u00e7 i a Munich amb el Premi DIPLOCAT a la diplom\u00e0cia empresarial. <\/strong><\/p>\n<p>Els altres premiats han estat Ramon Mart\u00ednez Pursals, de Twister Box (Reconeixement a la segona oportunitat empresarial, amb la col\u00b7laboraci\u00f3 de l\u2019Obra Social \u201cLa Caixa\u201d); Pau Sarsanedas Millet, de Steros GPA Innovative (Premi PIMEC Jove); LC Paper (Premi Fundaci\u00f3 PIMEC als Valors d\u2019empresa); i AgroFoods &amp; Commerce-Priordei (Premi a la Qualitat Ling\u00fc\u00edstica en el m\u00f3n empresarial, amb la col\u00b7laboraci\u00f3 del Departament de Cultura).<\/p>\n<p>Pel que fa als premis a la pime m\u00e9s competitiva (micro, petita i mitjana empresa), han resultat vencedors Santea Products, Ceras Roura i Kivnon Log\u00edstica, respectivament.<\/p>\n<p>Els Premis Pimes han rebut enguany 78 candidatures provinents de 59 empreses.<\/p>\n<p>L\u2019acte de lliurament dels guardons s\u2019ha celebrat el 17 de juny a la Sala Oval del Museu Nacional d\u2019Art de Catalunya (MNAC). Ha comptat amb la pres\u00e8ncia de diferents personalitats del m\u00f3n econ\u00f2mic, pol\u00edtic i social, com ara, el president de la Generalitat, Quim Torra; la ministra d\u2019Ind\u00fastria, Comer\u00e7 i Turisme, Reyes Maroto; el ministre de Presid\u00e8ncia, Comer\u00e7 i Empresa d\u2019Andorra, Jordi Gallardo; el president del Parlament de Catalunya, Roger Torrent; la delegada del Govern a Catalunya, Teresa Cunillera; l\u2019alcaldessa de Barcelona, Ada Colau, el vicepresident i conseller d&#8217;Economia i Hisenda, Pere Aragon\u00e8s; el conseller d\u2019Interior, Miquel Buch; el conseller de Treball, Afers Socials i Fam\u00edlies, Chakir El Homrani, i la consellera d&#8217;Empresa i Coneixement, \u00c0ngels Chac\u00f3n, entre altres.<\/p>\n<p>El president de PIMEC, Josep Gonz\u00e1lez, ha volgut felicitar en el seu discurs \u201ca totes les empreses, comer\u00e7os i aut\u00f2noms que s\u2019han presentat i, molt especialment a tots els guardonats\u201d, fent una menci\u00f3 especial a la formidable tasca que fan les pimes catalanes per l\u2019economia del pa\u00eds: \u201cTot i una certa desacceleraci\u00f3 europea que ens afecta en les exportacions, creixerem per sobre del 2% del PIB i per al 2020 es preveu un 1,9%\u201d, ha destacat. No obstant aix\u00f2, el m\u00e0xim representant de la patronal de la petita i la mitjana empresa no ha eludit posar damunt la taula els reptes que encara cal assolir, com ara \u201caccelerar el desplegament de fibra \u00f2ptica a tots els pol\u00edgons industrials\u201d; aconseguir el consens pel que fa a l\u2019FP \u2013\u201ccal que les administracions, els agents socials, les universitats, escoles, tots treballem plegats per millorar la situaci\u00f3, i cal que es reconegui el paper fonamental de l\u2019empresa com a agent formatiu de la FP Dual\u201d, ha dit;\u00a0 i la necessitat de millorar les pol\u00edtiques pel que fa als aut\u00f2noms i lluitar contra l\u2019actual estancament dels salaris.<\/p>\n","protected":false},"excerpt":{"rendered":"<p>La 32\u00aa edici\u00f3 dels Premis Pimes ha guardonat la cap\u00e7alera &#8220;El Peri\u00f3dico&#8221; com a Millor Treball Period\u00edstic, la Fundaci\u00f3 Rezero amb el Reconeixement en el comer\u00e7 i a Munich amb el Premi DIPLOCAT a la diplom\u00e0cia empresarial.<\/p>\n","protected":false},"author":1,"featured_media":20933,"comment_status":"open","ping_status":"open","sticky":false,"template":"","format":"standard","meta":{"_mi_skip_tracking":false,"mc4wp_mailchimp_campaign":[],"jnews-multi-image_gallery":[],"jnews_single_post":[],"jnews_primary_category":[]},"categories":[5694,10820,10821,10825],"tags":[2761,5153,7821,613],"_links":{"self":[{"href":"https:\/\/www.monempresarial.com\/ca\/wp-json\/wp\/v2\/posts\/20932"}],"collection":[{"href":"https:\/\/www.monempresarial.com\/ca\/wp-json\/wp\/v2\/posts"}],"about":[{"href":"https:\/\/www.monempresarial.com\/ca\/wp-json\/wp\/v2\/types\/post"}],"author":[{"embeddable":true,"href":"https:\/\/www.monempresarial.com\/ca\/wp-json\/wp\/v2\/users\/1"}],"replies":[{"embeddable":true,"href":"https:\/\/www.monempresarial.com\/ca\/wp-json\/wp\/v2\/comments?post=20932"}],"version-history":[{"count":1,"href":"https:\/\/www.monempresarial.com\/ca\/wp-json\/wp\/v2\/posts\/20932\/revisions"}],"predecessor-version":[{"id":46158,"href":"https:\/\/www.monempresarial.com\/ca\/wp-json\/wp\/v2\/posts\/20932\/revisions\/46158"}],"wp:featuredmedia":[{"embeddable":true,"href":"https:\/\/www.monempresarial.com\/ca\/wp-json\/wp\/v2\/media\/20933"}],"wp:attachment":[{"href":"https:\/\/www.monempresarial.com\/ca\/wp-json\/wp\/v2\/media?parent=20932"}],"wp:term":[{"taxonomy":"category","embeddable":true,"href":"https:\/\/www.monempresarial.com\/ca\/wp-json\/wp\/v2\/categories?post=20932"},{"taxonomy":"post_tag","embeddable":true,"href":"https:\/\/www.monempresarial.com\/ca\/wp-json\/wp\/v2\/tags?post=20932"}],"curies":[{"name":"wp","href":"https:\/\/api.w.org\/{rel}","templated":true}]}}