{"id":21093,"date":"2019-07-06T09:00:00","date_gmt":"2019-07-06T07:00:00","guid":{"rendered":"http:\/\/www.monempresarial.com\/?p=21093"},"modified":"2022-12-22T10:38:04","modified_gmt":"2022-12-22T09:38:04","slug":"plan-juncker-el-programa-que-quiere-recuperar-la-inversion-en-europa","status":"publish","type":"post","link":"https:\/\/www.monempresarial.com\/ca\/2019\/07\/06\/plan-juncker-el-programa-que-quiere-recuperar-la-inversion-en-europa\/","title":{"rendered":"<span style=\"color: # b8b4b4; font-weight: bold; \">Plan Juncker:  El programa que quiere recuperar la inversi\u00f3n en Europa"},"content":{"rendered":"<p><strong>A finals del 2014, l\u2019actual president de la Comissi\u00f3 Europea, Jean-Claude Juncker, va presentar el seu pla estrella perqu\u00e8 la inversi\u00f3 torn\u00e9s a confiar en la UE, despr\u00e9s d\u2019una caiguda del 15% a causa de la crisi econ\u00f2mica que havia esclatat a finals del 2007, per\u00f2 que va arribar al seu punt \u00e0lgid entre els anys 2010 i 2013. Tot i que va rebre el nom de Pla d\u2019Inversions per a Europa, es va acabar coneixent popularment com a Pla Juncker. Cinc anys m\u00e9s tard, la CE en fa un primer balan\u00e7.<\/strong><\/p>\n<h4>Text: <a style=\"color: #719f8c;\" href=\"http:\/\/monempresarial.com\/author\/eherrera\/\">Esther Herrera<\/a><\/h4>\n<hr \/>\n<p>I la conclusi\u00f3 \u00e9s bona. La Comissi\u00f3 Europea assegura que , des de la seva posada en marxa, el 2015, el Pla Juncker ha estat un \u00e8xit. Fins ara s\u2019han mobilitzat 392.600 milions d\u2019euros a trav\u00e9s del seu instrument financer principal, el Fons Europeu d\u2019Inversions Estrat\u00e8giques (EFSI), per\u00f2 d\u2019aqu\u00ed l\u2019any 2020, Brussel\u00b7les espera arribar als 500.000 milions d\u2019euros, una xifra que supera, de llarg, les previsions inicials (315.000 milions).<\/p>\n<p><img decoding=\"async\" loading=\"lazy\" class=\"aligncenter wp-image-21118 \" src=\"http:\/\/www.monempresarial.com\/wp-content\/uploads\/2019\/07\/2-.jpg\" alt=\"\" width=\"464\" height=\"217\" srcset=\"https:\/\/www.monempresarial.com\/wp-content\/uploads\/2019\/07\/2-.jpg 900w, https:\/\/www.monempresarial.com\/wp-content\/uploads\/2019\/07\/2--300x140.jpg 300w, https:\/\/www.monempresarial.com\/wp-content\/uploads\/2019\/07\/2--300x140@2x.jpg 600w\" sizes=\"(max-width: 464px) 100vw, 464px\" \/><\/p>\n<p>L\u2019objectiu del Pla \u00e9s afavorir, sobretot, les pimes (945.000 empreses ja se n\u2019han beneficiat -un 32% del total) i aquells projectes destinats a la recerca i innovaci\u00f3, l\u2019energia o la digitalitzaci\u00f3. El Pla tamb\u00e9 ha perm\u00e8s la creaci\u00f3 de m\u00e9s de 750.000 llocs de treball, per\u00f2 la Comissi\u00f3 aspira d\u2019arribar als 1,4 milions d\u2019aqu\u00ed a l\u2019any que ve. Segons c\u00e0lculs comunitaris, gr\u00e0cies al Pla Juncker, el PIB de la UE ha augmentat un 0,6%.<\/p>\n<p><span style=\"color: #719f8c;\"><strong>PIB i inversi\u00f3<\/strong><\/span><br \/>\nSi tenim en compte el PIB dels pa\u00efsos, Espanya \u00e9s el des\u00e8 estat membre m\u00e9s beneficiat pel Pla. En una llista que encap\u00e7alen Gr\u00e8cia, Est\u00f2nia, Bulg\u00e0ria i Portugal, l\u2019Executiu espanyol ha rebut 8.051 milions d\u2019euros, amb l\u2019objectiu que amb ells es mobilitzi una inversi\u00f3 de 42.016 milions d\u2019euros.<\/p>\n<blockquote>\n<h2><span style=\"color: #719f8c;\"><img decoding=\"async\" loading=\"lazy\" class=\"wp-image-21100 alignright\" src=\"http:\/\/www.monempresarial.com\/wp-content\/uploads\/2019\/07\/3.jpg\" alt=\"\" width=\"151\" height=\"205\" srcset=\"https:\/\/www.monempresarial.com\/wp-content\/uploads\/2019\/07\/3.jpg 536w, https:\/\/www.monempresarial.com\/wp-content\/uploads\/2019\/07\/3-221x300.jpg 221w, https:\/\/www.monempresarial.com\/wp-content\/uploads\/2019\/07\/3-221x300@2x.jpg 442w\" sizes=\"(max-width: 151px) 100vw, 151px\" \/>Segons c\u00e0lculs comunitaris, gr\u00e0cies al Pla Juncker, el PIB de la UE ha augmentat un 0,6%<\/span><\/h2>\n<\/blockquote>\n<p>El Banc Europeu d\u2019Inversions (BEI) \u00e9s qui dona els cr\u00e8dits, normalment a un valor segur, i accepta poc risc perqu\u00e8 vol mantenir la seva Triple A, la m\u00e0xima qualificaci\u00f3 credit\u00edcia. Tot i aix\u00ed, el pressupost de la UE \u2014que acompanya al BEI a l\u2019hora de finan\u00e7ar els projectes\u2014 hauria de ser una garantia per assumir projectes amb m\u00e9s riscos. Aix\u00ed ho creu Gr\u00e9gory Claeys, del think tank Bruegel. \u201cEl BEI hauria d\u2019augmentar el nivell d\u2019inversions a projectes amb m\u00e9s riscos i ser capa\u00e7 d\u2019acceptar algunes p\u00e8rdues, de manera que es pugui atreure m\u00e9s inversors i cofinan\u00e7adors\u201d, argumenta.<\/p>\n<p><img decoding=\"async\" loading=\"lazy\" class=\"wp-image-21098 alignleft\" src=\"http:\/\/www.monempresarial.com\/wp-content\/uploads\/2019\/07\/2-1.jpg\" alt=\"\" width=\"246\" height=\"255\" srcset=\"https:\/\/www.monempresarial.com\/wp-content\/uploads\/2019\/07\/2-1.jpg 656w, https:\/\/www.monempresarial.com\/wp-content\/uploads\/2019\/07\/2-1-290x300.jpg 290w, https:\/\/www.monempresarial.com\/wp-content\/uploads\/2019\/07\/2-1-290x300@2x.jpg 580w\" sizes=\"(max-width: 246px) 100vw, 246px\" \/>A Espanya, el BEI ha aprovat 89 projectes en total, 28 dels quals han beneficiat a pimes, amb un total de 1.300 milions d\u2019euros en finan\u00e7ament i capacitat de mobilitzar 13.700 milions d\u2019euros. La primera de rebre ajuda del Pla va ser l\u2019empresa catalana Grifols, amb 200 milions d\u2019euros destinats a desenvolupar un projecte de recerca del plasma per investigar sobre malalties com ara l\u2019alzheimer o la diabetis. Per\u00f2 tamb\u00e9 han estat afavorits altres projectes com ara la xarxa del metro de Madrid, la digitalitzaci\u00f3 dels grans magatzems El Corte Ingl\u00e9s, o Exovite, una pime aragonesa que ha desenvolupat noves f\u00e8rules ergon\u00f2miques per al tractament de malalties musculars o per als ossos trencats. La Comissi\u00f3 Europea ha informat, aix\u00ed mateix, recentment, que a trav\u00e9s del Pla Juncker, el BEI concedir\u00e0 600 milions d\u2019euros a CaixaBank perqu\u00e8 es puguin finan\u00e7ar nous projectes per a pimes i empreses espanyoles.<\/p>\n<p><span style=\"color: #719f8c;\"><strong>Amb lupa<\/strong><\/span><br \/>\nAmb tot, a principis d\u2019any, un informe publicat pel Tribunal Europeu de Comptes va advertir que algunes xifres del Pla Juncker podrien haver-se \u201csobreestimat\u201d, ja que algunes operacions finan\u00e7ades per aquest havien substitu\u00eft d\u2019altres ja previstes pel BEI o altres instruments financers, i van demanar m\u00e9s transpar\u00e8ncia per calcular-ne b\u00e9 els resultats. \u201c[El Pla Juncker] \u00e9s una ins\u00edgnia dels programes europeus, per aix\u00f2 \u00e9s tan important que qualsevol anunci sobre la seva efectivitat tingui fonaments s\u00f2lids\u201d, explica Leo Brincat, membre del Tribunal i responsable de l\u2019informe. En aquest sentit, l\u2019eurodiputat de l\u2019Esquerra Europea, el portugu\u00e8s Miguel Viegas, va instar el vicepresident encarregat del Pla Juncker, Jyrki Katainen, a respondre a aquestes acusacions. Katainen va desmentir les conclusions de l\u2019informe. \u201cLes estimacions de les inversions estan basades en una metodologia p\u00fablica i estan ben fonamentades. Les estimacions inicials es fan al principi de cada projecte i s\u00f3n revisades quan finalitzen\u201d, va al\u00b7legar.<\/p>\n<p><span style=\"color: #719f8c;\"><strong>Acabar amb la bretxa<\/strong><\/span><br \/>\nTamb\u00e9 l\u2019Eurocambra assegura que el pla ha estat un \u00e8xit, si b\u00e9 admet que encara cal trobar una soluci\u00f3 a la bretxa d\u2019inversi\u00f3 que encara es mant\u00e9 a la UE. Per aix\u00f2, a proposta de l\u2019Executiu comunitari, el Parlament Europeu va aprovar, el passat gener, amb 517 eurodiputats a favor, el nou programa InvestEU, que comptar\u00e0 amb una part significativa del pressupost europeu de cara al per\u00edode 2021-2027.<\/p>\n<blockquote>\n<h2><span style=\"color: #719f8c;\"><img decoding=\"async\" loading=\"lazy\" class=\" wp-image-21104 alignright\" src=\"http:\/\/www.monempresarial.com\/wp-content\/uploads\/2019\/07\/4.jpg\" alt=\"\" width=\"244\" height=\"239\" srcset=\"https:\/\/www.monempresarial.com\/wp-content\/uploads\/2019\/07\/4.jpg 504w, https:\/\/www.monempresarial.com\/wp-content\/uploads\/2019\/07\/4-300x294.jpg 300w\" sizes=\"(max-width: 244px) 100vw, 244px\" \/>Empreses com Grifols, el metro de Madrid, els grans magatzems El Corte Ingl\u00e9s o Exovite s\u2019han beneficiat del Pla al nostre pa\u00eds<br \/>\n<\/span><\/h2>\n<\/blockquote>\n<p>Aquest programa \u00e9s una evoluci\u00f3 del Pla Juncker, ja que no nom\u00e9s en formar\u00e0 part el seu instrument de finan\u00e7ament principal, l\u2019EFSI, sin\u00f3 que tamb\u00e9 comptar\u00e0 amb el mecanisme Connectant Europa (per invertir en infraestructures), el programa COSME per a pimes i el programa d\u2019Ocupaci\u00f3 i Innovaci\u00f3 Social, perqu\u00e8 totes puguin aprofitar el model del Pla. \u00c9s a dir, utilitzar garanties de pressupost per atreure inversi\u00f3.<\/p>\n<p>\u201cAquest nou programa no nom\u00e9s donar\u00e0 suport a les pimes per a la recerca, la innovaci\u00f3 i les infraestructures sostenibles, sin\u00f3 que esperem que tracti, tamb\u00e9, altres q\u00fcestions importants, com ara les infraestructures socials, la sanitat i l\u2019habitatge social\u201d, declara, esperan\u00e7at, l\u2019eurodiputat socialdem\u00f2crata Roberto Gualtieri, un dels ponents de l\u2019informe a l\u2019Eurocambra.<\/p>\n<p><img decoding=\"async\" loading=\"lazy\" class=\"aligncenter wp-image-21110 \" src=\"http:\/\/www.monempresarial.com\/wp-content\/uploads\/2019\/07\/5-1.jpg\" alt=\"\" width=\"684\" height=\"558\" srcset=\"https:\/\/www.monempresarial.com\/wp-content\/uploads\/2019\/07\/5-1.jpg 966w, https:\/\/www.monempresarial.com\/wp-content\/uploads\/2019\/07\/5-1-300x245.jpg 300w, https:\/\/www.monempresarial.com\/wp-content\/uploads\/2019\/07\/5-1-72x60.jpg 72w, https:\/\/www.monempresarial.com\/wp-content\/uploads\/2019\/07\/5-1-300x245@2x.jpg 600w, https:\/\/www.monempresarial.com\/wp-content\/uploads\/2019\/07\/5-1-72x60@2x.jpg 144w\" sizes=\"(max-width: 684px) 100vw, 684px\" \/><\/p>\n","protected":false},"excerpt":{"rendered":"<p>A finals del 2014, l\u2019actual president de la Comissi\u00f3 Europea, Jean-Claude Juncker, va presentar el seu pla estrella perqu\u00e8 la inversi\u00f3 torn\u00e9s a confiar en la UE, despr\u00e9s d\u2019una caiguda del 15% a causa de la crisi econ\u00f2mica que havia esclatat a finals del 2007, per\u00f2 que va arribar al seu punt \u00e0lgid entre els anys 2010 i 2013. Tot i que va rebre el nom de Pla d\u2019Inversions per a Europa, es va acabar coneixent popularment com a Pla Juncker.  Cinc anys m\u00e9s tard, la CE en fa un primer balan\u00e7.<\/p>\n","protected":false},"author":1,"featured_media":21112,"comment_status":"open","ping_status":"open","sticky":false,"template":"","format":"standard","meta":{"_mi_skip_tracking":false,"mc4wp_mailchimp_campaign":[],"jnews-multi-image_gallery":[],"jnews_single_post":[],"jnews_primary_category":[]},"categories":[10839,10815,10843,19],"tags":[143,170,181,251,609,1174,2418,6013],"_links":{"self":[{"href":"https:\/\/www.monempresarial.com\/ca\/wp-json\/wp\/v2\/posts\/21093"}],"collection":[{"href":"https:\/\/www.monempresarial.com\/ca\/wp-json\/wp\/v2\/posts"}],"about":[{"href":"https:\/\/www.monempresarial.com\/ca\/wp-json\/wp\/v2\/types\/post"}],"author":[{"embeddable":true,"href":"https:\/\/www.monempresarial.com\/ca\/wp-json\/wp\/v2\/users\/1"}],"replies":[{"embeddable":true,"href":"https:\/\/www.monempresarial.com\/ca\/wp-json\/wp\/v2\/comments?post=21093"}],"version-history":[{"count":0,"href":"https:\/\/www.monempresarial.com\/ca\/wp-json\/wp\/v2\/posts\/21093\/revisions"}],"wp:featuredmedia":[{"embeddable":true,"href":"https:\/\/www.monempresarial.com\/ca\/wp-json\/wp\/v2\/media\/21112"}],"wp:attachment":[{"href":"https:\/\/www.monempresarial.com\/ca\/wp-json\/wp\/v2\/media?parent=21093"}],"wp:term":[{"taxonomy":"category","embeddable":true,"href":"https:\/\/www.monempresarial.com\/ca\/wp-json\/wp\/v2\/categories?post=21093"},{"taxonomy":"post_tag","embeddable":true,"href":"https:\/\/www.monempresarial.com\/ca\/wp-json\/wp\/v2\/tags?post=21093"}],"curies":[{"name":"wp","href":"https:\/\/api.w.org\/{rel}","templated":true}]}}