{"id":21473,"date":"2019-07-22T09:00:40","date_gmt":"2019-07-22T07:00:40","guid":{"rendered":"http:\/\/www.monempresarial.com\/?p=21473"},"modified":"2025-09-24T11:48:23","modified_gmt":"2025-09-24T09:48:23","slug":"las-empresas-en-espana-tipologia-y-necesidades","status":"publish","type":"post","link":"https:\/\/www.monempresarial.com\/ca\/2019\/07\/22\/las-empresas-en-espana-tipologia-y-necesidades\/","title":{"rendered":"Les empreses a Espanya: <\/span>tipologia i necessitats"},"content":{"rendered":"<p><strong>Quina \u00e9s la composici\u00f3 del teixit empresarial espanyol? Quin pes hi tenen pimes i aut\u00f2noms per sectors i CA? Quin grau d&#8217;innovaci\u00f3 assoleixen les empreses? Quins s\u00f3n els seus principals elements de competitivitat? Ho descobrim sota el guiatge de la patronal PIMEC.<\/strong><\/p>\n<h4><strong>Coordinaci\u00f3<\/strong>: <span style=\"color: #88576b;\"> M\u00f3n Empresarial en col\u00b7laboraci\u00f3 amb PIMEC.\u00a0<\/span><\/h4>\n<hr \/>\n<p><img decoding=\"async\" loading=\"lazy\" class=\"aligncenter wp-image-21480 \" src=\"https:\/\/www.monempresarial.com\/wp-content\/uploads\/2019\/07\/DESTACADO-cat.jpg\" alt=\"\" width=\"644\" height=\"660\" srcset=\"https:\/\/www.monempresarial.com\/wp-content\/uploads\/2019\/07\/DESTACADO-cat.jpg 599w, https:\/\/www.monempresarial.com\/wp-content\/uploads\/2019\/07\/DESTACADO-cat-293x300.jpg 293w, https:\/\/www.monempresarial.com\/wp-content\/uploads\/2019\/07\/DESTACADO-cat-293x300@2x.jpg 586w\" sizes=\"(max-width: 644px) 100vw, 644px\" \/><img decoding=\"async\" loading=\"lazy\" class=\"aligncenter wp-image-21486 size-full\" src=\"https:\/\/www.monempresarial.com\/wp-content\/uploads\/2019\/07\/1cat-2.jpg\" alt=\"\" width=\"640\" height=\"2175\" srcset=\"https:\/\/www.monempresarial.com\/wp-content\/uploads\/2019\/07\/1cat-2.jpg 640w, https:\/\/www.monempresarial.com\/wp-content\/uploads\/2019\/07\/1cat-2-88x300.jpg 88w, https:\/\/www.monempresarial.com\/wp-content\/uploads\/2019\/07\/1cat-2-301x1024.jpg 301w, https:\/\/www.monempresarial.com\/wp-content\/uploads\/2019\/07\/1cat-2-88x300@2x.jpg 176w, https:\/\/www.monempresarial.com\/wp-content\/uploads\/2019\/07\/1cat-2-301x1024@2x.jpg 602w\" sizes=\"(max-width: 640px) 100vw, 640px\" \/><\/p>\n<h2><\/h2>\n<h2><img decoding=\"async\" loading=\"lazy\" class=\" wp-image-21464 alignleft\" src=\"https:\/\/www.monempresarial.com\/wp-content\/uploads\/2019\/07\/Josep_Gonzalez_PIMEC_Sergi-Alc\u00e0zar_10.jpg\" alt=\"\" width=\"270\" height=\"301\" srcset=\"https:\/\/www.monempresarial.com\/wp-content\/uploads\/2019\/07\/Josep_Gonzalez_PIMEC_Sergi-Alc\u00e0zar_10.jpg 322w, https:\/\/www.monempresarial.com\/wp-content\/uploads\/2019\/07\/Josep_Gonzalez_PIMEC_Sergi-Alc\u00e0zar_10-270x300.jpg 270w\" sizes=\"(max-width: 270px) 100vw, 270px\" \/><\/h2>\n<h1><span style=\"color: #719f8c;\">La import\u00e0ncia de la representaci\u00f3 de les pimes<\/span><\/h1>\n<h4>\u00a0<span style=\"color: #88576b;\">Josep Gonz\u00e1lez.<br \/>\nPresident de PIMEC.\u00a0<\/span><\/h4>\n<p>Les micro, petites i mitjanes empreses s\u00f3n el motor de l&#8217;economia espanyola i, al costat dels professionals aut\u00f2noms, conformen la major part del teixit productiu del nostre pa\u00eds. Per aquesta ra\u00f3, \u00e9s fonamental que estiguin ben representades.<br \/>\nPIMEC, com a patronal que defensa els interessos de les pimes i dels treballadors aut\u00f2noms a Catalunya, destaca l&#8217;acord hist\u00f2ric al qual s&#8217;ha arribat aquest any en relaci\u00f3 a la representativitat patrona<br \/>\nEl juny del 2018, el Tribunal Suprem no va admetre els recursos de Foment del Treball Nacional i Fepime, i va permetre mesurar la representaci\u00f3 empresarial, cosa que va fer possible arribar a un acord sense precedents el passat 16 de mar\u00e7, despr\u00e9s que PIMEC inici\u00e9s el mesurament de la seva afiliaci\u00f3. Despr\u00e9s de 12 anys, vuit processos judicials, i amb la intermediaci\u00f3 del Departament de Treball, Afers Socials i Fam\u00edlies de la Generalitat de Catalunya, s&#8217;ha produ\u00eft aquest acord, que estableix la unitat d&#8217;acci\u00f3 i la paritat en la representaci\u00f3 empresarial que PIMEC havia defensat sempre: un 50% -50% entre grans i petites empreses. En benefici de les pimes, s&#8217;ha aconseguit que, per fi, el mapa patronal catal\u00e0 sigui propi del segle XXI, tal com est\u00e0 configurat en altres pa\u00efsos de la Uni\u00f3 Europea i la mateixa Europa.<br \/>\nDespr\u00e9s d&#8217;aquest acord, i del treball realitzat per PIMEC per a la defensa i representaci\u00f3 de les pimes i dels aut\u00f2noms, aix\u00ed com les seves propostes i accions de lobby, podem concloure que les pimes estan ben representades. No obstant aix\u00f2, aquesta representaci\u00f3, a nivell estatal, de la petita i mitjana empresa enfront de les grans companyies \u00e9s una cosa que fins fa poc era inexistent.<br \/>\nPer canviar aquesta situaci\u00f3, a finals del 2018, es va constituir la Plataforma pimes, organitzaci\u00f3 empresarial intersectorial a la qual PIMEC s&#8217;ha sumat com a membre fundador, i que representa m\u00e9s de 2 milions de professionals aut\u00f2noms i pimes. Gr\u00e0cies a aquesta plataforma, s&#8217;est\u00e0 treballant juntament amb diferents patronals de tot l&#8217;Estat per poder atorgar a les petites i mitjanes empreses la rellev\u00e0ncia que els correspon, sota el nou concepte del &#8216;Capitalisme Exclusiu&#8217;, el principal factor del qual \u00e9s l&#8217;equitat i la igualtat d&#8217;oportunitats entre empreses, basant-se en els principis de demanda, on es denuncien les pol\u00edtiques de rendes excessives, mercats regulats, clientelistes i financers.<\/p>\n<p><span style=\"color: #719f8c;\"><strong>Les pimes i les seves necessitats<\/strong><\/span><br \/>\nRecentment, he tingut el gran honor de rebre, per part de la Generalitat de Catalunya, una de les seves m\u00e0ximes distincions: la Creu de Sant Jordi. Aquest reconeixement a la meva tasca al capdavant de la patronal catalana PIMEC m&#8217;enorgulleix per la import\u00e0ncia que t\u00e9 el fet d&#8217;ajudar les pimes i els professionals aut\u00f2noms a enfortir els seus negocis, solucionar-ne els problemes del dia a dia i millorar-ne la competitivitat.<br \/>\n\u00c9s imprescindible, per a la nostra economia, que les pimes tinguin una bona salut. Aix\u00ed i tot, queda molt cam\u00ed per rec\u00f3rrer en la millora de la seva situaci\u00f3. Per exemple, cal potenciar la ind\u00fastria i fer que l&#8217;administraci\u00f3 p\u00fablica simplifiqui els tr\u00e0mits i la burocr\u00e0cia a la qual les empreses i els aut\u00f2noms estan sotmesos.<br \/>\n<span style=\"color: #719f8c;\"><img decoding=\"async\" loading=\"lazy\" class=\"wp-image-21462 alignright\" src=\"https:\/\/www.monempresarial.com\/wp-content\/uploads\/2019\/07\/3-5.jpg\" alt=\"\" width=\"207\" height=\"206\" srcset=\"https:\/\/www.monempresarial.com\/wp-content\/uploads\/2019\/07\/3-5.jpg 403w, https:\/\/www.monempresarial.com\/wp-content\/uploads\/2019\/07\/3-5-150x150.jpg 150w, https:\/\/www.monempresarial.com\/wp-content\/uploads\/2019\/07\/3-5-300x300.jpg 300w\" sizes=\"(max-width: 207px) 100vw, 207px\" \/><\/span><\/p>\n<blockquote><p><span style=\"color: #719f8c;\">\u00a0<\/span><\/p>\n<h2><span style=\"color: #719f8c;\">Les pimes s&#8217;estan adaptant a nous models de negoci i han d&#8217;abordar temes com el de la transformaci\u00f3 digital si volen cr\u00e9ixer o, simplement, sobreviure<\/span><\/h2>\n<\/blockquote>\n<p>Cal una millora de l&#8217;efici\u00e8ncia energ\u00e8tica, a trav\u00e9s de la reducci\u00f3 dels costos, ja que l&#8217;alt preu a qu\u00e8 es paga el kW\/h resta competitivitat als negocis. Tamb\u00e9 urgeix impulsar mesures en mat\u00e8ria de segona oportunitat i definir iniciatives que acabin d&#8217;una vegada per totes amb la morositat empresarial, que tant est\u00e0 perjudicant les pimes. A m\u00e9s, s&#8217;ha d&#8217;ajudar les empreses en la seva transici\u00f3 a l&#8217;era digital.<br \/>\nEn mat\u00e8ria d&#8217;infraestructures, PIMEC ha instat en diverses ocasions el Govern d&#8217;Espanya a complir la inversi\u00f3 pressupostada d&#8217;aquesta partida i, en cas de no poder-la executar, derivar a cada comunitat aut\u00f2noma aquest capital perqu\u00e8 aquestes puguin dur a terme mesures amb l&#8217;objectiu de millorar les infraestructures, cosa que afecta de forma molt directa el teixit empresarial.<br \/>\nPel que fa als treballadors aut\u00f2noms, considero molt necessari facilitar els processos de relleu generacional, legislar sobre la nova figura de l&#8217;aut\u00f2nom digital i col\u00b7laboratiu, i intentar simplificar la seva tributaci\u00f3, entre altres q\u00fcestions.<\/p>\n","protected":false},"excerpt":{"rendered":"<p>Quina \u00e9s la composici\u00f3 del teixit empresarial espanyol? Quin pes hi tenen pimes i aut\u00f2noms per sectors i CA? Quin grau d&#8217;innovaci\u00f3 assoleixen les empreses? Quins s\u00f3n els seus principals elements de competitivitat? Ho descobrim sota el guiatge de la patronal PIMEC.<\/p>\n","protected":false},"author":1,"featured_media":21466,"comment_status":"closed","ping_status":"closed","sticky":false,"template":"","format":"standard","meta":{"_mi_skip_tracking":false,"mc4wp_mailchimp_campaign":[],"jnews-multi-image_gallery":[],"jnews_single_post":[],"jnews_primary_category":[]},"categories":[10815,10844,7713],"tags":[180,896,911,3950,5586],"_links":{"self":[{"href":"https:\/\/www.monempresarial.com\/ca\/wp-json\/wp\/v2\/posts\/21473"}],"collection":[{"href":"https:\/\/www.monempresarial.com\/ca\/wp-json\/wp\/v2\/posts"}],"about":[{"href":"https:\/\/www.monempresarial.com\/ca\/wp-json\/wp\/v2\/types\/post"}],"author":[{"embeddable":true,"href":"https:\/\/www.monempresarial.com\/ca\/wp-json\/wp\/v2\/users\/1"}],"replies":[{"embeddable":true,"href":"https:\/\/www.monempresarial.com\/ca\/wp-json\/wp\/v2\/comments?post=21473"}],"version-history":[{"count":1,"href":"https:\/\/www.monempresarial.com\/ca\/wp-json\/wp\/v2\/posts\/21473\/revisions"}],"predecessor-version":[{"id":47732,"href":"https:\/\/www.monempresarial.com\/ca\/wp-json\/wp\/v2\/posts\/21473\/revisions\/47732"}],"wp:featuredmedia":[{"embeddable":true,"href":"https:\/\/www.monempresarial.com\/ca\/wp-json\/wp\/v2\/media\/21466"}],"wp:attachment":[{"href":"https:\/\/www.monempresarial.com\/ca\/wp-json\/wp\/v2\/media?parent=21473"}],"wp:term":[{"taxonomy":"category","embeddable":true,"href":"https:\/\/www.monempresarial.com\/ca\/wp-json\/wp\/v2\/categories?post=21473"},{"taxonomy":"post_tag","embeddable":true,"href":"https:\/\/www.monempresarial.com\/ca\/wp-json\/wp\/v2\/tags?post=21473"}],"curies":[{"name":"wp","href":"https:\/\/api.w.org\/{rel}","templated":true}]}}