{"id":21743,"date":"2019-10-01T19:42:33","date_gmt":"2019-10-01T17:42:33","guid":{"rendered":"http:\/\/www.monempresarial.com\/2019\/10\/01\/la-1a-jornada-sobre-bienestar-emocional-un-viaje-por-el-universo-de-la-emociones\/"},"modified":"2025-06-06T10:15:48","modified_gmt":"2025-06-06T08:15:48","slug":"la-1a-jornada-sobre-bienestar-emocional-un-viaje-por-el-universo-de-la-emociones","status":"publish","type":"post","link":"https:\/\/www.monempresarial.com\/ca\/2019\/10\/01\/la-1a-jornada-sobre-bienestar-emocional-un-viaje-por-el-universo-de-la-emociones\/","title":{"rendered":"La 1a Jornada sobre Benestar Emocional, <\/span>un viatge per l\u2019univers de les emocions"},"content":{"rendered":"<p><strong>Barcelona, 30 de setembre de 2019_ <\/strong>La 1a jornada sobre Benestar Emocional<strong>, <\/strong><em>Un viatge per l\u2019univers de les emocions<\/em>, reunir\u00e0 a m\u00e9s de 300 persones directives i professionals, el pr\u00f2xim dimecres 2 d\u2019octubre al Caixaforum, per a posar en relleu la necessitat de vetllar per la salut i el benestar emocional de les persones en les empreses i organitzacions.<\/p>\n<p>Participen com a ponents <strong>Sor Luc\u00eda Caram<\/strong>, monja dominica promotora del di\u00e0leg interreligi\u00f3s i l\u2019ajuda a desfavorits i <strong>Joan-Anton Catal\u00e0<\/strong> qu\u00edmic qu\u00e0ntic, astr\u00f2nom, divulgador cient\u00edfic i escriptor, que combina la seva passi\u00f3 per l\u2019astronomia amb l\u2019experi\u00e8ncia professional en empreses i organitzacions en la gesti\u00f3 del canvi.. <em>Una empresa \u00e9s una gal\u00e0xia que est\u00e0 formada per multitud d\u2019estels _<\/em>comenta Joan A. Catal\u00e0.<\/p>\n<p>La taula rodona d\u2019experi\u00e8ncies pr\u00e0ctiques, compta amb la participaci\u00f3 de Juan Jes\u00fas Domingo (CEO de Memora), Josep Santacreu (CEO de DKV Seguros) i Pilar Solanes (Cap del Departament de Salut de l\u00b4Ajuntament de Barcelona) que explicaran com han aconseguit fer de les seves empreses unes organitzacions saludables i atentes al benestar emocional dels seus col\u00b7laboradors i clients.<\/p>\n<p>Organitzada per la\u00a0<a href=\"http:\/\/www.fundacionsaludypersona.org\/\">Fundaci\u00f3 Salut i Persona<\/a>, entitat experta i l\u00edder en serveis d\u2019atenci\u00f3 psicol\u00f2gica tant presencial com telef\u00f2nica per a empreses, que compta amb una xarxa de m\u00e9s de 400 centres d\u2019atenci\u00f3 psicol\u00f2gica en tota Espanya amb 500 psic\u00f2legs i atenen a m\u00e9s d\u20191.500.000 de persones. Els beneficis de la seva activitat es destinen a millorar la salut de les persones grans amb rics d\u2019exclusi\u00f3 o situaci\u00f3 de precarietat.<\/p>\n<p style=\"text-align: center;\"><strong>Un viatge per l\u2019univers de les emocions <\/strong><\/p>\n<p style=\"text-align: center;\"><a href=\"http:\/\/www.fundacionsaludypersona.org\"><strong>www<\/strong><strong>.<\/strong><strong>fundacionsaludypersona.org<\/strong><\/a><\/p>\n<p style=\"text-align: center;\"><strong>Dimecres, 2 d\u2019octubre<\/strong><\/p>\n<p style=\"text-align: center;\"><strong>De 9 a 13 hores<\/strong><\/p>\n<p style=\"text-align: center;\"><strong>CaixaForum Barcelona<\/strong><\/p>\n<p style=\"text-align: center;\"><strong>\u00a0(<\/strong><strong>Av. Francesc Ferrer i Gu\u00e0rdia, 6-8. 08038<\/strong><strong>)<\/strong><\/p>\n<p style=\"text-align: center;\"><strong>Per a m\u00e9s informaci\u00f3<\/strong><strong>: <\/strong><strong>Olga<\/strong> <strong>Vela<\/strong> <strong>,<\/strong> <strong>Tel<\/strong><strong>. 639 653 247 \u2013 ovela@singularnet.biz<\/strong><\/p>\n<p>&nbsp;<\/p>\n","protected":false},"excerpt":{"rendered":"<p>La 1a Jornada sobre Benestar Emocional, un viatge per l\u2019univers de les emocions, posa en valor la necessitat de vetllar pel benestar emocional de les persones a les empreses i organitzacions <\/p>\n","protected":false},"author":1,"featured_media":21723,"comment_status":"closed","ping_status":"closed","sticky":false,"template":"","format":"standard","meta":{"_mi_skip_tracking":false,"mc4wp_mailchimp_campaign":[],"jnews-multi-image_gallery":[],"jnews_single_post":[],"jnews_primary_category":[]},"categories":[10820,10821,5694,10825,10],"tags":[1174,3073,3085,3103,3118,6356,134,560],"_links":{"self":[{"href":"https:\/\/www.monempresarial.com\/ca\/wp-json\/wp\/v2\/posts\/21743"}],"collection":[{"href":"https:\/\/www.monempresarial.com\/ca\/wp-json\/wp\/v2\/posts"}],"about":[{"href":"https:\/\/www.monempresarial.com\/ca\/wp-json\/wp\/v2\/types\/post"}],"author":[{"embeddable":true,"href":"https:\/\/www.monempresarial.com\/ca\/wp-json\/wp\/v2\/users\/1"}],"replies":[{"embeddable":true,"href":"https:\/\/www.monempresarial.com\/ca\/wp-json\/wp\/v2\/comments?post=21743"}],"version-history":[{"count":1,"href":"https:\/\/www.monempresarial.com\/ca\/wp-json\/wp\/v2\/posts\/21743\/revisions"}],"predecessor-version":[{"id":46153,"href":"https:\/\/www.monempresarial.com\/ca\/wp-json\/wp\/v2\/posts\/21743\/revisions\/46153"}],"wp:featuredmedia":[{"embeddable":true,"href":"https:\/\/www.monempresarial.com\/ca\/wp-json\/wp\/v2\/media\/21723"}],"wp:attachment":[{"href":"https:\/\/www.monempresarial.com\/ca\/wp-json\/wp\/v2\/media?parent=21743"}],"wp:term":[{"taxonomy":"category","embeddable":true,"href":"https:\/\/www.monempresarial.com\/ca\/wp-json\/wp\/v2\/categories?post=21743"},{"taxonomy":"post_tag","embeddable":true,"href":"https:\/\/www.monempresarial.com\/ca\/wp-json\/wp\/v2\/tags?post=21743"}],"curies":[{"name":"wp","href":"https:\/\/api.w.org\/{rel}","templated":true}]}}