{"id":21839,"date":"2019-10-30T09:00:05","date_gmt":"2019-10-30T08:00:05","guid":{"rendered":"http:\/\/www.monempresarial.com\/?p=21839"},"modified":"2025-09-24T11:39:36","modified_gmt":"2025-09-24T09:39:36","slug":"esta-garantizada-la-sostenibilidad-de-las-pensiones-afrontar-el-debate-con-realismo","status":"publish","type":"post","link":"https:\/\/www.monempresarial.com\/ca\/2019\/10\/30\/esta-garantizada-la-sostenibilidad-de-las-pensiones-afrontar-el-debate-con-realismo\/","title":{"rendered":"Est\u00e0 garantida la sostenibilitat de les pensions? Afrontar el debat amb realisme"},"content":{"rendered":"<p><img decoding=\"async\" loading=\"lazy\" class=\"wp-image-21833 alignleft\" src=\"https:\/\/www.monempresarial.com\/wp-content\/uploads\/2019\/10\/20190219_UnaiSordo_SecGenCcoo_\u00a9-JulianRebollo_Ccoo-5.jpg\" alt=\"\" width=\"343\" height=\"193\" srcset=\"https:\/\/www.monempresarial.com\/wp-content\/uploads\/2019\/10\/20190219_UnaiSordo_SecGenCcoo_\u00a9-JulianRebollo_Ccoo-5.jpg 1925w, https:\/\/www.monempresarial.com\/wp-content\/uploads\/2019\/10\/20190219_UnaiSordo_SecGenCcoo_\u00a9-JulianRebollo_Ccoo-5-300x169.jpg 300w, https:\/\/www.monempresarial.com\/wp-content\/uploads\/2019\/10\/20190219_UnaiSordo_SecGenCcoo_\u00a9-JulianRebollo_Ccoo-5-1024x577.jpg 1024w, https:\/\/www.monempresarial.com\/wp-content\/uploads\/2019\/10\/20190219_UnaiSordo_SecGenCcoo_\u00a9-JulianRebollo_Ccoo-5-359x201.jpg 359w, https:\/\/www.monempresarial.com\/wp-content\/uploads\/2019\/10\/20190219_UnaiSordo_SecGenCcoo_\u00a9-JulianRebollo_Ccoo-5-300x169@2x.jpg 600w, https:\/\/www.monempresarial.com\/wp-content\/uploads\/2019\/10\/20190219_UnaiSordo_SecGenCcoo_\u00a9-JulianRebollo_Ccoo-5-359x201@2x.jpg 718w\" sizes=\"(max-width: 343px) 100vw, 343px\" \/><\/p>\n<p><strong>El sistema de pensions suposa un eix vertebrador del nostre model social: \u00e9s la principal renda disponible per a milions de ciutadans davant de conting\u00e8ncies com la jubilaci\u00f3 i la vellesa; el seu pressupost equival a m\u00e9s d&#8217;un ter\u00e7 de la despesa total de l&#8217;Estat. Abordem una mat\u00e8ria que defineix societat i t\u00e9 els reptes permanents de refor\u00e7ar-ne la legitimitat social, d&#8217;una banda, i garantir-ne el finan\u00e7ament suficient, de l&#8217;altra.<\/strong><\/p>\n<h4><span style=\"color: #88576b; text-transform: uppercase;\"><strong>unai sordo calvo.\u00a0<\/strong><\/span><strong>Secretari general de CCOO<\/strong><\/h4>\n<hr style=\"color: #b72126;\" \/>\n<p>La legitimitat dependr\u00e0, en part, de la confian\u00e7a que les persones puguem accedir a prestacions similars a les que contribu\u00efm a finan\u00e7ar. La sufici\u00e8ncia econ\u00f2mica, de la quantitat de recursos que com a pa\u00eds decidim democr\u00e0ticament destinar-hi, a trav\u00e9s de decisions pol\u00edtiques.<\/p>\n<p>Cal afrontar el debat amb realisme. La despesa en pensions s\u2019incrementar\u00e0 en les pr\u00f2ximes d\u00e8cades de forma notable. M\u00e9s pensionistes, han de percebre pensions m\u00e9s altes, i, previsiblement, les han de cobrar durant m\u00e9s temps.<\/p>\n<p><strong>CCOO planteja actuacions en v\u00e0ries l\u00ednies:<\/strong><\/p>\n<p>1. Derogaci\u00f3 de la reforma de pensions del 2013, que deixa de garantir-ne el poder adquisitiu i assumeix, com a \u00fanica alternativa a l&#8217;augment de l&#8217;esperan\u00e7a de vida, la reducci\u00f3 de les pensions futures fins a nivells mitjans un 40% inferiors als actuals a mitjans del segle.<\/p>\n<p>2. Correcci\u00f3 de l\u2019actual situaci\u00f3 de desequilibri entre ingressos i despesa en prestacions contributives. Per a aix\u00f2, cal actuar sobre el conjunt de par\u00e0metres que incideixen sobre les pensions: ingressos, despeses i comportaments estrat\u00e8gics de planificaci\u00f3 personal en mat\u00e8ria de cotitzaci\u00f3.<\/p>\n<blockquote>\n<h2><span style=\"color: #602d11;\"><img decoding=\"async\" loading=\"lazy\" class=\" wp-image-21831 alignright\" src=\"https:\/\/www.monempresarial.com\/wp-content\/uploads\/2019\/10\/1-1.jpg\" alt=\"\" width=\"117\" height=\"123\" \/>La legitimitat dependr\u00e0, en part, de la confian\u00e7a que les persones puguem accedir a prestacions similars a les que contribu\u00efm a finan\u00e7ar. La sufici\u00e8ncia econ\u00f2mica, de la quantitat de recursos que com a pa\u00eds decidim democr\u00e0ticament destinar-hi, a trav\u00e9s de decisions pol\u00edtiques<\/span><\/h2>\n<\/blockquote>\n<p>Comptem amb rellevants partides de despesa que graven el sistema de Seguretat Social, com la gesti\u00f3 de la Seguretat Social o la reducci\u00f3 de cotitzacions.<\/p>\n<p>Hi ha situacions que permeten que al voltant de 5 milions de persones (sobre 18,9 milions) no cotitzin pels seus ingressos reals, generant una situaci\u00f3 de difer\u00e8ncia de tracte injustificada amb la resta de cotitzants, molt especialment el gruix per compte ali\u00e8.<\/p>\n<p>S&#8217;han de refor\u00e7ar de manera notable els ingressos de la Seguretat Social, tant els procedents de les cotitzacions i el mercat de treball com els d&#8217;origen pressupostari.<\/p>\n<p>El cam\u00ed m\u00e9s segur i desitjable \u00e9s el m\u00e9s ampli acord pol\u00edtic i social al voltant del Pacte de Toledo i el Di\u00e0leg Social.<\/p><\/blockquote>\n","protected":false},"excerpt":{"rendered":"<p>El sistema de pensions suposa un eix vertebrador del nostre model social: \u00e9s la principal renda disponible per a milions de ciutadans davant de conting\u00e8ncies com la jubilaci\u00f3 i la vellesa; el seu pressupost equival a m\u00e9s d&#8217;un ter\u00e7 de la despesa total de l&#8217;Estat. Abordem una mat\u00e8ria que defineix societat i t\u00e9 els reptes permanents de refor\u00e7ar-ne la legitimitat social, d&#8217;una banda, i garantir-ne el finan\u00e7ament suficient, de l&#8217;altra.<\/p>\n","protected":false},"author":1,"featured_media":21835,"comment_status":"closed","ping_status":"closed","sticky":false,"template":"","format":"standard","meta":{"_mi_skip_tracking":false,"mc4wp_mailchimp_campaign":[],"jnews-multi-image_gallery":[],"jnews_single_post":[],"jnews_primary_category":[]},"categories":[32,10847,10816],"tags":[115,1722,7987,7991],"_links":{"self":[{"href":"https:\/\/www.monempresarial.com\/ca\/wp-json\/wp\/v2\/posts\/21839"}],"collection":[{"href":"https:\/\/www.monempresarial.com\/ca\/wp-json\/wp\/v2\/posts"}],"about":[{"href":"https:\/\/www.monempresarial.com\/ca\/wp-json\/wp\/v2\/types\/post"}],"author":[{"embeddable":true,"href":"https:\/\/www.monempresarial.com\/ca\/wp-json\/wp\/v2\/users\/1"}],"replies":[{"embeddable":true,"href":"https:\/\/www.monempresarial.com\/ca\/wp-json\/wp\/v2\/comments?post=21839"}],"version-history":[{"count":1,"href":"https:\/\/www.monempresarial.com\/ca\/wp-json\/wp\/v2\/posts\/21839\/revisions"}],"predecessor-version":[{"id":47715,"href":"https:\/\/www.monempresarial.com\/ca\/wp-json\/wp\/v2\/posts\/21839\/revisions\/47715"}],"wp:featuredmedia":[{"embeddable":true,"href":"https:\/\/www.monempresarial.com\/ca\/wp-json\/wp\/v2\/media\/21835"}],"wp:attachment":[{"href":"https:\/\/www.monempresarial.com\/ca\/wp-json\/wp\/v2\/media?parent=21839"}],"wp:term":[{"taxonomy":"category","embeddable":true,"href":"https:\/\/www.monempresarial.com\/ca\/wp-json\/wp\/v2\/categories?post=21839"},{"taxonomy":"post_tag","embeddable":true,"href":"https:\/\/www.monempresarial.com\/ca\/wp-json\/wp\/v2\/tags?post=21839"}],"curies":[{"name":"wp","href":"https:\/\/api.w.org\/{rel}","templated":true}]}}