{"id":21920,"date":"2019-11-14T09:00:53","date_gmt":"2019-11-14T08:00:53","guid":{"rendered":"http:\/\/www.monempresarial.com\/?p=21920"},"modified":"2025-09-24T11:37:10","modified_gmt":"2025-09-24T09:37:10","slug":"la-alta-velocidad-de-un-mosaico-ineficiente-a-la-cohesion-territorial-de-europa","status":"publish","type":"post","link":"https:\/\/www.monempresarial.com\/ca\/2019\/11\/14\/la-alta-velocidad-de-un-mosaico-ineficiente-a-la-cohesion-territorial-de-europa\/","title":{"rendered":"L&#8217;alta velocitat: d&#8217;un mosaic ineficient a la cohesi\u00f3 territorial d&#8217;Europa"},"content":{"rendered":"<h4><img decoding=\"async\" loading=\"lazy\" class=\" wp-image-19133 alignright\" src=\"https:\/\/www.monempresarial.com\/wp-content\/uploads\/2018\/10\/0023.jpg\" alt=\"\" width=\"422\" height=\"281\" srcset=\"https:\/\/www.monempresarial.com\/wp-content\/uploads\/2018\/10\/0023.jpg 640w, https:\/\/www.monempresarial.com\/wp-content\/uploads\/2018\/10\/0023-300x200.jpg 300w, https:\/\/www.monempresarial.com\/wp-content\/uploads\/2018\/10\/0023-252x167.jpg 252w, https:\/\/www.monempresarial.com\/wp-content\/uploads\/2018\/10\/0023-300x200@2x.jpg 600w, https:\/\/www.monempresarial.com\/wp-content\/uploads\/2018\/10\/0023-252x167@2x.jpg 504w\" sizes=\"(max-width: 422px) 100vw, 422px\" \/><\/h4>\n<p><strong>Molt li va costar a la vella Europa de restaurar les seves estructures ferrovi\u00e0ries, per\u00f2, finalment, ho est\u00e0 acabant d&#8217;aconseguir, gr\u00e0cies a l&#8217;esfor\u00e7 tit\u00e0nic de l&#8217;\u00faltima d\u00e8cada. El 2020, va entrar en vigor el IV Paquet de liberalitzaci\u00f3 Ferrovi\u00e0ria i, ara, en ple 2030, els europeus disposen d&#8217;alta velocitat pr\u00e0cticament a tot el continent, des de Lisboa i Cadis fins Tallin, Oslo i Estocolm. El que el 2020 era considerat com un &#8220;mosaic ineficient&#8221; de vies i trens sense continu\u00eftat <\/strong><strong>\u2013<\/strong><strong>segons els auditors de la Uni\u00f3 Europea<\/strong><strong>\u2013<\/strong><strong> s&#8217;ha convertit en un cont\u00ednuum que uneix la majoria de les grans capitals europees entre elles a trav\u00e9s de l&#8217;alta velocitat , i de rodalies, amb la resta del territori.<\/strong><\/p>\n<p><strong>JOSEP-FRANCESC VALLS.\u00a0<\/strong><strong>Catedr\u00e0tic d\u2019ESADE Business &amp; Law School.<\/strong><\/p>\n<hr style=\"color: #b72126;\" \/>\n<p>L&#8217;objectiu comunitari consisteix a &#8220;garantir que, progressivament i pel 2050, la immensa majoria de les empreses i els ciutadans europeus no triguin m\u00e9s de 30 minuts a accedir a la xarxa principal&#8221; (&#8220;Comprendre les pol\u00edtiques de la UE&#8221;, UE, 2014). Des del 1985, quan Fran\u00e7a i It\u00e0lia s\u2019hi van apuntar, l&#8217;alta velocitat ha estat tractada com un negoci molt llaminer, tant per als governants com per a les empreses. Aix\u00ed ho han detectat nombroses auditories comunit\u00e0ries. S&#8217;ha constru\u00eft alta velocitat m\u00e9s en base a consideracions pol\u00edtiques que no pas t\u00e8cniques, la qual cosa ha produ\u00eft enormes sobrecostos i retards. Espanya \u00e9s el pa\u00eds europeu que m\u00e9s quil\u00f2metres de via ha constru\u00eft, havent utilitzat gaireb\u00e9 la meitat dels fons europeus habilitats abans del 2020, un total de 10.000 milions d&#8217;euros. En el tra\u00e7at ha reprodu\u00eft el model franc\u00e8s, radial al voltant de Madrid.<\/p>\n<p><img decoding=\"async\" loading=\"lazy\" class=\"wp-image-21905 alignright\" src=\"https:\/\/www.monempresarial.com\/wp-content\/uploads\/2019\/10\/1-2.jpg\" alt=\"\" width=\"385\" height=\"261\" srcset=\"https:\/\/www.monempresarial.com\/wp-content\/uploads\/2019\/10\/1-2.jpg 823w, https:\/\/www.monempresarial.com\/wp-content\/uploads\/2019\/10\/1-2-300x203.jpg 300w, https:\/\/www.monempresarial.com\/wp-content\/uploads\/2019\/10\/1-2-300x203@2x.jpg 600w\" sizes=\"(max-width: 385px) 100vw, 385px\" \/><\/p>\n<blockquote>\n<h2 style=\"color: #00542d;\">Espanya \u00e9s el pa\u00eds europeu que m\u00e9s quil\u00f2metres de via ha constru\u00eft, havent utilitzat gaireb\u00e9 la meitat dels fons europeus habilitats abans del 2020, un total de 10.000 milions d&#8217;euros. En el tra\u00e7at ha reprodu\u00eft el model franc\u00e8s, radial al voltant de Madrid<\/h2>\n<\/blockquote>\n<p>Doncs b\u00e9, durant la d\u00e8cada 2020-2030, Europa ha realitzat la major inversi\u00f3 ferrovi\u00e0ria de la hist\u00f2ria per aconseguir triplicar els prop de 10.000 quil\u00f2metres d&#8217;alta velocitat existents al principi del per\u00edode. La liberalitzaci\u00f3 ferrovi\u00e0ria s&#8217;ha completat. Cinc grans consorcis se n\u2019han repartit la construcci\u00f3 i la gesti\u00f3. A aquest fest\u00ed d&#8217;intermodalitat, material rodant, tecnologia, construcci\u00f3 d&#8217;estacions, serveis, etc., s&#8217;hi han unit Renfe i les grans empreses constructores, de tecnologia i de turisme espanyoles, que han aprofitat l&#8217;oportunitat per internacionalitzar-se m\u00e9s.<\/p>\n<p><img decoding=\"async\" loading=\"lazy\" class=\"wp-image-21913 alignright\" src=\"https:\/\/www.monempresarial.com\/wp-content\/uploads\/2019\/10\/6-CAT.jpg\" alt=\"\" width=\"352\" height=\"231\" srcset=\"https:\/\/www.monempresarial.com\/wp-content\/uploads\/2019\/10\/6-CAT.jpg 611w, https:\/\/www.monempresarial.com\/wp-content\/uploads\/2019\/10\/6-CAT-300x197.jpg 300w, https:\/\/www.monempresarial.com\/wp-content\/uploads\/2019\/10\/6-CAT-300x197@2x.jpg 600w\" sizes=\"(max-width: 352px) 100vw, 352px\" \/><\/p>\n<p>Apareixen dos motius clars pels quals la UE ha accelerat la seva pol\u00edtica ferrovi\u00e0ria en l&#8217;\u00faltima d\u00e8cada. El primer \u00e9s la consci\u00e8ncia mediambiental, primant aquest transport menys contaminant davant d&#8217;altres com ara l&#8217;avi\u00f3 i el vehicle privat. A aconseguir-ho hi han cooperat els moviments populars, com el de la sueca Greta Thunberg \u2013que acaba de complir 27 anys\u2013, que s&#8217;han multiplicat en l&#8217;\u00faltima d\u00e8cada en favor de frenar d&#8217;una vegada el canvi clim\u00e0tic. Aquest clam ha acabat convencent aquells governants i ciutadans que encara ho negaven. D&#8217;aquesta manera, la UE es va comprometre a reduir les seves emissions de gasos d&#8217;efecte hivernacle almenys en un 80% abans del 2050. Per aix\u00f2, incentiva anar a peu, en bicicleta, en qualsevol artefacte el\u00e8ctric, en transport col\u00b7lectiu i, sobretot, en tren, davant l&#8217;avi\u00f3, que consumeix 285 grams de CO2 per passatger i quil\u00f2metre. Com a conseq\u00fc\u00e8ncia d&#8217;aix\u00f2, el 2030, l&#8217;avi\u00f3, que gr\u00e0cies a les tarifes <em>low cost<\/em> havia gaireb\u00e9 doblat el nombre passatgers a Europa (de 311 milions el 1995 a 729 milions el 2020, OMT, 2006), s&#8217;ha redimensionat fortament a la baixa; i l&#8217;autom\u00f2bil, que aglutinava el 2020 el 74% dels despla\u00e7aments realitzats a Europa \u2013i produ\u00efa prop del 71% de totes les emissions de CO2\u2013, tamb\u00e9 ha redu\u00eft considerablement la seva pres\u00e8ncia.<\/p>\n<p><img decoding=\"async\" loading=\"lazy\" class=\"wp-image-21907 alignright\" src=\"https:\/\/www.monempresarial.com\/wp-content\/uploads\/2019\/10\/2-3.jpg\" alt=\"\" width=\"229\" height=\"175\" srcset=\"https:\/\/www.monempresarial.com\/wp-content\/uploads\/2019\/10\/2-3.jpg 587w, https:\/\/www.monempresarial.com\/wp-content\/uploads\/2019\/10\/2-3-300x229.jpg 300w\" sizes=\"(max-width: 229px) 100vw, 229px\" \/><\/p>\n<blockquote>\n<h2 style=\"color: #00542d;\">Durant la d\u00e8cada 2020-2030, Europa ha realitzat la major inversi\u00f3 ferrovi\u00e0ria de la hist\u00f2ria per aconseguir triplicar els prop de 10.000 quil\u00f2metres d&#8217;alta velocitat existents al principi del per\u00edode<\/h2>\n<\/blockquote>\n<p><strong>El<\/strong><strong> <em>Shinkansen <\/em>i les dist\u00e0ncies<\/strong><br \/>\nI el segon motiu de l&#8217;impuls ferroviari consisteix en qu\u00e8 el &#8220;mosaic&#8221; de l\u00ednies estanques existents abans del 2020 impedia assolir efici\u00e8ncies de llarga dist\u00e0ncia. Mentre que un japon\u00e8s prefereix el <em>Shinkansen<\/em> almenys fins a 1.200 quil\u00f2metres, fins i tot fins a 1.500, els mateixos trens a Europa amb prou feines s\u00f3n compet\u00e8ncia de l&#8217;avi\u00f3 poc m\u00e9s enll\u00e0 dels 500 quil\u00f2metres. El trasllat, en aquesta d\u00e8cada, cap al transport col\u00b7lectiu ha ajudat a reduir el nombre d&#8217;autom\u00f2bils que circulaven per les carreteres europees, per\u00f2 el factor determinant ha estat l&#8217;alta velocitat.<\/p>\n<blockquote>\n<h2 style=\"color: #00542d;\">Apareixen dos motius clars pels quals la UE ha accelerat la seva pol\u00edtica ferrovi\u00e0ria en l&#8217;\u00faltima d\u00e8cada. El primer \u00e9s la consci\u00e8ncia mediambiental, primant aquest transport menys contaminant davant d&#8217;altres com ara l&#8217;avi\u00f3 i el vehicle privat (\u2026) I el segon motiu de l&#8217;impuls ferroviari consisteix en qu\u00e8 el &#8220;mosaic&#8221; de l\u00ednies estanques existents abans del 2020 impedia assolir efici\u00e8ncies de llarga dist\u00e0ncia<\/h2>\n<\/blockquote>\n<p>Per aix\u00f2, gran part dels turistes que fins al 2020 es despla\u00e7aven per Europa en avi\u00f3 o en el seu cotxe privat s&#8217;han passat al tren. Uns mil milions de viatgers han optat per moure\u2019s per Europa en alta velocitat. Entre Estocolm i Par\u00eds, o entre la capital francesa i Cadis, unes sis hores. Calculin quant es triguen a realitzar aquests recorreguts en avi\u00f3, tenint en compte les hores d&#8217;antelaci\u00f3 requerides en els aeroports que es troben als afores de les ciutats i les hores d&#8217;espera, els protocols de seguretat aeris, a m\u00e9s de la comoditat i el preu.<\/p>\n<p><img decoding=\"async\" loading=\"lazy\" class=\"aligncenter wp-image-21909 \" src=\"https:\/\/www.monempresarial.com\/wp-content\/uploads\/2019\/10\/5-CAT.jpg\" alt=\"\" width=\"591\" height=\"751\" srcset=\"https:\/\/www.monempresarial.com\/wp-content\/uploads\/2019\/10\/5-CAT.jpg 652w, https:\/\/www.monempresarial.com\/wp-content\/uploads\/2019\/10\/5-CAT-236x300.jpg 236w, https:\/\/www.monempresarial.com\/wp-content\/uploads\/2019\/10\/5-CAT-236x300@2x.jpg 472w\" sizes=\"(max-width: 591px) 100vw, 591px\" \/><\/p>\n","protected":false},"excerpt":{"rendered":"<p>Molt li va costar a la vella Europa de restaurar les seves estructures ferrovi\u00e0ries, per\u00f2, finalment, ho est\u00e0 acabant d&#8217;aconseguir, gr\u00e0cies a l&#8217;esfor\u00e7 tit\u00e0nic de l&#8217;\u00faltima d\u00e8cada. El 2020, va entrar en vigor el IV Paquet de liberalitzaci\u00f3 Ferrovi\u00e0ria i, ara, en ple 2030, els europeus disposen d&#8217;alta velocitat pr\u00e0cticament a tot el continent, des de Lisboa i Cadis fins Tallin, Oslo i Estocolm. El que el 2020 era considerat com un &#8220;mosaic ineficient&#8221; de vies i trens sense continu\u00eftat \u2013segons els auditors de la Uni\u00f3 Europea\u2013 s&#8217;ha convertit en un cont\u00ednuum que uneix la majoria de les grans capitals europees entre elles a trav\u00e9s de l&#8217;alta velocitat , i de rodalies, amb la resta del territori.<\/p>\n","protected":false},"author":34,"featured_media":21917,"comment_status":"closed","ping_status":"closed","sticky":false,"template":"","format":"standard","meta":{"_mi_skip_tracking":false,"mc4wp_mailchimp_campaign":[],"jnews-multi-image_gallery":[],"jnews_single_post":[],"jnews_primary_category":[]},"categories":[10846,10816,7418],"tags":[143,586,8002,8006,8007],"_links":{"self":[{"href":"https:\/\/www.monempresarial.com\/ca\/wp-json\/wp\/v2\/posts\/21920"}],"collection":[{"href":"https:\/\/www.monempresarial.com\/ca\/wp-json\/wp\/v2\/posts"}],"about":[{"href":"https:\/\/www.monempresarial.com\/ca\/wp-json\/wp\/v2\/types\/post"}],"author":[{"embeddable":true,"href":"https:\/\/www.monempresarial.com\/ca\/wp-json\/wp\/v2\/users\/34"}],"replies":[{"embeddable":true,"href":"https:\/\/www.monempresarial.com\/ca\/wp-json\/wp\/v2\/comments?post=21920"}],"version-history":[{"count":1,"href":"https:\/\/www.monempresarial.com\/ca\/wp-json\/wp\/v2\/posts\/21920\/revisions"}],"predecessor-version":[{"id":47711,"href":"https:\/\/www.monempresarial.com\/ca\/wp-json\/wp\/v2\/posts\/21920\/revisions\/47711"}],"wp:featuredmedia":[{"embeddable":true,"href":"https:\/\/www.monempresarial.com\/ca\/wp-json\/wp\/v2\/media\/21917"}],"wp:attachment":[{"href":"https:\/\/www.monempresarial.com\/ca\/wp-json\/wp\/v2\/media?parent=21920"}],"wp:term":[{"taxonomy":"category","embeddable":true,"href":"https:\/\/www.monempresarial.com\/ca\/wp-json\/wp\/v2\/categories?post=21920"},{"taxonomy":"post_tag","embeddable":true,"href":"https:\/\/www.monempresarial.com\/ca\/wp-json\/wp\/v2\/tags?post=21920"}],"curies":[{"name":"wp","href":"https:\/\/api.w.org\/{rel}","templated":true}]}}