{"id":21924,"date":"2019-11-20T09:00:03","date_gmt":"2019-11-20T08:00:03","guid":{"rendered":"http:\/\/www.monempresarial.com\/?p=21924"},"modified":"2025-09-24T11:35:47","modified_gmt":"2025-09-24T09:35:47","slug":"perspectiva-del-trimestre-las-revisiones-de-previsiones-y-proyecciones-de-este-ultimo-trimestre","status":"publish","type":"post","link":"https:\/\/www.monempresarial.com\/ca\/2019\/11\/20\/perspectiva-del-trimestre-las-revisiones-de-previsiones-y-proyecciones-de-este-ultimo-trimestre\/","title":{"rendered":"Perspectiva del trimestre: Les revisions de previsions i projeccions d&#8217;aquest \u00faltim trimestre"},"content":{"rendered":"<p><strong>Totes les revisions de previsions i projeccions d&#8217;aquest \u00faltim trimestre del 2019 coincideixen en un biaix a la baixa. A finals de setembre, l&#8217;OCDE presentava una estimaci\u00f3 del creixement mundial pel 2019 que se situava per primera vegada en molt de temps per sota del 3%, amb una revisi\u00f3 de -3 d\u00e8cimes, i amb unes perspectives pel 2020 nom\u00e9s marginalment millors i, en tot cas, per sota de les anunciades pel mateix organisme abans de l&#8217;estiu.<\/strong><\/p>\n<h4><span style=\"color: #829c92;\">JOAN TUGORES QUES. <\/span><strong>Catedr\u00e0tic d\u2019Economia de la UB.<\/strong><\/h4>\n<hr \/>\n<p>La <strong>taula 1<\/strong> en resumeix les principals xifres i, entre par\u00e8ntesi, les revisions efectuades el mes de setembre respecte del maig, pr\u00e0cticament totes a la baixa, amb especial quantia a economies com l&#8217;\u00cdndia o als Estats Units, que semblaven encarrilar el creixement m\u00e9s s\u00f2lidament fins fa poc. A la zona euro, les dificultats d&#8217;una Alemanya, molt bolcada en les exportacions, a la qual les friccions del comer\u00e7 internacional li passen una elevada factura, aix\u00ed com l&#8217;estancament d&#8217;It\u00e0lia, s\u00f3n objecte d&#8217;atenci\u00f3. La <strong>taula 2<\/strong> recull les recents projeccions per a l&#8217;economia espanyola publicades pel Banc d&#8217;Espanya en qu\u00e8 es mostren xifres superiors a la mitjana europea, per\u00f2, aix\u00ed mateix, revisades a la baixa i apuntant a creixements inferiors al 2% pel 2020 i 2012.<\/p>\n<p>Les complicacions del sistema comercial mundial, amb les incerteses de quin ser\u00e0 finalment l&#8217;abast de la &#8220;guerra comercial&#8221; que, iniciada entre els Estats Units i la Xina, s&#8217;est\u00e0 estenent a cada vegada m\u00e9s \u00e0mbits sectorials i geogr\u00e0fics, constitueixen un ingredient essencial, per\u00f2 no l\u2019\u00fanic, per explicar aquestes un\u00e0nimes revisions a la baixa i el biaix cap a un major pessimisme. La mateixa Organitzaci\u00f3 Mundial del Comer\u00e7 revisava, a principis d&#8217;octubre del 2019, les seves estimacions d&#8217;evoluci\u00f3 del comer\u00e7 mundial per a aquest any, abaixant-les del 2,6% (estimaci\u00f3 a l&#8217;abril) a un modest 1,2%, que significava un pr\u00e0ctic estancament a la recta final d\u2019enguany. I amb unes perspectives anunciades pel 2020 d&#8217;un interval d\u2019entre l\u20191,7 i el 3,7%, una forquilla tan \u00e0mplia que reflecteix m\u00e9s incertesa que cap altra cosa.<\/p>\n<p><img decoding=\"async\" loading=\"lazy\" class=\"aligncenter wp-image-21941 \" src=\"http:\/\/www.monempresarial.com\/wp-content\/uploads\/2019\/11\/1cat.jpg\" alt=\"\" width=\"572\" height=\"536\" srcset=\"https:\/\/www.monempresarial.com\/wp-content\/uploads\/2019\/11\/1cat.jpg 795w, https:\/\/www.monempresarial.com\/wp-content\/uploads\/2019\/11\/1cat-300x281.jpg 300w, https:\/\/www.monempresarial.com\/wp-content\/uploads\/2019\/11\/1cat-300x281@2x.jpg 600w\" sizes=\"(max-width: 572px) 100vw, 572px\" \/><\/p>\n<p>&nbsp;<\/p>\n","protected":false},"excerpt":{"rendered":"<p>Totes les revisions de previsions i projeccions d&#8217;aquest \u00faltim trimestre del 2019 coincideixen en un biaix a la baixa. A finals de setembre, l&#8217;OCDE presentava una estimaci\u00f3 del creixement mundial pel 2019 que se situava per primera vegada en molt de temps per sota del 3%, amb una revisi\u00f3 de -3 d\u00e8cimes, i amb unes perspectives pel 2020 nom\u00e9s marginalment millors i, en tot cas, per sota de les anunciades pel mateix organisme abans de l&#8217;estiu.<\/p>\n","protected":false},"author":8,"featured_media":21929,"comment_status":"open","ping_status":"open","sticky":false,"template":"","format":"standard","meta":{"_mi_skip_tracking":false,"mc4wp_mailchimp_campaign":[],"jnews-multi-image_gallery":[],"jnews_single_post":[],"jnews_primary_category":[]},"categories":[10839,10815,10841,7503],"tags":[113,321,567,1217,2264],"_links":{"self":[{"href":"https:\/\/www.monempresarial.com\/ca\/wp-json\/wp\/v2\/posts\/21924"}],"collection":[{"href":"https:\/\/www.monempresarial.com\/ca\/wp-json\/wp\/v2\/posts"}],"about":[{"href":"https:\/\/www.monempresarial.com\/ca\/wp-json\/wp\/v2\/types\/post"}],"author":[{"embeddable":true,"href":"https:\/\/www.monempresarial.com\/ca\/wp-json\/wp\/v2\/users\/8"}],"replies":[{"embeddable":true,"href":"https:\/\/www.monempresarial.com\/ca\/wp-json\/wp\/v2\/comments?post=21924"}],"version-history":[{"count":1,"href":"https:\/\/www.monempresarial.com\/ca\/wp-json\/wp\/v2\/posts\/21924\/revisions"}],"predecessor-version":[{"id":47709,"href":"https:\/\/www.monempresarial.com\/ca\/wp-json\/wp\/v2\/posts\/21924\/revisions\/47709"}],"wp:featuredmedia":[{"embeddable":true,"href":"https:\/\/www.monempresarial.com\/ca\/wp-json\/wp\/v2\/media\/21929"}],"wp:attachment":[{"href":"https:\/\/www.monempresarial.com\/ca\/wp-json\/wp\/v2\/media?parent=21924"}],"wp:term":[{"taxonomy":"category","embeddable":true,"href":"https:\/\/www.monempresarial.com\/ca\/wp-json\/wp\/v2\/categories?post=21924"},{"taxonomy":"post_tag","embeddable":true,"href":"https:\/\/www.monempresarial.com\/ca\/wp-json\/wp\/v2\/tags?post=21924"}],"curies":[{"name":"wp","href":"https:\/\/api.w.org\/{rel}","templated":true}]}}