{"id":21991,"date":"2019-10-28T09:00:18","date_gmt":"2019-10-28T08:00:18","guid":{"rendered":"http:\/\/www.monempresarial.com\/?p=21991"},"modified":"2025-07-16T12:44:39","modified_gmt":"2025-07-16T10:44:39","slug":"el-concepto-economicocostes-laborales-unitarios-como-medida-de-la-competitividad","status":"publish","type":"post","link":"https:\/\/www.monempresarial.com\/ca\/2019\/10\/28\/el-concepto-economicocostes-laborales-unitarios-como-medida-de-la-competitividad\/","title":{"rendered":"El concepte econ\u00f2mic: Costos laborals unitaris: <\/span>com a mesura de la competitivitat"},"content":{"rendered":"<p><strong>Els costos laborals unitaris se solen definir com la totalitat dels costos de personal per unitat produ\u00efda, o, dit d&#8217;una altra manera, els costos salarials necessaris per produir una unitat. \u00c9s, per tant, una mesura que relaciona cost salarial i productivitat, ja que \u00e9s la part de la productivitat que l&#8217;empresari destina al pagament de salaris. <\/strong><\/p>\n<h4><strong><span style=\"color: #602d11;\">FRANCISCO J. TATO JIM\u00c9NEZ. <\/span>Deg\u00e0-President del Col\u00b7legi Professional d\u2019Economistes de Sevilla<\/strong><\/h4>\n<hr \/>\n<p>Els costos laborals unitaris se solen definir com la totalitat dels costos de personal per unitat produ\u00efda, o, dit d&#8217;una altra manera, els costos salarials necessaris per produir una unitat. \u00c9s, per tant, una mesura que relaciona cost salarial i productivitat, ja que \u00e9s la part de la productivitat que l&#8217;empresari destina al pagament de salaris.<br \/>\nEntre els experts en mat\u00e8ria econ\u00f2mica hi ha un ampli consens a l\u2019hora d\u2019afirmar que els costos laborals unitaris s\u00f3n un dels principals indicadors de competitivitat d&#8217;una unitat productiva. Si b\u00e9 es poden fer servir per comparar la competitivitat de diferents empreses, aquest concepte sol ser principalment aplicat per mesurar la competitivitat d&#8217;uns pa\u00efsos o uns altres.<br \/>\nDit aix\u00f2, el cost laboral unitari ser\u00e0 el quocient entre:<br \/>\n<img decoding=\"async\" loading=\"lazy\" class=\"aligncenter wp-image-22002 \" src=\"https:\/\/www.monempresarial.com\/wp-content\/uploads\/2019\/10\/3-fCAT.jpg\" alt=\"\" width=\"663\" height=\"113\" srcset=\"https:\/\/www.monempresarial.com\/wp-content\/uploads\/2019\/10\/3-fCAT.jpg 875w, https:\/\/www.monempresarial.com\/wp-content\/uploads\/2019\/10\/3-fCAT-300x51.jpg 300w, https:\/\/www.monempresarial.com\/wp-content\/uploads\/2019\/10\/3-fCAT-300x51@2x.jpg 600w\" sizes=\"(max-width: 663px) 100vw, 663px\" \/><\/p>\n<p>Aix\u00ed, entenem per remuneraci\u00f3 per assalariat el quocient entre la massa salarial total i el nombre d&#8217;assalariats, referides ambdues magnituds al territori concret que pretenguem analitzar; en definitiva, la remuneraci\u00f3 per assalariat seria un concepte proper al salari mitj\u00e0. Per tant, la f\u00f3rmula de la remuneraci\u00f3 per assalariat seria:<\/p>\n<p><img decoding=\"async\" loading=\"lazy\" class=\"aligncenter wp-image-21996 \" src=\"https:\/\/www.monempresarial.com\/wp-content\/uploads\/2019\/10\/2-f-CAT.jpg\" alt=\"\" width=\"663\" height=\"113\" srcset=\"https:\/\/www.monempresarial.com\/wp-content\/uploads\/2019\/10\/2-f-CAT.jpg 875w, https:\/\/www.monempresarial.com\/wp-content\/uploads\/2019\/10\/2-f-CAT-300x51.jpg 300w, https:\/\/www.monempresarial.com\/wp-content\/uploads\/2019\/10\/2-f-CAT-300x51@2x.jpg 600w\" sizes=\"(max-width: 663px) 100vw, 663px\" \/><\/p>\n<p>Mentre que per productivitat entenem el quocient entre el Producte Interior Brut i la poblaci\u00f3 ocupada:<\/p>\n<p><img decoding=\"async\" loading=\"lazy\" class=\"aligncenter wp-image-22002 \" src=\"https:\/\/www.monempresarial.com\/wp-content\/uploads\/2019\/10\/3-fCAT.jpg\" alt=\"\" width=\"652\" height=\"111\" srcset=\"https:\/\/www.monempresarial.com\/wp-content\/uploads\/2019\/10\/3-fCAT.jpg 875w, https:\/\/www.monempresarial.com\/wp-content\/uploads\/2019\/10\/3-fCAT-300x51.jpg 300w, https:\/\/www.monempresarial.com\/wp-content\/uploads\/2019\/10\/3-fCAT-300x51@2x.jpg 600w\" sizes=\"(max-width: 652px) 100vw, 652px\" \/><\/p>\n<p><img decoding=\"async\" loading=\"lazy\" class=\" wp-image-22004 alignright\" src=\"https:\/\/www.monempresarial.com\/wp-content\/uploads\/2019\/10\/4-2.jpg\" alt=\"\" width=\"197\" height=\"228\" srcset=\"https:\/\/www.monempresarial.com\/wp-content\/uploads\/2019\/10\/4-2.jpg 447w, https:\/\/www.monempresarial.com\/wp-content\/uploads\/2019\/10\/4-2-259x300.jpg 259w\" sizes=\"(max-width: 197px) 100vw, 197px\" \/><\/p>\n<p>D&#8217;aquesta manera, un pa\u00eds ser\u00e0 m\u00e9s competitiu respecte al seu entorn com menor sigui el seu cost laboral unitari, ja que suposa que, per a la mateixa producci\u00f3, es requereix un menor cost laboral, assegurant aix\u00ed un major retorn de la inversi\u00f3. Aix\u00ed, un inversor es veur\u00e0 atret per aquells pa\u00efsos m\u00e9s competitius, un fet que comportar\u00e0, al seu torn, un major creixement del pa\u00eds, d\u2019aqu\u00ed el fet que la competitivitat sigui fonamental per al creixement. En definitiva, com m\u00e9s inversi\u00f3, m\u00e9s creixement, m\u00e9s productivitat i m\u00e9s ocupaci\u00f3.<\/p>\n<p>Per contra, un increment del cost laboral unitari suposar\u00e0 un encariment de la m\u00e0 d&#8217;obra o disminuci\u00f3 de la productivitat i, en conseq\u00fc\u00e8ncia, p\u00e8rdua de productivitat.<\/p>\n","protected":false},"excerpt":{"rendered":"<p>Els costos laborals unitaris se solen definir com la totalitat dels costos de personal per unitat produ\u00efda, o, dit d&#8217;una altra manera, els costos salarials necessaris per produir una unitat. \u00c9s, per tant, una mesura que relaciona cost salarial i productivitat, ja que \u00e9s la part de la productivitat que l&#8217;empresari destina al pagament de salaris.<\/p>\n","protected":false},"author":42,"featured_media":22008,"comment_status":"open","ping_status":"open","sticky":false,"template":"","format":"standard","meta":{"_mi_skip_tracking":false,"mc4wp_mailchimp_campaign":[],"jnews-multi-image_gallery":[],"jnews_single_post":{"source_name":"","source_url":"","via_name":"","via_url":"","override_template":"0","override":[{"template":"1","single_blog_custom":"","parallax":"1","fullscreen":"1","layout":"right-sidebar","sidebar":"default-sidebar","second_sidebar":"default-sidebar","sticky_sidebar":"1","share_position":"bottom","share_float_style":"share-monocrhome","show_share_counter":"1","show_view_counter":"1","show_featured":"1","show_post_meta":"1","show_post_author":"1","show_post_author_image":"1","show_post_date":"1","post_date_format":"default","post_date_format_custom":"Y\/m\/d","show_post_category":"0","show_post_reading_time":"1","post_reading_time_wpm":"300","show_zoom_button":"0","zoom_button_out_step":"2","zoom_button_in_step":"3","show_post_tag":"1","show_prev_next_post":"0","show_popup_post":"1","number_popup_post":"2","show_author_box":"1","show_post_related":"1","show_inline_post_related":"1"}],"override_image_size":"0","image_override":[{"single_post_thumbnail_size":"crop-715","single_post_gallery_size":"crop-500"}],"trending_post":"0","trending_post_position":"meta","trending_post_label":"Trending","sponsored_post":"0","sponsored_post_label":"Sponsored by","sponsored_post_name":"","sponsored_post_url":"","sponsored_post_logo_enable":"0","sponsored_post_logo":"","sponsored_post_desc":"","disable_ad":"0"},"jnews_primary_category":{"id":"10845","hide":""}},"categories":[10815,10845,7674],"tags":[113,741,1164,6141,8013,8021],"_links":{"self":[{"href":"https:\/\/www.monempresarial.com\/ca\/wp-json\/wp\/v2\/posts\/21991"}],"collection":[{"href":"https:\/\/www.monempresarial.com\/ca\/wp-json\/wp\/v2\/posts"}],"about":[{"href":"https:\/\/www.monempresarial.com\/ca\/wp-json\/wp\/v2\/types\/post"}],"author":[{"embeddable":true,"href":"https:\/\/www.monempresarial.com\/ca\/wp-json\/wp\/v2\/users\/42"}],"replies":[{"embeddable":true,"href":"https:\/\/www.monempresarial.com\/ca\/wp-json\/wp\/v2\/comments?post=21991"}],"version-history":[{"count":4,"href":"https:\/\/www.monempresarial.com\/ca\/wp-json\/wp\/v2\/posts\/21991\/revisions"}],"predecessor-version":[{"id":46520,"href":"https:\/\/www.monempresarial.com\/ca\/wp-json\/wp\/v2\/posts\/21991\/revisions\/46520"}],"wp:featuredmedia":[{"embeddable":true,"href":"https:\/\/www.monempresarial.com\/ca\/wp-json\/wp\/v2\/media\/22008"}],"wp:attachment":[{"href":"https:\/\/www.monempresarial.com\/ca\/wp-json\/wp\/v2\/media?parent=21991"}],"wp:term":[{"taxonomy":"category","embeddable":true,"href":"https:\/\/www.monempresarial.com\/ca\/wp-json\/wp\/v2\/categories?post=21991"},{"taxonomy":"post_tag","embeddable":true,"href":"https:\/\/www.monempresarial.com\/ca\/wp-json\/wp\/v2\/tags?post=21991"}],"curies":[{"name":"wp","href":"https:\/\/api.w.org\/{rel}","templated":true}]}}