{"id":22259,"date":"2019-11-04T11:27:20","date_gmt":"2019-11-04T10:27:20","guid":{"rendered":"http:\/\/www.monempresarial.com\/2019\/11\/04\/igenium2019analiza-los-desafios-de-la-ingenieria-para-la-transicion-en-el-ambito-industrial-los-servicios-y-las-infraestructuras\/"},"modified":"2025-06-06T10:14:42","modified_gmt":"2025-06-06T08:14:42","slug":"igenium2019analiza-los-desafios-de-la-ingenieria-para-la-transicion-en-el-ambito-industrial-los-servicios-y-las-infraestructuras","status":"publish","type":"post","link":"https:\/\/www.monempresarial.com\/ca\/2019\/11\/04\/igenium2019analiza-los-desafios-de-la-ingenieria-para-la-transicion-en-el-ambito-industrial-los-servicios-y-las-infraestructuras\/","title":{"rendered":"iGenium&#8217;2019<\/span> analitza els desafiaments de l\u2019enginyeria per a la transici\u00f3 en l\u2019\u00e0mbit industrial, els serveis i les infraestructures"},"content":{"rendered":"<p><strong>Una de les conclusions ha estat que el 5G ser\u00e0 l\u2019element determinant i facilitador d\u2019 un gran nombre de projectes, serveis i models de negoci que encara no imaginem<\/strong><\/p>\n<p><strong>Barcelona, 23 d\u2019octubre de 2019_ <\/strong>La 8a edici\u00f3 d\u2019<span style=\"color: #ff0000;\"><strong>iGenium <\/strong><\/span>ha posat sobre la taula el protagonisme decisiu exercit pels enginyers i les enginyeres en la posada en marxa de la transici\u00f3 cap a la revoluci\u00f3 digital, que ja est\u00e0 definint nous serveis i models de negoci arreu del m\u00f3n.<\/p>\n<p>Davant d\u2019aquesta constataci\u00f3 els ponents d\u2019<strong>iGenium\u20192019 <\/strong>han traslladat la necessitat de seguir posant el talent i la innovaci\u00f3 al servei de l\u2019enginyeria de la transici\u00f3 per poder fer front als reptes de futur de la societat connectada.<\/p>\n<p><img decoding=\"async\" loading=\"lazy\" class=\"wp-image-22226 alignright\" src=\"https:\/\/www.monempresarial.com\/wp-content\/uploads\/2019\/11\/1-2.jpg\" alt=\"\" width=\"250\" height=\"167\" srcset=\"https:\/\/www.monempresarial.com\/wp-content\/uploads\/2019\/11\/1-2.jpg 322w, https:\/\/www.monempresarial.com\/wp-content\/uploads\/2019\/11\/1-2-300x200.jpg 300w, https:\/\/www.monempresarial.com\/wp-content\/uploads\/2019\/11\/1-2-252x167.jpg 252w\" sizes=\"(max-width: 250px) 100vw, 250px\" \/><\/p>\n<p>Ricard Granados, president de l\u2019Institut d\u2019Enginyers de Catalunya (INEC), ha ressaltat que la tem\u00e0tica d\u2019enguany -l\u2019enginyeria per a la transici\u00f3- <em>\u201cs\u00f3n processos necessaris, d\u2019esperan\u00e7a per a que un futur ple de reptes sigui possible, per\u00f2 tamb\u00e9 son per\u00edodes dif\u00edcils\u201d<\/em>. A m\u00e9s, Granados ha ampliat que <em>\u201cen aquests per\u00edodes es canvien orientacions i paradigmes, no nom\u00e9s tecnol\u00f2gics sin\u00f3 tamb\u00e9, i fonamentalment, socials i econ\u00f2mics\u201d<\/em>.<\/p>\n<p><strong><span style=\"color: #ff0000;\">iGenium <\/span><\/strong>es consolida, un any m\u00e9s, com un f\u00f2rum de refer\u00e8ncia en la transmissi\u00f3 de coneixement de projectes d\u2019enginyeria.<\/p>\n<p><img decoding=\"async\" loading=\"lazy\" class=\"wp-image-22228 alignleft\" src=\"https:\/\/www.monempresarial.com\/wp-content\/uploads\/2019\/11\/2.jpg\" alt=\"\" width=\"251\" height=\"167\" srcset=\"https:\/\/www.monempresarial.com\/wp-content\/uploads\/2019\/11\/2.jpg 303w, https:\/\/www.monempresarial.com\/wp-content\/uploads\/2019\/11\/2-300x200.jpg 300w, https:\/\/www.monempresarial.com\/wp-content\/uploads\/2019\/11\/2-252x167.jpg 252w\" sizes=\"(max-width: 251px) 100vw, 251px\" \/><\/p>\n<p>En la inauguraci\u00f3 de l\u2019acte, Matilde Villarroya, directora general d\u2019Ind\u00fastria del Departament d\u2019Empresa i Coneixement de la Generalitat de Catalunya, ha felicitat a <strong><span style=\"color: #ff0000;\">iGenium<\/span> <\/strong>per triar l\u2019enginyeria per a la transici\u00f3 at\u00e8s que <em>\u201c\u00e9s fonamental davant dels reptes que ens enfrontem en el nostre territori i a nivell mundial. La industria est\u00e0 canviant i \u00e9s molt important tenir un teixit industrial i una enginyeria que sigui capa\u00e7 de fer front a aquests reptes\u201d<\/em>.<\/p>\n<p>A m\u00e9s, Villarroya tamb\u00e9 ha posat en valor la feina feta per l\u2019INEC perqu\u00e8 \u00e9s capa\u00e7 d\u2019aglutinar totes les enginyeries, crear sinergies i difondre coneixement amb l\u2019exposici\u00f3 de projectes. Aix\u00ed mateix, ha traslladat una menci\u00f3 especial als <em>\u201cestudiants i les escoles d\u2019enginyeria perqu\u00e8 s\u00f3n els enginyers del futur els que hauran d\u2019assumir el repte de les tecnologies vinculades a la industria 4.0\u201d<\/em>. Finalment, la directora ha destacat que cal tenir en compte <em>\u201cl\u2019alta digitalitzaci\u00f3 dels models productius i, a la vegada, la interconnectivitat entre processos, productes, cadena de valor i, fins i tot, models productius\u201d<\/em>.<\/p>\n<p><img decoding=\"async\" loading=\"lazy\" class=\" wp-image-22234 alignright\" src=\"https:\/\/www.monempresarial.com\/wp-content\/uploads\/2019\/11\/Sin-t\u00edtulo-3.jpg\" alt=\"\" width=\"249\" height=\"194\" srcset=\"https:\/\/www.monempresarial.com\/wp-content\/uploads\/2019\/11\/Sin-t\u00edtulo-3.jpg 306w, https:\/\/www.monempresarial.com\/wp-content\/uploads\/2019\/11\/Sin-t\u00edtulo-3-300x233.jpg 300w\" sizes=\"(max-width: 249px) 100vw, 249px\" \/><\/p>\n<p>La \u00a0inauguraci\u00f3 \u00a0d\u2019<strong>iGenium\u20192019<\/strong><strong> \u00a0<\/strong>ha finalitzat\u00a0 amb\u00a0 la\u00a0 intervenci\u00f3\u00a0 de Josep\u00a0 M\u00aa\u00a0 Serena, \u00a0president\u00a0 del Consejo\u00a0 \u00a0de\u00a0 \u00a0Seguridad\u00a0 \u00a0Nuclear. Serena ha explicat els trets b\u00e0sics que\u00a0 \u00a0defineixen\u00a0 \u00a0aquesta\u00a0 \u00a0entitat, creada en 1980\u00a0 \u00a0com\u00a0 \u00a0a\u00a0 \u00a0\u00fanic organisme \u00a0competent \u00a0a \u00a0l\u2019estat \u00a0en mat\u00e8ria\u00a0 de\u00a0 \u00a0seguretat\u00a0 \u00a0nuclear\u00a0 \u00a0i protecci\u00f3 radiol\u00f2gica i que compta amb \u00a0una \u00a0plantilla \u00a0de \u00a0gaireb\u00e9 \u00a0500 professionals altament qualificats. El Consejo \u00a0de \u00a0Seguridad \u00a0Nuclear \u00a0<em>\u201ct\u00e9 una funci\u00f3 reguladora i no fa pol\u00edtica\u00a0<\/em><em>energ\u00e8tica. \u00c9s una entitat independent de l\u2019administraci\u00f3 de l\u2019Estat que t\u00e9 com a missi\u00f3 principal protegir els treballadors, la poblaci\u00f3 i el medi dels efectes de les radiacions ionitzants\u201d<\/em>.<\/p>\n<p>El president ha repassat, les tasques que aquesta funci\u00f3 comporta, tant en el \u00e0mbit de les centrals nuclears com en el de les instal\u00b7lacions radioactives, per tal de que siguin operades i mantingudes pels titulars de forma segura, establint les mesures de prevenci\u00f3 i correcci\u00f3 davant de qualsevol emerg\u00e8ncia radiol\u00f2gica.<\/p>\n<p><img decoding=\"async\" loading=\"lazy\" class=\"wp-image-22236 alignleft\" src=\"https:\/\/www.monempresarial.com\/wp-content\/uploads\/2019\/11\/Sin-t\u00edtulo-4.jpg\" alt=\"\" width=\"177\" height=\"264\" srcset=\"https:\/\/www.monempresarial.com\/wp-content\/uploads\/2019\/11\/Sin-t\u00edtulo-4.jpg 205w, https:\/\/www.monempresarial.com\/wp-content\/uploads\/2019\/11\/Sin-t\u00edtulo-4-201x300.jpg 201w\" sizes=\"(max-width: 177px) 100vw, 177px\" \/><\/p>\n<p>Tamb\u00e9 ha apuntat reptes de futur com el llicenciament i el control de les noves instal\u00b7lacions m\u00e8diques com les de Protonterapia que utilitzen un feix de protons per irradiar\u00a0 el\u00a0 teixit\u00a0 afectat\u00a0 per\u00a0 un\u00a0 tumor\u00a0 sense\u00a0 afectar\u00a0 les\u00a0 c\u00e8l\u00b7lules\u00a0 sanes,\u00a0 i significativament, assegurar l\u2019adequaci\u00f3 i el control en el desballestament de les centrals nuclears actualment en aquesta situaci\u00f3 i de la resta, que tenen previst el seu tancament definitiu entre els anys 2027 i 2035.<\/p>\n<p>A continuaci\u00f3 ha comen\u00e7at el primer bloc tem\u00e0tic dedicat a l\u2019\u00e0mbit industrial. Bruno Vilarasau, director d\u2019Administracions P\u00fabliques i Serveis Digitals de Telef\u00f3nica Catalunya, ha explicat que l\u2019arribada de la tecnologia 5G tindr\u00e0 un impacte molt gran en sectors com l\u2019energia, la industria, la seguretat p\u00fablica, la sanitat, el transport p\u00fablic, l\u2019entreteniment, l\u2019automoci\u00f3, el serveis financers, el <em>retail<\/em>, l\u2019agricultura, etc. De fet, el 5G respon a moltes necessitats actuals com s\u00f3n l\u2019amplada de banda, el consum, la lat\u00e8ncia, la garantia de servei i la cobertura.<\/p>\n<p><img decoding=\"async\" loading=\"lazy\" class=\" wp-image-22230 alignright\" src=\"https:\/\/www.monempresarial.com\/wp-content\/uploads\/2019\/11\/5.jpg\" alt=\"\" width=\"251\" height=\"167\" srcset=\"https:\/\/www.monempresarial.com\/wp-content\/uploads\/2019\/11\/5.jpg 326w, https:\/\/www.monempresarial.com\/wp-content\/uploads\/2019\/11\/5-300x200.jpg 300w, https:\/\/www.monempresarial.com\/wp-content\/uploads\/2019\/11\/5-252x167.jpg 252w\" sizes=\"(max-width: 251px) 100vw, 251px\" \/><\/p>\n<p>En el seu torn, Josep M. Vil\u00e0, president <em>d\u2019Entanglement Partner<\/em>s, ha argumentat que els ordinadors qu\u00e0ntics estan codificats en c\u00fabits enlloc de bits com els tradicionals, fet que permet realitzar c\u00e0lculs rapid\u00edssims per resoldre grans problemes incl\u00fas en situacions interm\u00e8dies, no nom\u00e9s amb respostes bin\u00e0ries. El fet que els c\u00fabits \u201cpuguin estar entrella\u00e7ats i no necessitin una localitzaci\u00f3 f\u00edsica fixe dona unes possibilitats enormes amb una fiabilitat molt gran\u201d.<\/p>\n<p>En aquest sentit, IBM ja ha dissenyat un computador de 20 c\u00fabits i Google est\u00e0 treballant en un de 53. No obstant, l\u2019amena\u00e7a que genera la computaci\u00f3 qu\u00e0ntica \u00e9s que pot desxifrar en 3 segons tota la criptografia actual, que est\u00e0 basada en un codi de 2048 bits.<\/p>\n<p><img decoding=\"async\" loading=\"lazy\" class=\" wp-image-22232 alignright\" src=\"https:\/\/www.monempresarial.com\/wp-content\/uploads\/2019\/11\/6.jpg\" alt=\"\" width=\"245\" height=\"164\" srcset=\"https:\/\/www.monempresarial.com\/wp-content\/uploads\/2019\/11\/6.jpg 304w, https:\/\/www.monempresarial.com\/wp-content\/uploads\/2019\/11\/6-300x200.jpg 300w\" sizes=\"(max-width: 245px) 100vw, 245px\" \/><\/p>\n<p>Tot seguit, V\u00edctor Montilla, director de <em>E-Stratos<\/em>, ha donat a con\u00e8ixer tecnologies per la modernitzaci\u00f3 del territori i democratitzar la tecnologia en zones rurals. Per exemple, el primer camp del pa\u00eds connectat amb 5G \u00e9s a Albat\u00e0rrec. En el sector agroalimentari la teledetecci\u00f3\u00a0permet el desenvolupament d\u2019eines senzilles i accessibles per al control i seguiment en grans i petites superf\u00edcies. Tot plegat amb l\u2019objectiu d\u2019integrar diferents tipus d\u2019informaci\u00f3 \u00fatil en la presa de decisions gr\u00e0cies a sat\u00e8l\u00b7lits, avions, drons i sensors a peu de camp.<\/p>\n<p><img decoding=\"async\" loading=\"lazy\" class=\"wp-image-22238 alignleft\" src=\"https:\/\/www.monempresarial.com\/wp-content\/uploads\/2019\/11\/Sin-t\u00edtulo-7.jpg\" alt=\"\" width=\"252\" height=\"169\" srcset=\"https:\/\/www.monempresarial.com\/wp-content\/uploads\/2019\/11\/Sin-t\u00edtulo-7.jpg 312w, https:\/\/www.monempresarial.com\/wp-content\/uploads\/2019\/11\/Sin-t\u00edtulo-7-300x201.jpg 300w\" sizes=\"(max-width: 252px) 100vw, 252px\" \/><\/p>\n<p>El tercer projecte de l\u2019\u00e0mbit industrial s\u2019ha focalitzat en els ciberriscos i <em>compliance<\/em>, exposat per Andreu Mingote, director t\u00e8cnic de M\u00fatua dels Enginyers. Mingote ha defensat la idea que tota empresa necessita una pol\u00edtica de seguretat per prevenir, detectar i recuperar davant d\u2019amenaces com el <em>malware <\/em>i l\u2019<em>spam<\/em>. A m\u00e9s, \u00e9s necessari un programa de <em>compliance <\/em>(compliment corporatiu de laresponsabilitat penal per empreses).<\/p>\n<p>El \u00faltimo proyecto se ha centrado en la bioeconom\u00eda forestal y transici\u00f3n energ\u00e9tica a cargo de Adriano Raddi, del Centro de Ciencia y Tecnolog\u00eda Forestal de Catalunya.<\/p>\n<p><img decoding=\"async\" loading=\"lazy\" class=\"wp-image-22240 alignright\" src=\"https:\/\/www.monempresarial.com\/wp-content\/uploads\/2019\/11\/Sin-t\u00edtulo-8.jpg\" alt=\"\" width=\"248\" height=\"167\" srcset=\"https:\/\/www.monempresarial.com\/wp-content\/uploads\/2019\/11\/Sin-t\u00edtulo-8.jpg 317w, https:\/\/www.monempresarial.com\/wp-content\/uploads\/2019\/11\/Sin-t\u00edtulo-8-300x202.jpg 300w\" sizes=\"(max-width: 248px) 100vw, 248px\" \/><\/p>\n<p>El darrer projecte s\u2019ha centrat en la bioeconomia forestal i transici\u00f3 energ\u00e8tica a c\u00e0rrec d\u2019Adriano Raddi, del Centre de Ci\u00e8ncia i Tecnologia\u00a0 Forestal de Catalunya. Raddi ha explicat que la bioeconomia \u201c<em>es basa en l\u2019\u00fas de recursos naturals renovables per produir bens i serveis en tots els sectors econ\u00f2mics; pret\u00e9n descarbonitzar l\u2019economia; mitigar el canvi clim\u00e0tic; promoure la conservaci\u00f3 dels serveis <\/em><em>ambientals i la biodiversitat<\/em>\u201d. A m\u00e9s, Raddi ha defensat que cal aprofitar les possibilitats del sector forestal al servei de l\u2019enginyeria de la transici\u00f3 a sectors com la fotovoltaica i la biomassa.<\/p>\n<p>Despr\u00e9s d\u2019una breu pausa s\u2019ha iniciat el segon bloc, dedicat a l\u2019\u00e0mbit del serveis i les infraestructures.<\/p>\n<p><img decoding=\"async\" loading=\"lazy\" class=\"wp-image-22242 alignleft\" src=\"https:\/\/www.monempresarial.com\/wp-content\/uploads\/2019\/11\/Sin-t\u00edtulo-9.jpg\" alt=\"\" width=\"245\" height=\"193\" \/><\/p>\n<p>La confer\u00e8ncia d\u2019apertura l\u2019ha protagonitzat Xavier N\u00fa\u00f1ez, <em>senior project manager <\/em>de I2CAT <em>Foundation<\/em>. N\u00fa\u00f1ez ha definit el 5G com \u201c<em>una tecnologia disruptiva facilitadora de la creaci\u00f3 de m\u00faltiples serveis \u00a0at\u00e8s que permetr\u00e0 connectar fins a un mili\u00f3 de dispositius per km2. Es pot crear i implementar un servei complert en 90 minu<\/em>ts\u201d. Per tant, sortim d\u2019una infraestructura f\u00edsica cap a una en xarxa totalment virtualitzada on els dispositius s\u2019interconnectaran entre ells al n\u00favol, amb unes caracter\u00edstiques que nosaltres definirem, d\u2019una manera totalment \u00e0gil i flexible.<\/p>\n<p>N\u00fa\u00f1ez tamb\u00e9 ha explicat conceptes com <em>Neutral Host Platforms<\/em>, \u00e9s a dir, petites celes de comunicaci\u00f3 situats a llocs molt propers als usuaris finals que permetran emetre els senyals de diferents operadores en una sola infraestructura.<\/p>\n<p><img decoding=\"async\" loading=\"lazy\" class=\" wp-image-22244 alignright\" src=\"https:\/\/www.monempresarial.com\/wp-content\/uploads\/2019\/11\/Sin-t\u00edtulo-10.jpg\" alt=\"\" width=\"228\" height=\"152\" srcset=\"https:\/\/www.monempresarial.com\/wp-content\/uploads\/2019\/11\/Sin-t\u00edtulo-10.jpg 310w, https:\/\/www.monempresarial.com\/wp-content\/uploads\/2019\/11\/Sin-t\u00edtulo-10-300x200.jpg 300w, https:\/\/www.monempresarial.com\/wp-content\/uploads\/2019\/11\/Sin-t\u00edtulo-10-252x167.jpg 252w\" sizes=\"(max-width: 228px) 100vw, 228px\" \/><\/p>\n<p>A continuaci\u00f3 Santiago Cascante, Cap d\u2019innovaci\u00f3 i Noves Tecnologies d\u2019Endesa, ha donat a con\u00e8ixer les caracter\u00edstiques b\u00e0siques de les capes que formen el projecte <em>Network Digital Twin<\/em>, exemple de digitalitzaci\u00f3 de la xarxa de distribuci\u00f3 d\u2019energia. Les xarxes el\u00e8ctriques ara seran bidireccionals i, per tant, generen una nova flexibilitat, element b\u00e0sic en la nova transici\u00f3 energ\u00e8tica.<\/p>\n<p>Entren nous serveis en el mercat que seran petits generadors d\u2019energia i emmagatzematge. La nova i gran quantitat d\u2019informaci\u00f3 generada crea un model de dades molt m\u00e9s complex que cal compartir amb l\u2019exterior per afavorir la transici\u00f3 energ\u00e8tica.<\/p>\n<p><img decoding=\"async\" loading=\"lazy\" class=\" wp-image-22246 alignright\" src=\"https:\/\/www.monempresarial.com\/wp-content\/uploads\/2019\/11\/Sin-t\u00edtulo-11.jpg\" alt=\"\" width=\"232\" height=\"155\" srcset=\"https:\/\/www.monempresarial.com\/wp-content\/uploads\/2019\/11\/Sin-t\u00edtulo-11.jpg 310w, https:\/\/www.monempresarial.com\/wp-content\/uploads\/2019\/11\/Sin-t\u00edtulo-11-300x200.jpg 300w, https:\/\/www.monempresarial.com\/wp-content\/uploads\/2019\/11\/Sin-t\u00edtulo-11-252x167.jpg 252w\" sizes=\"(max-width: 232px) 100vw, 232px\" \/><\/p>\n<p>La segona iniciativa presentada exemplifica l\u2019aplicaci\u00f3 del criteri <em>smart <\/em>aplicat a les plantes de tractament de residus implementada a Santa Mar\u00eda de Palautordera. Joan Valls, gerent de plantes de Ferrovial, ha detallat que despr\u00e9s d\u2019implementar la rob\u00f2tica basada en intel\u00b7lig\u00e8ncia artificial els resultats esperats relatius a l\u2019efici\u00e8ncia inclouen el rec\u00e0lcul constant del valor mig objectiu d\u2019unitats de material per minut. Sobre la capacitat s\u2019espera que millori el comptatge de les unitats de residu objectiu per minut, obtenir una comparaci\u00f3 amb par\u00e0metres hist\u00f2rics i, segons rangs de m\u00e0xim i m\u00ednim, modificar la velocitat de la l\u00ednia d\u2019alimentaci\u00f3 a planta.<\/p>\n<p><img decoding=\"async\" loading=\"lazy\" class=\"wp-image-22248 alignleft\" src=\"https:\/\/www.monempresarial.com\/wp-content\/uploads\/2019\/11\/Sin-t\u00edtulo-12.jpg\" alt=\"\" width=\"200\" height=\"262\" srcset=\"https:\/\/www.monempresarial.com\/wp-content\/uploads\/2019\/11\/Sin-t\u00edtulo-12.jpg 247w, https:\/\/www.monempresarial.com\/wp-content\/uploads\/2019\/11\/Sin-t\u00edtulo-12-229x300.jpg 229w\" sizes=\"(max-width: 200px) 100vw, 200px\" \/><\/p>\n<p>El tercer projecte s\u2019ha focalitzat en mostrar que la prova pilot duta a terme a Albat\u00e0rrec, consistent en l\u2019assist\u00e8ncia a un operari no especialitzat en la poda d\u2019un camp de nectarines a dist\u00e0ncia per un especialista, ha donat una millor comprensi\u00f3 dels usos futurs de les xarxes 5G en entorns rurals proporcionaran un escenari real per descobrir com els especialistes agraris poden usar aquestes tecnologies per interactuar amb l&#8217;ecosistema. Per tant, <em>\u201cel 5G pot millorar la productivitat agr\u00e0ria i al desenvolupament del m\u00f3n rural\u201d <\/em>ha assegurat Alejandro Carballo, director comercial d\u2019Administracions P\u00fabliques de Vodafone Catalunya.<\/p>\n<p><img decoding=\"async\" loading=\"lazy\" class=\" wp-image-22250 alignright\" src=\"https:\/\/www.monempresarial.com\/wp-content\/uploads\/2019\/11\/Sin-t\u00edtulo-13.jpg\" alt=\"\" width=\"264\" height=\"176\" srcset=\"https:\/\/www.monempresarial.com\/wp-content\/uploads\/2019\/11\/Sin-t\u00edtulo-13.jpg 329w, https:\/\/www.monempresarial.com\/wp-content\/uploads\/2019\/11\/Sin-t\u00edtulo-13-300x200.jpg 300w, https:\/\/www.monempresarial.com\/wp-content\/uploads\/2019\/11\/Sin-t\u00edtulo-13-252x167.jpg 252w\" sizes=\"(max-width: 264px) 100vw, 264px\" \/><\/p>\n<p>Finalment, Isabel Escaler<em>, manager Knowledge-Technology Office<\/em>, ha posat a Agbar com a exemple de contribuci\u00f3 de la digitalitzaci\u00f3 a l\u2019adquisici\u00f3 i transfer\u00e8ncia de coneixement dintre de les persones del Grupo Agbar. Les claus passen per crear un ecosistema de coneixement basat en xarxes (a m\u00e9s de biblioteques digitals i aplicar la vigil\u00e0ncia tecnol\u00f2gica) i tenir molt\u00a0clar un mapa tecnol\u00f2gic i digital que doni resposta a les necessitats dels clients i als reptes tecnol\u00f2gics.<\/p>\n<p>&nbsp;<\/p>\n<p><strong><img decoding=\"async\" loading=\"lazy\" class=\" wp-image-22252 alignleft\" src=\"https:\/\/www.monempresarial.com\/wp-content\/uploads\/2019\/11\/Sin-t\u00edtulo-14.jpg\" alt=\"\" width=\"178\" height=\"268\" srcset=\"https:\/\/www.monempresarial.com\/wp-content\/uploads\/2019\/11\/Sin-t\u00edtulo-14.jpg 241w, https:\/\/www.monempresarial.com\/wp-content\/uploads\/2019\/11\/Sin-t\u00edtulo-14-200x300.jpg 200w\" sizes=\"(max-width: 178px) 100vw, 178px\" \/><\/strong><\/p>\n<p><strong>iGenium\u20192019 <\/strong>ha tancat la seva edici\u00f3 amb la pres\u00e8ncia de Jordi Puigner\u00f3, Conseller de Pol\u00edtiques Digitals i Administraci\u00f3 P\u00fablica de la Generalitat de Catalunya. Puigner\u00f3 ha \u00a0reivindicat \u00a0que \u00a0\u201c<em>necessitem \u00a0m\u00e9s \u00a0enginyers \u00a0a \u00a0la \u00a0pol\u00edtica \u00a0perqu\u00e8 \u00a0\u00e9s \u00a0una \u00a0eina transformadora de la realitat, com les noves tecnologies<\/em>\u201d. En aquest sentit, \u201c<em>darrera del 5G arribaran moltes altres tecnologies com el blockchain, la intel\u00b7lig\u00e8ncia artificial i la tecnologia qu\u00e0ntica<\/em>\u201d.<\/p>\n<p>Aix\u00ed mateix, ha anunciat que el Govern catal\u00e0 avui ha aprovat una inversi\u00f3 de 15 M\u20ac per connectar totes les capitals de comarca amb fibra \u00f2ptica. \u201c<em>La connectivitat i internet \u00e9s una de les pol\u00edtiques socials m\u00e9s importants que \u00a0podem \u00a0donar \u00a0a \u00a0la \u00a0ciutadania, \u00a0\u00e9s \u00a0una infraestructura d\u2019oportunitats<\/em>\u201d, ha afirmat, en un \u00a0canvi \u00a0d\u2019era \u00a0caracteritzada \u00a0per \u00a03 \u00a0grans reptes: Migracions, canvi clim\u00e0tic i revoluci\u00f3 digital.<\/p>\n<p>Sobre l\u2019arribada de 5G, el conseller ha assegurat que \u201c<em>surt del m\u00f2bil per connectar- ho tot i el que fa es generar una ind\u00fastria de la que encara no som conscients del que significar\u00e0, per\u00f2 portar\u00e0 un past\u00eds al qual no podem renunciar com a pa\u00eds. Som la capital mundial del m\u00f2bil i hem d\u2019aspirar a ser la capital mundial del 5G i ho hem d\u2019aconseguir com sigui<\/em>\u201d. En aquesta revoluci\u00f3, el talent<\/p>\n<p>ser\u00e0 la mat\u00e8ria primera m\u00e9s preuada, i el talent \u00e9s coneixement. \u201c<em>Es un \u00e0mbit clarament d\u2019oportunitats<\/em>\u201d, ha sentenciat Puigner\u00f3.<\/p>\n<p><strong>iGenium\u20192019<\/strong>, que arriba a la vuitena edici\u00f3, s\u2019ha celebrat al Col\u00b7legi d\u2019Enginyers de camins de Catalunya. Est\u00e0 organitzat per l\u2019Institut d\u2019Enginyers de Catalunya, format per les Associacions d\u2019enginyeria d\u2019Aeron\u00e0utics, Agr\u00f2noms,\u00a0 \u00a0Camins,\u00a0 \u00a0ICAI,\u00a0 \u00a0Industrials,\u00a0 \u00a0Inform\u00e0tica,\u00a0 \u00a0Mines,\u00a0 \u00a0Monts,\u00a0 \u00a0Navals\u00a0 \u00a0i Telecomunicaci\u00f3, i compta amb el suport d\u2019organitzacions p\u00fabliques i privades com la Generalitat de Catalunya, la Diputaci\u00f3 de Lleida, Forestal Catalana, ICL Iberia, La Mutua dels Enginyers, Ferrovial, Renfe i Endesa, entre d\u2019altres.<\/p>\n<p>L\u2019objectiu d<strong>\u2019<span style=\"color: #ff0000;\">iGenium <\/span><\/strong>\u00e9s donar a con\u00e8ixer a l\u2019opini\u00f3 p\u00fablica la recerca i la innovaci\u00f3 de les diferents branques de l\u2019enginyeria.<\/p>\n<p style=\"text-align: center;\"><strong>Para m\u00e9s informaci\u00f3: Olga Vela <\/strong><a href=\"mailto:info@inec.cat\"><strong>info@inec.cat<\/strong> <\/a><\/p>\n<p style=\"text-align: center;\"><strong>\u00a0<\/strong><strong>\u00c0lbum fotogr\u00e0fic iGenium\u20192019<\/strong><\/p>\n<p style=\"text-align: center;\"><a href=\"https:\/\/www.flickr.com\/photos\/129681781%40N05\/albums\/72157711470082138\">https:\/\/www.flickr.com\/photos\/129681781@N05\/albums\/72157711470082138<\/a><\/p>\n","protected":false},"excerpt":{"rendered":"<p>Una de les conclusions ha estat que el 5G ser\u00e0 l\u2019element determinant i facilitador d\u2019 un gran nombre de projectes, serveis i models de negoci que encara no imaginem<\/p>\n","protected":false},"author":1,"featured_media":22255,"comment_status":"closed","ping_status":"closed","sticky":false,"template":"","format":"standard","meta":{"_mi_skip_tracking":false,"mc4wp_mailchimp_campaign":[],"jnews-multi-image_gallery":[],"jnews_single_post":[],"jnews_primary_category":[]},"categories":[5694,10820,10821,10825],"tags":[178,181,400,738,1115,1123,1130,2418,7444],"_links":{"self":[{"href":"https:\/\/www.monempresarial.com\/ca\/wp-json\/wp\/v2\/posts\/22259"}],"collection":[{"href":"https:\/\/www.monempresarial.com\/ca\/wp-json\/wp\/v2\/posts"}],"about":[{"href":"https:\/\/www.monempresarial.com\/ca\/wp-json\/wp\/v2\/types\/post"}],"author":[{"embeddable":true,"href":"https:\/\/www.monempresarial.com\/ca\/wp-json\/wp\/v2\/users\/1"}],"replies":[{"embeddable":true,"href":"https:\/\/www.monempresarial.com\/ca\/wp-json\/wp\/v2\/comments?post=22259"}],"version-history":[{"count":1,"href":"https:\/\/www.monempresarial.com\/ca\/wp-json\/wp\/v2\/posts\/22259\/revisions"}],"predecessor-version":[{"id":46151,"href":"https:\/\/www.monempresarial.com\/ca\/wp-json\/wp\/v2\/posts\/22259\/revisions\/46151"}],"wp:featuredmedia":[{"embeddable":true,"href":"https:\/\/www.monempresarial.com\/ca\/wp-json\/wp\/v2\/media\/22255"}],"wp:attachment":[{"href":"https:\/\/www.monempresarial.com\/ca\/wp-json\/wp\/v2\/media?parent=22259"}],"wp:term":[{"taxonomy":"category","embeddable":true,"href":"https:\/\/www.monempresarial.com\/ca\/wp-json\/wp\/v2\/categories?post=22259"},{"taxonomy":"post_tag","embeddable":true,"href":"https:\/\/www.monempresarial.com\/ca\/wp-json\/wp\/v2\/tags?post=22259"}],"curies":[{"name":"wp","href":"https:\/\/api.w.org\/{rel}","templated":true}]}}