{"id":22304,"date":"2020-01-08T09:00:40","date_gmt":"2020-01-08T08:00:40","guid":{"rendered":"http:\/\/www.monempresarial.com\/2019\/01\/08\/jovenes-talentos-juan-carlos-rivero-y-elisenda-bou\/"},"modified":"2025-05-30T08:23:20","modified_gmt":"2025-05-30T06:23:20","slug":"jovenes-talentos-juan-carlos-rivero-y-elisenda-bou","status":"publish","type":"post","link":"https:\/\/www.monempresarial.com\/ca\/2020\/01\/08\/jovenes-talentos-juan-carlos-rivero-y-elisenda-bou\/","title":{"rendered":"Joves talents: Juan Carlos Rivero i Elisenda Bou"},"content":{"rendered":"<p><strong>Rivero i Bou, CEO i CTO, respectivament, de Vilynx, tenen molt clar el que esperen aconseguir amb el seu projecte en el futur: aplicar la Intel\u00b7lig\u00e8ncia Artificial per millorar el m\u00f3n en la mesura del possible, tant en l&#8217;\u00e0mbit educatiu (millora de l&#8217;educaci\u00f3 a trav\u00e9s de la creaci\u00f3 de sistemes educatius accessibles a tot el m\u00f3n), com en el de la salut (recerca en tractaments i malalties) i gesti\u00f3 de residus (entendre millor i pal\u00b7liar el canvi clim\u00e0tic).<\/strong><\/p>\n<p><strong>Fotos: Vilynx<\/strong><\/p>\n<hr \/>\n<ul>\n<li><span style=\"color: #ae0f09;\"><strong><strong style=\"color: #333333;\"><strong style=\"color: #ae0f09;\"><strong style=\"color: #333333;\"><strong style=\"color: #ae0f09;\"><strong style=\"color: #333333;\"><strong style=\"color: #ae0f09;\"><strong style=\"color: #333333;\"><strong style=\"color: #ae0f09;\">Per qu\u00e8 no els hem de perdre la pista? <\/strong><\/strong><\/strong><\/strong><\/strong><\/strong><\/strong><\/strong><\/strong><\/span><\/li>\n<\/ul>\n<p>S\u00f3n els cofundadors de Vilynx, una companyia coneguda com &#8220;el Google dels v\u00eddeos&#8221; que ofereix serveis d&#8217;etiquetatge i indexaci\u00f3 de continguts i v\u00eddeos existents a la Xarxa per poder trobar-los a partir de cerques, i un projecte que -en les seves pr\u00f2pies paraules- est\u00e0 revolucionant el sector de la Intel\u00b7lig\u00e8ncia Artificial (IA) &#8220;gr\u00e0cies a la generaci\u00f3 de sistemes d&#8217;aprenentatge aut\u00f2nom.&#8221; O, dit d&#8217;una altra manera, a Vilynx ensenyen les m\u00e0quines a aprendre per si soles perqu\u00e8 puguin, despr\u00e9s, ajudar les persones.<br \/>\nAmb el projecte encara en un &#8220;estat inicial&#8221;, Rivero i Bou admeten que encara queda molta feina per fer, i que &#8220;cal seguir treballant dur i passar per totes les fases per tal de construir l&#8217;empresa que aqu\u00ed volem&#8221;. De moment, per\u00f2, aquests joves emprenedors ja han aconseguit de convertir aquesta startup, nascuda el 2013 i amb seu a Barcelona i oficina a Silicon Valley -tenen una quarantena de treballadors en plantilla-, en el prove\u00efdor de serveis d&#8217;IA m\u00e9s gran per al mercat de mitjans digitals als Estats Units. &#8220;I estem competint amb les grans tecnol\u00f2giques del sector gr\u00e0cies a la gran inversi\u00f3 en una tecnologia diferencial des dels seus inicis&#8221;, subratllen. Bou, a m\u00e9s, acaba de ser guardonada amb el premi a la Jove Empres\u00e0ria de l&#8217;Any per l&#8217;AIJEC (Associaci\u00f3 de Joves Empresaris de Catalunya). D\u00e9u n\u2019hi do.<br \/>\nEls seus plans per al pr\u00f2xim curs? Els espera l&#8217;expansi\u00f3 comercial de Vilynx a Europa i \u00c0sia. I, a m\u00e9s, &#8220;estem desenvolupant POCS per aconseguir que la tecnologia transcendeixi l&#8217;\u00e0mbit digital i comenci a aplicar-se en els camps Legal i Financer&#8221;, responen.<\/p>\n<ul>\n<li><span style=\"color: #ae0f09;\"><strong>El (dur) cam\u00ed fins a cridar eureka! <\/strong><\/span><\/li>\n<\/ul>\n<p>La llavor de Vilynx va sorgir arran de la petici\u00f3 del fill de Rivero, qui va demanar al seu pare que el seu robot \u201cfos intel\u00b7ligent&#8221;. Aix\u00ed, aquest i altres dos cofundadors (Hendrik van der Meer i Hakan Fouren) van comen\u00e7ar a treballar en diversos sistemes de visi\u00f3 per a rob\u00f2tica. Uns mesos m\u00e9s tard, Bou se\u2019ls va unir, ja que compartia la mateixa ambici\u00f3: volia dotar les m\u00e0quines d&#8217;intel\u00b7lig\u00e8ncia. I, avui, sis anys m\u00e9s tard, l&#8217;empresa ja ha experimentat un creixement exponencial que \u00e9s m\u00e8rit de tots, &#8220;ja que Vilynx neix d&#8217;un gran equip que ha estat clau per poder construir aix\u00f2 i que ho seguir\u00e0 sent en els propers anys&#8221;, afirmen.<br \/>\nPel que fa als reptes que han hagut d&#8217;afrontar per llan\u00e7ar el projecte cap endavant, expliquen que la recerca de capital (pel fet de ser un projecte altament tecnol\u00f2gic i molt ambici\u00f3s) va ser un d&#8217;ells, aix\u00ed com trobar el primer mercat inicial i aconseguir de desenvolupar tecnologia puntera alhora que un negoci. D&#8217;altra banda, apunten que &#8220;el mercat, cr\u00e9ixer en revenue i fer-se independents dels inversors \u00e9s el m\u00e9s important i m\u00e9s dif\u00edcil&#8221;, per la qual cosa \u00e9s la seva prioritat. La part de desenvolupament de la tecnologia, en canvi, els surt de forma natural: &#8220;No ens costa res, pel nostre background i pel team&#8221;, coincideixen.<\/p>\n<ul>\n<li><span style=\"color: #ae0f09;\"><strong>Fracassa i vencer\u00e0s <\/strong><\/span><\/li>\n<\/ul>\n<p>Rivero i Bou reconeixen que, de moments dif\u00edcils, haver-n\u2019hi, n&#8217;hi ha, per\u00f2 mai no han pensat a llen\u00e7ar la tovallola. I \u00e9s que, segons ells, per emprendre \u00e9s imprescindible innovar, s\u00ed, per\u00f2, sobretot &#8220;no rendir-se mai.&#8221;<br \/>\nA m\u00e9s, si b\u00e9 s\u00f3n conscients que &#8220;a pilota passada, tot sembla m\u00e9s senzill&#8221;, tamb\u00e9 defensen que s\u00f3n les decisions del passat les que els han portat fins a on s\u00f3n avui, &#8220;i estem molt contents de ser aqu\u00ed&#8221;, sentencien.<\/p>\n<ul>\n<li><span style=\"color: #ae0f09;\"><strong>Los <em>gigantes<\/em> Timo Buetefisch<\/strong><\/span><\/li>\n<\/ul>\n<p>&#8220;Ens agrada particularment el CEO de Zoom, Eric Yuan, que va aconseguir arribar a IPO gaireb\u00e9 sense inversi\u00f3 inicial. Fins i tot li va ser rebutjat el visat per treballar als Estats Units vuit vegades &#8230; per\u00f2 va seguir insistint!&#8221;<\/p>\n","protected":false},"excerpt":{"rendered":"<p>Rivero i Bou, CEO i CTO, respectivament, de Vilynx, tenen molt clar el que esperen aconseguir amb el seu projecte en el futur: aplicar la Intel\u00b7lig\u00e8ncia Artificial per millorar el m\u00f3n en la mesura del possible, tant en l&#8217;\u00e0mbit educatiu (millora de l&#8217;educaci\u00f3 a trav\u00e9s de la creaci\u00f3 de sistemes educatius accessibles a tot el m\u00f3n), com en el de la salut (recerca en tractaments i malalties) i gesti\u00f3 de residus (entendre millor i pal\u00b7liar el canvi clim\u00e0tic).<\/p>\n","protected":false},"author":1,"featured_media":22301,"comment_status":"closed","ping_status":"closed","sticky":false,"template":"","format":"standard","meta":{"_mi_skip_tracking":false,"mc4wp_mailchimp_campaign":[],"jnews-multi-image_gallery":[],"jnews_single_post":{"source_name":"","source_url":"","via_name":"","via_url":"","override_template":"0","override":[{"template":"1","single_blog_custom":"","parallax":"1","fullscreen":"1","layout":"right-sidebar","sidebar":"default-sidebar","second_sidebar":"default-sidebar","sticky_sidebar":"1","share_position":"bottom","share_float_style":"share-monocrhome","show_share_counter":"1","show_view_counter":"1","show_featured":"1","show_post_meta":"1","show_post_author":"1","show_post_author_image":"1","show_post_date":"1","post_date_format":"default","post_date_format_custom":"Y\/m\/d","show_post_category":"0","show_post_reading_time":"1","post_reading_time_wpm":"300","show_zoom_button":"0","zoom_button_out_step":"2","zoom_button_in_step":"3","show_post_tag":"1","show_prev_next_post":"0","show_popup_post":"1","number_popup_post":"2","show_author_box":"1","show_post_related":"1","show_inline_post_related":"1"}],"override_image_size":"0","image_override":[{"single_post_thumbnail_size":"crop-715","single_post_gallery_size":"crop-500"}],"trending_post":"0","trending_post_position":"meta","trending_post_label":"Trending","sponsored_post":"1","sponsored_post_label":"Patrocinat per","sponsored_post_name":"Consorci Zona Franca Barcelona","sponsored_post_url":"https:\/\/zfbarcelona.es\/ca\/","sponsored_post_logo_enable":"1","sponsored_post_logo":"40377","sponsored_post_desc":"","disable_ad":"0"},"jnews_primary_category":{"id":"10826","hide":""}},"categories":[10820,10826,8058,10819],"tags":[7513,7518,311,400,738,3858],"_links":{"self":[{"href":"https:\/\/www.monempresarial.com\/ca\/wp-json\/wp\/v2\/posts\/22304"}],"collection":[{"href":"https:\/\/www.monempresarial.com\/ca\/wp-json\/wp\/v2\/posts"}],"about":[{"href":"https:\/\/www.monempresarial.com\/ca\/wp-json\/wp\/v2\/types\/post"}],"author":[{"embeddable":true,"href":"https:\/\/www.monempresarial.com\/ca\/wp-json\/wp\/v2\/users\/1"}],"replies":[{"embeddable":true,"href":"https:\/\/www.monempresarial.com\/ca\/wp-json\/wp\/v2\/comments?post=22304"}],"version-history":[{"count":5,"href":"https:\/\/www.monempresarial.com\/ca\/wp-json\/wp\/v2\/posts\/22304\/revisions"}],"predecessor-version":[{"id":45564,"href":"https:\/\/www.monempresarial.com\/ca\/wp-json\/wp\/v2\/posts\/22304\/revisions\/45564"}],"wp:featuredmedia":[{"embeddable":true,"href":"https:\/\/www.monempresarial.com\/ca\/wp-json\/wp\/v2\/media\/22301"}],"wp:attachment":[{"href":"https:\/\/www.monempresarial.com\/ca\/wp-json\/wp\/v2\/media?parent=22304"}],"wp:term":[{"taxonomy":"category","embeddable":true,"href":"https:\/\/www.monempresarial.com\/ca\/wp-json\/wp\/v2\/categories?post=22304"},{"taxonomy":"post_tag","embeddable":true,"href":"https:\/\/www.monempresarial.com\/ca\/wp-json\/wp\/v2\/tags?post=22304"}],"curies":[{"name":"wp","href":"https:\/\/api.w.org\/{rel}","templated":true}]}}