{"id":22314,"date":"2019-12-18T09:00:00","date_gmt":"2019-12-18T08:00:00","guid":{"rendered":"http:\/\/www.monempresarial.com\/?p=22314"},"modified":"2025-09-24T11:32:38","modified_gmt":"2025-09-24T09:32:38","slug":"internalizacion-2-el-impulso-de-las-ferias-internacionales","status":"publish","type":"post","link":"https:\/\/www.monempresarial.com\/ca\/2019\/12\/18\/internalizacion-2-el-impulso-de-las-ferias-internacionales\/","title":{"rendered":"Internalizaci\u00f3 (2): l\u2019impuls de les fires internacionals"},"content":{"rendered":"<h4 style=\"color: #602d11;\"><img decoding=\"async\" loading=\"lazy\" class=\"wp-image-22031 alignright\" src=\"https:\/\/www.monempresarial.com\/wp-content\/uploads\/2019\/10\/Diana-Filipescu.jpg\" alt=\"\" width=\"305\" height=\"450\" srcset=\"https:\/\/www.monempresarial.com\/wp-content\/uploads\/2019\/10\/Diana-Filipescu.jpg 567w, https:\/\/www.monempresarial.com\/wp-content\/uploads\/2019\/10\/Diana-Filipescu-203x300.jpg 203w, https:\/\/www.monempresarial.com\/wp-content\/uploads\/2019\/10\/Diana-Filipescu-203x300@2x.jpg 406w\" sizes=\"(max-width: 305px) 100vw, 305px\" \/>El context internacional actual, on predominen la intensa competitivitat i l&#8217;acc\u00e9s a la informaci\u00f3, representa un desafiament per a aquelles empreses que s&#8217;inicien en el proc\u00e9s d&#8217;internacionalitzaci\u00f3, ja que es veuen obligades a adaptar-se r\u00e0pidament als canvis i generar alternatives innovadores que les diferenci\u00efn dels seus competidors. Com a resposta a aquesta necessitat, hi ha les fires internacionals de comer\u00e7, que s\u00f3n una eficient eina de m\u00e0rqueting i una de les claus d&#8217;\u00e8xit en la internacionalitzaci\u00f3 de les empreses..<\/h4>\n<h4><span style=\"color: #663300; font-weight: bold; text-transform: uppercase;\">DIANA A. FILIPESCU\u00a0 <\/span><strong>Professora de Negocis Internacionals i M\u00e0rqueting de Toulouse Business School, Campus Barcelona.<\/strong><\/h4>\n<hr style=\"color: #b72126;\" \/>\n<p>Les fires internacionals permeten crear xarxes a trav\u00e9s de blogs, xarxes socials i fulls informatius durant un per\u00edode concret de temps (normalment, un any) i adquirir coneixement \u00fatil, posteriorment, dins de la mateixa ind\u00fastria. Aix\u00ed mateix, tant els clients potencials com els actuals visiten les fires, per la qual cosa \u00e9s una manera molt eficient de vendre directament al p\u00fablic objectiu. Per a les empreses participants \u00e9s una oportunitat incre\u00efble de presentar els seus nous productes i posar-los -literalment- a les mans del p\u00fablic objectiu, que podr\u00e0 tocar, sentir, escoltar i veure com el producte o servei pot omplir una de les seves necessitats.<\/p>\n<p>Participar en una fira internacional tamb\u00e9 permet d\u2019avaluar els competidors, veure en primera persona les novetats que presenten i valorar-les. La majoria de les fires tenen, a m\u00e9s, una impressionant repercussi\u00f3 medi\u00e0tica. Es pot col\u00b7laborar amb els organitzadors i\/o amb l&#8217;equip de relacions p\u00fabliques per tal de buscar maneres de ressaltar l&#8217;empresa i l&#8217;estand que ocupa, aconseguint tenir cobertura addicional gratu\u00efta en revistes d&#8217;especialitat, televisi\u00f3 i r\u00e0dio.<\/p>\n<p>No obstant aix\u00f2, malgrat tots els beneficis que tenen les fires internacionals, tenen tamb\u00e9 un gran desavantatge: el seu cost. En ser molt car de participar en una fira internacional, l&#8217;empresa ha de tenir molt clar els objectius buscats abans d&#8217;invertir-hi.<\/p>\n<h2><span style=\"color: #602d11;\">En conclusi\u00f3, participar en fires internacionals comporta una s\u00e8rie de beneficis per a les empreses que busquen augmentar la seva pres\u00e8ncia als mercats exteriors, com ara millorar la seva efici\u00e8ncia i productivitat, buscar solucions, reduir costos, buscar noves idees i inspiraci\u00f3, desenvolupar una cartera de contactes internacionals, millorar el coneixement de la ind\u00fastria i con\u00e8ixer experts. <\/span><\/h2>\n","protected":false},"excerpt":{"rendered":"<p>El context internacional actual, on predominen la intensa competitivitat i l&#8217;acc\u00e9s a la informaci\u00f3, representa un desafiament per a aquelles empreses que s&#8217;inicien en el proc\u00e9s d&#8217;internacionalitzaci\u00f3, ja que es veuen obligades a adaptar-se r\u00e0pidament als canvis i generar alternatives innovadores que les diferenci\u00efn dels seus competidors. Com a resposta a aquesta necessitat, hi ha les fires internacionals de comer\u00e7, que s\u00f3n una eficient eina de m\u00e0rqueting i una de les claus d&#8217;\u00e8xit en la internacionalitzaci\u00f3 de les empreses.<\/p>\n","protected":false},"author":1,"featured_media":22311,"comment_status":"closed","ping_status":"closed","sticky":false,"template":"","format":"standard","meta":{"_mi_skip_tracking":false,"mc4wp_mailchimp_campaign":[],"jnews-multi-image_gallery":[],"jnews_single_post":[],"jnews_primary_category":[]},"categories":[8059,10817,10835,4718],"tags":[180,270,898,1874,10605,141],"_links":{"self":[{"href":"https:\/\/www.monempresarial.com\/ca\/wp-json\/wp\/v2\/posts\/22314"}],"collection":[{"href":"https:\/\/www.monempresarial.com\/ca\/wp-json\/wp\/v2\/posts"}],"about":[{"href":"https:\/\/www.monempresarial.com\/ca\/wp-json\/wp\/v2\/types\/post"}],"author":[{"embeddable":true,"href":"https:\/\/www.monempresarial.com\/ca\/wp-json\/wp\/v2\/users\/1"}],"replies":[{"embeddable":true,"href":"https:\/\/www.monempresarial.com\/ca\/wp-json\/wp\/v2\/comments?post=22314"}],"version-history":[{"count":1,"href":"https:\/\/www.monempresarial.com\/ca\/wp-json\/wp\/v2\/posts\/22314\/revisions"}],"predecessor-version":[{"id":47703,"href":"https:\/\/www.monempresarial.com\/ca\/wp-json\/wp\/v2\/posts\/22314\/revisions\/47703"}],"wp:featuredmedia":[{"embeddable":true,"href":"https:\/\/www.monempresarial.com\/ca\/wp-json\/wp\/v2\/media\/22311"}],"wp:attachment":[{"href":"https:\/\/www.monempresarial.com\/ca\/wp-json\/wp\/v2\/media?parent=22314"}],"wp:term":[{"taxonomy":"category","embeddable":true,"href":"https:\/\/www.monempresarial.com\/ca\/wp-json\/wp\/v2\/categories?post=22314"},{"taxonomy":"post_tag","embeddable":true,"href":"https:\/\/www.monempresarial.com\/ca\/wp-json\/wp\/v2\/tags?post=22314"}],"curies":[{"name":"wp","href":"https:\/\/api.w.org\/{rel}","templated":true}]}}