{"id":22375,"date":"2019-11-15T08:52:29","date_gmt":"2019-11-15T07:52:29","guid":{"rendered":"http:\/\/www.monempresarial.com\/?p=22375"},"modified":"2025-06-06T10:14:29","modified_gmt":"2025-06-06T08:14:29","slug":"unim-mon-economic-i-sector-professional-al-i-corporate-lunch-de-telecos-cat","status":"publish","type":"post","link":"https:\/\/www.monempresarial.com\/ca\/2019\/11\/15\/unim-mon-economic-i-sector-professional-al-i-corporate-lunch-de-telecos-cat\/","title":{"rendered":"Unim m\u00f3n econ\u00f2mic i sector professional al <\/span>I Corporate Lunch de Telecos.cat"},"content":{"rendered":"<div><strong>7 de noviembre 2019<\/strong><\/div>\n<div>El Restaurant Brasserie Flo de Barcelona acollia ahir el\u00a0<strong>I Corporate Lunch de Telecos.cat,<\/strong>\u00a0nova trobada anual que neix<strong>\u00a0<\/strong>amb l&#8217;objectiu de debatre temes d\u2019inter\u00e8s que relacionin el\u00a0<strong>m\u00f3n econ\u00f2mic<\/strong>\u00a0amb el<strong>\u00a0sector professional.<\/strong>\u00a0El dinar va tenir com a convidats els\u00a0<strong>directius de les empreses que s\u00f3n Corporate Member\u00a0<\/strong>de Telecos.cat (<strong>m\u00e9s informaci\u00f3 sobre aquest servei\u00a0<a href=\"https:\/\/www.telecos.cat\/uploads\/documentacio\/2018\/DOSSIEREMPRESES_DEFINITIU.pdf\" target=\"_blank\" rel=\"noopener noreferrer\">AQU\u00cd<\/a><\/strong>), aix\u00ed com diverses personalitats destacades del m\u00f3n de l\u2019economia i tamb\u00e9 vinculades al sector.<\/div>\n<div><\/div>\n<div>Amb el\u00a0<strong>patrocini de\u00a0<a href=\"https:\/\/www.caixaenginyers.com\/\" target=\"_blank\" rel=\"noopener noreferrer\">Caixa d&#8217;Enginyers<\/a><\/strong>\u00a0i el\u00a0<strong>suport de<\/strong>\u00a0<strong><a href=\"http:\/\/www.monempresarial.com\/\" target=\"_blank\" rel=\"noopener noreferrer\">M\u00f3n empresarial<\/a><\/strong><strong>,<\/strong>\u00a0la jornada arrencava amb les paraules de benvinguda de\u00a0<strong>Joan Cavall\u00e9,<\/strong>\u00a0director general de Caixa d&#8217;Enginyers, qui va valorar molt positivament el fet de realizar trobades que serveixin per fer xarxa entre el sector financer i el m\u00f3n TIC. A continuaci\u00f3 arribava el torn de\u00a0<strong>Joan Tugores,<\/strong>\u00a0catedr\u00e0tic d&#8217;Economia i ex-rector de la Universitat de Barcelona, qui va oferir la seva\u00a0<strong>\u201cPerspectiva de la situaci\u00f3 econ\u00f2mica actual\u201d,\u00a0<\/strong>fent una comparativa amb el m\u00f3n de les s\u00e8ries de ficci\u00f3, amb refer\u00e8ncies a t\u00edtols d&#8217;\u00e8xit com &#8220;<strong>Stranger things&#8221;\u00a0<\/strong>o &#8220;<strong>Years and years&#8221;.\u00a0<\/strong>Seguidament comen\u00e7ava el dinar, on es va generar un\u00a0<strong>interessant debat entre els assistents\u00a0<\/strong>en relaci\u00f3 al moment que viuen les empreses del sector TIC i els seus professionals. Per acabar, el secretari general de PIMEC,\u00a0<strong>Antoni Ca\u00f1ete,\u00a0<\/strong>recollia les conclusions de la trobada posant l&#8217;accent en la necessitat de tenir molt present l&#8217;\u00e8tica en un entorn -l&#8217;econ\u00f2mic- on sovint no hi \u00e9s suficientment present.<\/div>\n","protected":false},"excerpt":{"rendered":"<p>El Restaurant Brasserie Flo de Barcelona acollia ahir el\u00a0I Corporate Lunch de Telecos.cat,\u00a0nova trobada anual que neix\u00a0amb l&#8217;objectiu de debatre temes d\u2019inter\u00e8s que relacionin el\u00a0m\u00f3n econ\u00f2mic\u00a0amb el\u00a0sector professional.\u00a0El dinar va tenir com a convidats els\u00a0directius de les empreses que s\u00f3n Corporate Member\u00a0de Telecos.cat (m\u00e9s informaci\u00f3 sobre aquest servei\u00a0AQU\u00cd), aix\u00ed com diverses personalitats destacades del m\u00f3n de l\u2019economia i tamb\u00e9 vinculades al sector.<\/p>\n","protected":false},"author":1,"featured_media":22379,"comment_status":"open","ping_status":"open","sticky":false,"template":"","format":"standard","meta":{"_mi_skip_tracking":false,"mc4wp_mailchimp_campaign":[],"jnews-multi-image_gallery":[],"jnews_single_post":[],"jnews_primary_category":[]},"categories":[5694,10820,10821,10825],"tags":[],"_links":{"self":[{"href":"https:\/\/www.monempresarial.com\/ca\/wp-json\/wp\/v2\/posts\/22375"}],"collection":[{"href":"https:\/\/www.monempresarial.com\/ca\/wp-json\/wp\/v2\/posts"}],"about":[{"href":"https:\/\/www.monempresarial.com\/ca\/wp-json\/wp\/v2\/types\/post"}],"author":[{"embeddable":true,"href":"https:\/\/www.monempresarial.com\/ca\/wp-json\/wp\/v2\/users\/1"}],"replies":[{"embeddable":true,"href":"https:\/\/www.monempresarial.com\/ca\/wp-json\/wp\/v2\/comments?post=22375"}],"version-history":[{"count":1,"href":"https:\/\/www.monempresarial.com\/ca\/wp-json\/wp\/v2\/posts\/22375\/revisions"}],"predecessor-version":[{"id":46150,"href":"https:\/\/www.monempresarial.com\/ca\/wp-json\/wp\/v2\/posts\/22375\/revisions\/46150"}],"wp:featuredmedia":[{"embeddable":true,"href":"https:\/\/www.monempresarial.com\/ca\/wp-json\/wp\/v2\/media\/22379"}],"wp:attachment":[{"href":"https:\/\/www.monempresarial.com\/ca\/wp-json\/wp\/v2\/media?parent=22375"}],"wp:term":[{"taxonomy":"category","embeddable":true,"href":"https:\/\/www.monempresarial.com\/ca\/wp-json\/wp\/v2\/categories?post=22375"},{"taxonomy":"post_tag","embeddable":true,"href":"https:\/\/www.monempresarial.com\/ca\/wp-json\/wp\/v2\/tags?post=22375"}],"curies":[{"name":"wp","href":"https:\/\/api.w.org\/{rel}","templated":true}]}}