{"id":22383,"date":"2019-11-18T10:03:21","date_gmt":"2019-11-18T09:03:21","guid":{"rendered":"http:\/\/www.monempresarial.com\/?p=22383"},"modified":"2025-06-06T10:14:17","modified_gmt":"2025-06-06T08:14:17","slug":"la-metgec-reuneix-els-13-collegis-denginyeria-tecnica-de-catalunya","status":"publish","type":"post","link":"https:\/\/www.monempresarial.com\/ca\/2019\/11\/18\/la-metgec-reuneix-els-13-collegis-denginyeria-tecnica-de-catalunya\/","title":{"rendered":"La metgec <\/span>reuneix els 13 col\u00b7legis d\u2019enginyeria t\u00e8cnica de catalunya"},"content":{"rendered":"<h2><strong><img decoding=\"async\" loading=\"lazy\" class=\"wp-image-22390 alignright\" src=\"http:\/\/www.monempresarial.com\/wp-content\/uploads\/2019\/11\/logo-metgec.jpg\" alt=\"\" width=\"190\" height=\"123\" srcset=\"https:\/\/www.monempresarial.com\/wp-content\/uploads\/2019\/11\/logo-metgec.jpg 715w, https:\/\/www.monempresarial.com\/wp-content\/uploads\/2019\/11\/logo-metgec-300x194.jpg 300w, https:\/\/www.monempresarial.com\/wp-content\/uploads\/2019\/11\/logo-metgec-300x194@2x.jpg 600w\" sizes=\"(max-width: 190px) 100vw, 190px\" \/>Una enquesta dels col\u00b7legis d&#8217;enginyers revela que transformaci\u00f3 digital del sector es fa m\u00e9s lentament del que caldria<\/strong><\/h2>\n<ul>\n<li><strong><em>Avui s\u2019ha presentat en una jornada els resultats d\u2019una enquesta feta a m\u00e9s de 500 enginyers en sobre l\u2019impacte de la digitalitzaci\u00f3 en la seva feina<\/em><\/strong><\/li>\n<li><em><strong>La jornada ha comptat amb una benvinguda del Conseller de Pol\u00edtiques Digitals i Administraci\u00f3 P\u00fablica, Jordi Puigner\u00f3<\/strong>\u00a0<\/em><\/li>\n<\/ul>\n<p><strong>Divendres, 15 de novembre de 2019.-<\/strong> La Mesa d\u2019Enginyeria T\u00e8cnica i de Graduats en Enginyeria de Catalunya (METGEC) ha presentat aquest divendres els resultats d\u2019una enquesta sobre transformaci\u00f3 digital feta a m\u00e9s de 500 professionals de diversos sectors de l\u2019enginyeria. L\u2019enquesta revela que, si b\u00e9 el 90% dels enginyers enquestats consideren que la digitalitzaci\u00f3 t\u00e9 un impacte molt alt en la seva feina, els m\u00e8todes i les eines de treball del dia a dia dels professionals no s\u2019est\u00e0 reconvertint al ritme que caldria; encara es treballa molt en local (disc dur) i poc al n\u00favol, per exemple, i l\u2019\u00fas de tecnologies com la realitat augmentada o el blockchain \u00e9s minoritari. Aquestes s\u00f3n algunes de les conclusions que s\u2019han presentat avui a la jornada \u201cLa transformaci\u00f3 digital de l\u2019enginyeria\u201d, organitzada per la METGEC amb l\u2019objectiu de reflexionar sobre l\u2019entorn digital de les activitats dels enginyers i treure\u2019n conclusions \u00fatils per avan\u00e7ar cap a la digitalitzaci\u00f3.<\/p>\n<p><img decoding=\"async\" loading=\"lazy\" class=\"wp-image-22384 alignleft\" src=\"http:\/\/www.monempresarial.com\/wp-content\/uploads\/2019\/11\/JORNADAMETGEC_01.jpeg\" alt=\"\" width=\"396\" height=\"264\" srcset=\"https:\/\/www.monempresarial.com\/wp-content\/uploads\/2019\/11\/JORNADAMETGEC_01-1024x683@2x.jpeg 2048w, https:\/\/www.monempresarial.com\/wp-content\/uploads\/2019\/11\/JORNADAMETGEC_01-300x200.jpeg 300w, https:\/\/www.monempresarial.com\/wp-content\/uploads\/2019\/11\/JORNADAMETGEC_01-1024x683.jpeg 1024w, https:\/\/www.monempresarial.com\/wp-content\/uploads\/2019\/11\/JORNADAMETGEC_01-252x167.jpeg 252w, https:\/\/www.monempresarial.com\/wp-content\/uploads\/2019\/11\/JORNADAMETGEC_01-300x200@2x.jpeg 600w, https:\/\/www.monempresarial.com\/wp-content\/uploads\/2019\/11\/JORNADAMETGEC_01-252x167@2x.jpeg 504w\" sizes=\"(max-width: 396px) 100vw, 396px\" \/><\/p>\n<p>L\u2019enquesta, que ha estat presentada pel president i vicepresident de la METGEC, Miquel Darn\u00e9s i Xavier Font, l\u2019han respost 509 enginyers, principalment enginyers de l\u2019\u00e0mbit industrial per\u00f2 tamb\u00e9 dels sectors de la geom\u00e0tica i la topografia, l\u2019enginyeria civil o la inform\u00e0tica, entre d\u2019altres. Els resultats evidencien aspectes com ara la desaparici\u00f3 del paper com a eina de comunicaci\u00f3 (m\u00e9s del 80% no l\u2019utilitzen mai), tamb\u00e9 la desaparici\u00f3 com a eina de treball (m\u00e9s del 80% no l\u2019utilitzengaireb\u00e9 gens) i tamb\u00e9 com a eina d\u2019emmagatzematge (nom\u00e9s el 8% emmagatzemen la informaci\u00f3 en suport paper de manera habitual). Pel qu\u00e8 fa a l\u2019\u00fas de les tecnologies, el 33\u20198% utilitza IoT, el 22\u20198% Big Data, el 17\u20197% rob\u00f2tica, i el 12% intel\u00b7lig\u00e8ncia artificial. Nom\u00e9s el 4\u20195% dels enquestats reballar amb realitat inform\u00e0tica i nom\u00e9s el 2\u20196% amb blockchain.<\/p>\n<p>Des dels Col\u00b7legis professionals de la METGEC, s\u2019aposta per accelerar el proc\u00e9s de digitalitzaci\u00f3 invertint en formaci\u00f3 i divulgaci\u00f3, i una de les accions que han anunciat \u00e9s la celebraci\u00f3 d\u2019una \u201cDiada de l\u2019Enginyeria\u201d dedicada a la transformaci\u00f3 digital la tardor de l\u2019any vinent.<\/p>\n<p>La jornada, que ha tingut lloc a la seu del col\u00b7legi ENGINYERS BCN, ha comptat amb la benvinguda del conseller de Pol\u00edtiques Digitals i Administraci\u00f3 P\u00fablica de la Generalitat de Catalunya, Jordi Puigner\u00f3,que ha reclamat m\u00e9s pres\u00e8ncia d\u2019enginyers a la pol\u00edtica, ja que \u201cels enginyers aporten rigor a l\u2019obra de govern\u201d, i ha explicat la tasca que est\u00e0 fent la Generalitat per tal que <strong>\u201cCatalunya es mantingui a l\u2019avantguarda i esdevingui un hub digital de l\u2019Europa del segle XXI\u201d<\/strong>. Puigner\u00f3 tamb\u00e9 ha criticat el <strong>\u201cdecretazo digital\u201d<\/strong> del govern espanyol <strong>\u201cque prohibeix la innovaci\u00f3 perqu\u00e8 impedeix que l\u2019administraci\u00f3 pugui innovar en determinades tecnologies per a prestar serveis\u201d<\/strong>.<\/p>\n<p>Tot seguit, el gaireb\u00e9 centenar d\u2019assistents presents a la jornada han pogut escoltar la pon\u00e8ncia del professor de la Universitat Polit\u00e8cnica de Val\u00e8ncia especialista en enginyeria digital Ra\u00fal Fuentes, i una taula moderada pel periodista Albert Cuesta amb la participaci\u00f3 del president d\u2019Eurecat, Xavier Torra; el vicepresident mundial d\u2019HP, Ramon Pastor; i la presidenta de la Societat Catalana de Tecnologia, N\u00faria Salan. Despr\u00e9s de la taula rodona han exposat casos pr\u00e0ctics el directiu del Barcelona Supercomputing Center, Fernando Cuchietti; el fundador d\u2019Effitronix, Llu\u00eds Verdaguer; i el membre de l\u2019Institut Cartogr\u00e0fic i Geol\u00f2gic de Catalunya Antoni Magari\u00f1os.<img decoding=\"async\" loading=\"lazy\" class=\" wp-image-22386 alignleft\" src=\"http:\/\/www.monempresarial.com\/wp-content\/uploads\/2019\/11\/JORNADAMETGEC_02.jpeg\" alt=\"\" width=\"383\" height=\"255\" srcset=\"https:\/\/www.monempresarial.com\/wp-content\/uploads\/2019\/11\/JORNADAMETGEC_02.jpeg 709w, https:\/\/www.monempresarial.com\/wp-content\/uploads\/2019\/11\/JORNADAMETGEC_02-300x200.jpeg 300w, https:\/\/www.monempresarial.com\/wp-content\/uploads\/2019\/11\/JORNADAMETGEC_02-252x167.jpeg 252w, https:\/\/www.monempresarial.com\/wp-content\/uploads\/2019\/11\/JORNADAMETGEC_02-300x200@2x.jpeg 600w, https:\/\/www.monempresarial.com\/wp-content\/uploads\/2019\/11\/JORNADAMETGEC_02-252x167@2x.jpeg 504w\" sizes=\"(max-width: 383px) 100vw, 383px\" \/><\/p>\n<p>A la cloenda, Miquel Darn\u00e9s, deg\u00e0 del Col\u00b7legi d\u2019Enginyers Graduats i Enginyers T\u00e8cnics industrials de Barcelona i president de METGEC ha volgut remarcar que<strong> \u201ca Catalunya hi ha molt talent\u201d<\/strong> i que <strong>\u201ccal posar tot aquest talent al servei de la transformaci\u00f3 digital, fet que \u00e9s precisament un dels principals objectius de la METGEC\u201d<\/strong>.<\/p>\n<p><strong>La METGEC<\/strong><br \/>\nLa Mesa d\u2019Enginyeria T\u00e8cnica i de Graduats en Enginyeria de Catalunya (METGEC) es va fundar el passat setembre de 2018 amb l\u2019objectiu de posar en valor les titulacions dels enginyers t\u00e8cnics i de grau i de defensar els interessos comuns de les professions. Es tracta d\u2019una associaci\u00f3 que ha de servir per potenciar els lligams entre tots els col\u00b7legis professionals de les diverses especialitats i per fixar posicionaments estrat\u00e8gics de consens.<\/p>\n<p>Formen la METGEC tretze col\u00b7legis de l\u2019\u00e0mbit territorial catal\u00e0 que apleguen m\u00e9s de quinze mil col\u00b7legiats de les especialitats d\u2019Aeron\u00e0utica, Agr\u00edcola, Forestal, Industrial, Inform\u00e0tica, Mines, Obres P\u00fabliques, Telecomunicacions i Top\u00f2grafs.<\/p>\n","protected":false},"excerpt":{"rendered":"<p>Una enquesta dels col\u00b7legis d&#8217;enginyers revela que transformaci\u00f3 digital del sector es fa m\u00e9s lentament del que caldria<\/p>\n","protected":false},"author":1,"featured_media":22388,"comment_status":"open","ping_status":"open","sticky":false,"template":"","format":"standard","meta":{"_mi_skip_tracking":false,"mc4wp_mailchimp_campaign":[],"jnews-multi-image_gallery":[],"jnews_single_post":[],"jnews_primary_category":[]},"categories":[5694,10820,10821,10,10825],"tags":[1964,4893,4953],"_links":{"self":[{"href":"https:\/\/www.monempresarial.com\/ca\/wp-json\/wp\/v2\/posts\/22383"}],"collection":[{"href":"https:\/\/www.monempresarial.com\/ca\/wp-json\/wp\/v2\/posts"}],"about":[{"href":"https:\/\/www.monempresarial.com\/ca\/wp-json\/wp\/v2\/types\/post"}],"author":[{"embeddable":true,"href":"https:\/\/www.monempresarial.com\/ca\/wp-json\/wp\/v2\/users\/1"}],"replies":[{"embeddable":true,"href":"https:\/\/www.monempresarial.com\/ca\/wp-json\/wp\/v2\/comments?post=22383"}],"version-history":[{"count":1,"href":"https:\/\/www.monempresarial.com\/ca\/wp-json\/wp\/v2\/posts\/22383\/revisions"}],"predecessor-version":[{"id":46149,"href":"https:\/\/www.monempresarial.com\/ca\/wp-json\/wp\/v2\/posts\/22383\/revisions\/46149"}],"wp:featuredmedia":[{"embeddable":true,"href":"https:\/\/www.monempresarial.com\/ca\/wp-json\/wp\/v2\/media\/22388"}],"wp:attachment":[{"href":"https:\/\/www.monempresarial.com\/ca\/wp-json\/wp\/v2\/media?parent=22383"}],"wp:term":[{"taxonomy":"category","embeddable":true,"href":"https:\/\/www.monempresarial.com\/ca\/wp-json\/wp\/v2\/categories?post=22383"},{"taxonomy":"post_tag","embeddable":true,"href":"https:\/\/www.monempresarial.com\/ca\/wp-json\/wp\/v2\/tags?post=22383"}],"curies":[{"name":"wp","href":"https:\/\/api.w.org\/{rel}","templated":true}]}}