{"id":22397,"date":"2019-11-20T13:48:08","date_gmt":"2019-11-20T12:48:08","guid":{"rendered":"http:\/\/www.monempresarial.com\/?p=22397"},"modified":"2025-06-06T10:14:03","modified_gmt":"2025-06-06T08:14:03","slug":"la-escuela-de-negocios-esic-reconoce-el-festival-cruilla-barcelona-con-el-premio-aster-de-innovacion-digital","status":"publish","type":"post","link":"https:\/\/www.monempresarial.com\/ca\/2019\/11\/20\/la-escuela-de-negocios-esic-reconoce-el-festival-cruilla-barcelona-con-el-premio-aster-de-innovacion-digital\/","title":{"rendered":"L\u2019Escola de negocis ESIC <\/span>reconeix el Festival Cru\u00eflla Barcelona amb el premi Aster d\u2019Innovaci\u00f3 digital"},"content":{"rendered":"<h6><strong>FOTO:<\/strong> <a href=\"https:\/\/www.esic.edu\/\">ESIC<\/a><\/h6>\n<p><strong>El Palau de Congressos de la Fira de Barcelona acull la 37\u00aa edici\u00f3 dels Premis Aster d\u2019<a href=\"https:\/\/www.esic.edu\/\">ESIC<\/a>, en la qual tamb\u00e9 es reconeix la traject\u00f2ria empresarial de Girbau S.A., Solsona Comunicaci\u00f3 i Vallformosa, i la tasca en comunicaci\u00f3 i m\u00e0rqueting d\u2019Estrella Damm, Jordi Hurtado, Grupo AC Marca i C\u00e0ritas<\/strong><\/p>\n<p>L\u2019Escola de negocis <a href=\"https:\/\/www.esic.edu\/\">ESIC<\/a> va celebrar el passat dimecres 20 de novembre la 37a edici\u00f3 a nivell nacional dels Premis Aster, uns guardons que la Instituci\u00f3 atorga anualment a empreses, professionals i institucions en reconeixement als m\u00e8rits assolits en la seva activitat professional. El lliurament dels premis es va celebrar al Palau de Congressos de Fira de Barcelona, en el marc de la Cerim\u00f2nia de Graduaci\u00f3 dels alumnes de Grau i Postgrau de la promoci\u00f3 2018-2019, on prop de 600 estudiants d\u2019<a href=\"https:\/\/www.esic.edu\/\">ESIC<\/a> van recollir el seu t\u00edtol com a culminaci\u00f3 de la seva etapa acad\u00e8mica en els dos Campus que la Instituci\u00f3 t\u00e9 a Barcelona.<\/p>\n<blockquote>\n<h2><span style=\"color: #000000;\">La 37a edici\u00f3 dels premis ha reconegut els m\u00e8rits en tres categories diferents: la categoria d\u2019Innovaci\u00f3 Digital, la categoria de Traject\u00f2ria Empresarial i la de Comunicaci\u00f3 i M\u00e0rqueting <\/span><\/h2>\n<\/blockquote>\n<p>La 37a edici\u00f3 dels premis ha reconegut els m\u00e8rits en tres categories diferents: la categoria d\u2019Innovaci\u00f3 Digital, la categoria de Traject\u00f2ria Empresarial i la de Comunicaci\u00f3 i M\u00e0rqueting. En la categoria d\u2019Innovaci\u00f3 Digital el guard\u00f3 ha estat atorgat al Festival Cru\u00eflla Barcelona, mentre que el premi a la traject\u00f2ria Empresarial ha anat dedicat a Girbau S.A, en la subcategoria de grans empreses, i a Vallformosa i Solsona Comunicaci\u00f3 <em>ex aequo\u00b8<\/em> en la subcategoria de Pimes.<\/p>\n<p>Pel que fa a la millor comunicaci\u00f3 Empresarial del curs 2018-2019, <a href=\"https:\/\/www.esic.edu\/\">ESIC<\/a> ha decidit premiar Estrella Damm, per la campanya \u2018\u00c0nima\u2019 i \u2018Amants\u2019, mentre que el Premi Aster de Comunicaci\u00f3 Professional ha estat atorgat al periodista i presentador Jordi Hurtado. Finalment, a l\u2019acte s\u2019han entregat dos premis m\u00e9s: el Premi Aster de M\u00e0rqueting, que ha estat entregat a Grupo AC Marca per la gama de productes \u2018Sanytol\u2019, i el premi Aster M\u00e0rqueting i Valors que ha reconegut la campanya \u2018Tots tenim un \u00e0ngel\u2019 impulsada per C\u00e0ritas.<\/p>\n","protected":false},"excerpt":{"rendered":"<p>El Palau de Congressos de Fira de Barcelona acoge la 37\u00aa edici\u00f3n de los premios Aster de ESIC, d\u00f3nde tambi\u00e9n se reconoce la trayectoria empresarial de Girbau S.A., Solsona Comunicaci\u00f3 y Vallformosa, y el trabajo en Comunicaci\u00f3n y Marketing de Estrella Damm, Jordi Hurtado, Grupo AC Marca y C\u00e1ritas<\/p>\n","protected":false},"author":1,"featured_media":22459,"comment_status":"open","ping_status":"open","sticky":false,"template":"","format":"standard","meta":{"_mi_skip_tracking":false,"mc4wp_mailchimp_campaign":[],"jnews-multi-image_gallery":[],"jnews_single_post":[],"jnews_primary_category":[]},"categories":[5694,10820,10821,10,10825],"tags":[181,270,290,5187,5330,8083],"_links":{"self":[{"href":"https:\/\/www.monempresarial.com\/ca\/wp-json\/wp\/v2\/posts\/22397"}],"collection":[{"href":"https:\/\/www.monempresarial.com\/ca\/wp-json\/wp\/v2\/posts"}],"about":[{"href":"https:\/\/www.monempresarial.com\/ca\/wp-json\/wp\/v2\/types\/post"}],"author":[{"embeddable":true,"href":"https:\/\/www.monempresarial.com\/ca\/wp-json\/wp\/v2\/users\/1"}],"replies":[{"embeddable":true,"href":"https:\/\/www.monempresarial.com\/ca\/wp-json\/wp\/v2\/comments?post=22397"}],"version-history":[{"count":1,"href":"https:\/\/www.monempresarial.com\/ca\/wp-json\/wp\/v2\/posts\/22397\/revisions"}],"predecessor-version":[{"id":46148,"href":"https:\/\/www.monempresarial.com\/ca\/wp-json\/wp\/v2\/posts\/22397\/revisions\/46148"}],"wp:featuredmedia":[{"embeddable":true,"href":"https:\/\/www.monempresarial.com\/ca\/wp-json\/wp\/v2\/media\/22459"}],"wp:attachment":[{"href":"https:\/\/www.monempresarial.com\/ca\/wp-json\/wp\/v2\/media?parent=22397"}],"wp:term":[{"taxonomy":"category","embeddable":true,"href":"https:\/\/www.monempresarial.com\/ca\/wp-json\/wp\/v2\/categories?post=22397"},{"taxonomy":"post_tag","embeddable":true,"href":"https:\/\/www.monempresarial.com\/ca\/wp-json\/wp\/v2\/tags?post=22397"}],"curies":[{"name":"wp","href":"https:\/\/api.w.org\/{rel}","templated":true}]}}