{"id":22441,"date":"2019-11-21T10:00:14","date_gmt":"2019-11-21T09:00:14","guid":{"rendered":"http:\/\/www.monempresarial.com\/?p=22441"},"modified":"2025-06-06T10:13:52","modified_gmt":"2025-06-06T08:13:52","slug":"keyu-jin-una-joven-guru-internacional","status":"publish","type":"post","link":"https:\/\/www.monempresarial.com\/ca\/2019\/11\/21\/keyu-jin-una-joven-guru-internacional\/","title":{"rendered":"Keyu Jin:<\/span> Una jove guru internacional"},"content":{"rendered":"<p><img decoding=\"async\" loading=\"lazy\" class=\"wp-image-22430 alignright\" src=\"https:\/\/www.monempresarial.com\/wp-content\/uploads\/2019\/11\/IMG_20190704_113219.jpg\" alt=\"\" width=\"309\" height=\"284\" srcset=\"https:\/\/www.monempresarial.com\/wp-content\/uploads\/2019\/11\/IMG_20190704_113219.jpg 709w, https:\/\/www.monempresarial.com\/wp-content\/uploads\/2019\/11\/IMG_20190704_113219-300x275.jpg 300w, https:\/\/www.monempresarial.com\/wp-content\/uploads\/2019\/11\/IMG_20190704_113219-300x275@2x.jpg 600w\" sizes=\"(max-width: 309px) 100vw, 309px\" \/><\/p>\n<p><strong>Keyu Jin, Doctora per Harvard, \u00e9s professora de la London School of Economics i publica al <em>Financial Times<\/em> defensant la posici\u00f3 xinesa i enumerant les debilitats de Trump. Al II CESC (Congr\u00e9s Internacional de la Societat Catalana d\u2019Economia, 24-25 maig del 2019) aquesta jove guru va analitzar per qu\u00e8 la Rep\u00fablica Popular Xinesa pot considerar la posici\u00f3 del president dels EUA en realitat beneficiosa malgrat les tensions comercials. Per\u00f2 abans d\u2019estendre\u2019m en la seva argumentaci\u00f3, deixin-me parlar d\u2019ella a trav\u00e9s de la seva visi\u00f3 de la nova generaci\u00f3 xinesa, la que ha de prendre el poder aviat, i, en concret, del paper de les dones.<\/strong><\/p>\n<h4>Text: <span style=\"color: #cc8215;\">\u00a0Antoni Montserrat.<\/span><\/h4>\n<p><strong>Secretari de la Societat Catalana d\u2019Economia.<\/strong><\/p>\n<hr style=\"color: #b72126;\" \/>\n<p>La pol\u00edtica del fill \u00fanic ha portat la Xina, diu ella en una recent confer\u00e8ncia sobre el paper de les dones, cap a una societat on la joventut rep el 25% de la renda familiar en forma d\u2019educaci\u00f3. Una renda familiar encara baixa -comparable a la d\u2019Alb\u00e0nia a Europa- que significa, en canvi, una joventut superformada, superintegrada digitalment i globalitzada, amb milers de joves que han estudiat a l\u2019estranger. La pol\u00edtica del fill \u00fanic ha comportat, tamb\u00e9, la promoci\u00f3 de les nenes, abans preferides, de fet, pels germans. Keyu Jin, per exemple, va ser nomenada Young Global Leader del 2014 pel World Economic Forum de Davos.<\/p>\n<h2><span style=\"color: #cc8215;\"><img decoding=\"async\" loading=\"lazy\" class=\" wp-image-22410 alignright\" src=\"https:\/\/www.monempresarial.com\/wp-content\/uploads\/2019\/11\/1-guru.jpg\" alt=\"\" width=\"235\" height=\"191\" srcset=\"https:\/\/www.monempresarial.com\/wp-content\/uploads\/2019\/11\/1-guru.jpg 439w, https:\/\/www.monempresarial.com\/wp-content\/uploads\/2019\/11\/1-guru-300x244.jpg 300w, https:\/\/www.monempresarial.com\/wp-content\/uploads\/2019\/11\/1-guru-72x60.jpg 72w, https:\/\/www.monempresarial.com\/wp-content\/uploads\/2019\/11\/1-guru-72x60@2x.jpg 144w\" sizes=\"(max-width: 235px) 100vw, 235px\" \/><\/span><\/h2>\n<blockquote>\n<h2><span style=\"color: #cc8215;\">La Xina del futur no tindr\u00e0 com a caracter\u00edstica essencial la ind\u00fastria sin\u00f3 el coneixement, la nova economia<\/span><\/h2>\n<\/blockquote>\n<p>Aquesta inversi\u00f3 en educaci\u00f3 significa el gran salt endavant que inicialment va idear Mao, sense \u00e8xit, per a la ind\u00fastria, tot i que, despr\u00e9s, a partir de les reformes del 1978, la Xina ja es considera com la f\u00e0brica del M\u00f3n. Keyu Jin, per\u00f2, ens diu que la Xina del futur no tindr\u00e0 com a caracter\u00edstica essencial la ind\u00fastria sin\u00f3 el coneixement, la nova economia.<\/p>\n<p>La guru estima que les seves opinions no han de coincidir necess\u00e0riament amb les del seu pare, Jin Liqun (transcrit amb el cognom familiar en primer lloc, com podeu veure, a difer\u00e8ncia de la filla, que el posa en segon lloc, a la manera occidental). Jin Liqun \u00e9s un important dirigent xin\u00e8s, ara responsable del Banc P\u00fablic Internacional (AIIB), promogut per Pequ\u00edn despr\u00e9s d\u2019adquirir experi\u00e8ncia al Banc Mundial i d\u2019haver publicat en col\u00b7laboraci\u00f3 amb el seu -aleshores- vicepresident, Richard Stern. A l\u2019AIIB hi participen no solament pa\u00efsos asi\u00e0tics, sin\u00f3 tamb\u00e9 europeus. Poca gr\u00e0cia li deu fer a Trump, tot que no sigui devot del Banc Mundial. Aquesta \u00e9s l\u2019estrat\u00e8gia xinesa de la Ruta de la Seda i de la cooperaci\u00f3 amb \u00c0frica.<\/p>\n<p><strong><span style=\"color: #cc8215;\"><strong>Estrat\u00e8gia a llarg termini vs. t\u00e0ctica a curt termini<\/strong><\/span><\/strong><br \/>\nRecordem la frase del dirigent pol\u00edtic Xu En Lai quan li van demanar qu\u00e8 en pensava, de la Revoluci\u00f3 francesa; va respondre que potser era massa d\u2019hora per opinar. Tal com ens ha recordat Xavier Vives (professor IESE i membre de l\u2019IEC) en glossar, precisament, el debat mantingut per Keyu Jin a l\u2019esmentada II Catalan Economic Society Conference, l\u2019estrat\u00e8gia xinesa \u00e9s a llarg termini. Trump, en canvi, \u00e9s un t\u00e0ctic: compra i ven, acomiada i nomena a curt termini en les seves piulades matinals. Per\u00f2 pot fer mal a l\u2019economia xinesa -i a la nostra- amb els aranzels elevats, i ens pot arrossegar a un m\u00f3n retallat en zones i amb tecnologies incompatibles, a m\u00e9s. La detenci\u00f3 d\u2019una altra economista xinesa -i tamb\u00e9 filla de dirigent-, al Canad\u00e0, amb l\u2019aparent objectiu de fer xantatge a Huawei, a qui Trump acusa d\u2019estar al servei del Govern xin\u00e8s, pot comportar, en efecte, el desenvolupament de programaris diferenciats per al 5G, com ja la Xina t\u00e9 el seu Amazon (Al\u00ed Baba).<\/p>\n<p>Andreu Mas-Colell, tamb\u00e9 membre de l\u2019IEC i president del Comit\u00e8 cient\u00edfic del primer Congr\u00e9s de la Societat Catalana d\u2019Economia (I CESC), com Vives ho ha estat del segon, tamb\u00e9 es referia al debat amb Keyu Jin en un article al diari <em>Ara<\/em>, i assenyalava la seva preocupaci\u00f3 per les conseq\u00fc\u00e8ncies a curt termini de la guerra comercial en qu\u00e8 ens veiem implicats els europeus, b\u00e9 per pressions directes (aquests dies Trump acusant Draghi de <em>dumping<\/em> monetari en voler mantenir baix l\u2019euro), b\u00e9 per les indirectes que, en aquest m\u00f3n globalitzat, comporta la batalla EUA-Xina.<\/p>\n<p>Ens trobem, doncs, amb una defensa sui generis de la globalitzaci\u00f3 per part dels pensadors xinesos davant d\u2019una visi\u00f3 m\u00e9s proteccionista per part d\u2019Estats Units. I la reuni\u00f3 del G20 d\u2019Osaka del darrer cap de setmana del juny en va tornar a ser camp de discussi\u00f3, com ja ho \u00e9s \u00a0la reuni\u00f3 anual de Davos.<\/p>\n<p><strong><span style=\"color: #cc8215;\"><strong>An\u00e0lisi del model de creixement xin\u00e8s<img decoding=\"async\" loading=\"lazy\" class=\"wp-image-22446 alignright\" src=\"https:\/\/www.monempresarial.com\/wp-content\/uploads\/2019\/11\/2-guru-cat-1.jpg\" alt=\"\" width=\"271\" height=\"391\" srcset=\"https:\/\/www.monempresarial.com\/wp-content\/uploads\/2019\/11\/2-guru-cat-1.jpg 484w, https:\/\/www.monempresarial.com\/wp-content\/uploads\/2019\/11\/2-guru-cat-1-208x300.jpg 208w, https:\/\/www.monempresarial.com\/wp-content\/uploads\/2019\/11\/2-guru-cat-1-208x300@2x.jpg 416w\" sizes=\"(max-width: 271px) 100vw, 271px\" \/><\/strong><\/span><\/strong><br \/>\nKeyu Jin ha analitzat en diversos articles en revistes professionals com l\u2019<em>American Economic Review <\/em>el model de creixement xin\u00e8s. Tot lloant l\u2019espectacular boom dels darrers 50 anys, assenyala, per\u00f2, que la Xina t\u00e9 i tindr\u00e0 molts problemes si continua linealment la seva pol\u00edtica industrial centrada en subsidis a la producci\u00f3 i, sobretot, a l\u2019exportaci\u00f3. Els esteroides, potser bons per un temps, no fan m\u00e9s que tapar el problema de productivitat, per\u00f2 no el solucionen (des del deute p\u00fablic a la sobrecapacitat en la ind\u00fastria pesant, passant per la p\u00e8rdua de pes relatiu dels salaris -d\u2019aqu\u00ed la pol\u00edtica de mercat interior de Xi Jinping- o l\u2019exist\u00e8ncia d\u2019empreses zombis no rendibles). Per aix\u00f2, Keyu Jin, que \u00e9s assessora del Gobern, proposa el retorn cap al mercat interior i l\u2019acceptaci\u00f3 d\u2019una pol\u00edtica comercial exterior menys agressiva en quant als b\u00e9ns, a m\u00e9s de l\u2019acceptaci\u00f3 d\u2019un cert control de la propietat intel\u00b7lectual.<\/p>\n<p>L\u2019altre aspecte que la guru ha analitzat \u00e9s el de la transmissi\u00f3 internacional de la diferent conducta de les inversions intensives en capital i dels sectors intensius en treball. L\u2019un t\u00e9 un comportament contrac\u00edclic, l\u2019altre, proc\u00edclic.<\/p>\n<p>La Xina t\u00e9 la caracter\u00edstica de ser simult\u00e0niament pa\u00eds en desenvolupament i de liderar el desenvolupament tecnol\u00f2gic. I aquest <em>sorpasso<\/em> el fa quan encara no \u00e9s m\u00e9s que el 25% en volum del que s\u00f3n els Estats Units.<\/p>\n<p>Osaka, per la seva banda, ha estat una gran cru\u00eflla marcada per la campanya electoral nord-americana, pressi\u00f3, diu Keyu Jin, que no t\u00e9 Xi Jinping, qui, en tot cas, ha de controlar la dissid\u00e8ncia interna, no el resultat de les eleccions. Segur, per\u00f2, que la generaci\u00f3 de Keyu Jin marcar\u00e0 els propers anys de la Xina, i, per tant, de molts de nosaltres.<\/p>\n<p><strong><img decoding=\"async\" loading=\"lazy\" class=\"aligncenter wp-image-21563 \" src=\"https:\/\/www.monempresarial.com\/wp-content\/uploads\/2019\/09\/contrapunto-cat.jpg\" alt=\"\" width=\"612\" height=\"154\" srcset=\"https:\/\/www.monempresarial.com\/wp-content\/uploads\/2019\/09\/contrapunto-cat.jpg 751w, https:\/\/www.monempresarial.com\/wp-content\/uploads\/2019\/09\/contrapunto-cat-300x75.jpg 300w, https:\/\/www.monempresarial.com\/wp-content\/uploads\/2019\/09\/contrapunto-cat-300x75@2x.jpg 600w\" sizes=\"(max-width: 612px) 100vw, 612px\" \/><\/strong><\/p>\n<h1><span style=\"color: #cc8215;\"><strong><img decoding=\"async\" loading=\"lazy\" class=\" wp-image-21531 alignleft\" src=\"https:\/\/www.monempresarial.com\/wp-content\/uploads\/2019\/07\/aroqueta_edu.jpg\" alt=\"\" width=\"301\" height=\"301\" srcset=\"https:\/\/www.monempresarial.com\/wp-content\/uploads\/2019\/07\/aroqueta_edu.jpg 737w, https:\/\/www.monempresarial.com\/wp-content\/uploads\/2019\/07\/aroqueta_edu-150x150.jpg 150w, https:\/\/www.monempresarial.com\/wp-content\/uploads\/2019\/07\/aroqueta_edu-300x300.jpg 300w, https:\/\/www.monempresarial.com\/wp-content\/uploads\/2019\/07\/aroqueta_edu-300x300@2x.jpg 600w\" sizes=\"(max-width: 301px) 100vw, 301px\" \/>La pol\u00edtica de fill \u00fanic i el seu impacte en temes d\u2019igualtat de g\u00e8nere<\/strong><\/span><\/h1>\n<h4>Text: <span style=\"color: #cc8215;\">\u00c0ngels Roqueta. <\/span><\/h4>\n<p><strong>PhD, economista, auditora i advocada. S\u00f2cia de COMPAS PROFESSIONAL EXPERTISE, SL.<\/strong><\/p>\n<p>La pol\u00edtica del fill \u00fanic duta a terme a la Xina des dels anys 80 ha comportat que, en aquests moments, la societat xinesa tingui una generaci\u00f3 amb un nivell de formaci\u00f3 universit\u00e0ria amb ratis similars, o fins i tot superiors, als de molts pa\u00efsos desenvolupats.<\/p>\n<p>Durant les \u00faltimes d\u00e8cades, les fam\u00edlies xineses han destinat m\u00e9s del 25% dels ingressos a la formaci\u00f3 dels seus fills. Com que nom\u00e9s tenien un fill, aquest ha rebut tota l\u2019assignaci\u00f3 i, per tant, s\u2019ha format i ha accedit a la universitat: actualment hi ha m\u00e9s de 400.000 estudiants formant-se a l\u2019estranger.\u00a0 En el cas de les fam\u00edlies amb bessons, aquesta inversi\u00f3 en educaci\u00f3 s\u2019ha dividit entre tots dos, reduint-ne els nivells formatius, segons ha constatat la recerca de la Dra. Keyu Jin.<\/p>\n<p>En el balan\u00e7 de g\u00e8nere, a nivell poblaci\u00f3, hi ha un 120% d\u2019homes enfront d\u2019100% de dones. Aquesta escassetat de dones \u00e9s la primera vegada que es produeix a nivell mundial, i comporta un fenomen que s\u2019anomena \u201cl\u2019era d\u2019or de les dones\u201d.<\/p>\n<p>Les caracter\u00edstiques d\u2019aquesta era d\u2019or de les dones son v\u00e0ries:<\/p>\n<p style=\"padding-left: 40px;\"><img decoding=\"async\" loading=\"lazy\" class=\"wp-image-22434 size-full alignleft\" src=\"https:\/\/www.monempresarial.com\/wp-content\/uploads\/2019\/11\/3-guru-cat-1.jpg\" alt=\"\" width=\"404\" height=\"346\" srcset=\"https:\/\/www.monempresarial.com\/wp-content\/uploads\/2019\/11\/3-guru-cat-1.jpg 404w, https:\/\/www.monempresarial.com\/wp-content\/uploads\/2019\/11\/3-guru-cat-1-300x257.jpg 300w\" sizes=\"(max-width: 404px) 100vw, 404px\" \/><\/p>\n<p style=\"padding-left: 520px;\"><strong><img decoding=\"async\" loading=\"lazy\" class=\"size-full wp-image-22420 alignleft\" src=\"https:\/\/www.monempresarial.com\/wp-content\/uploads\/2019\/11\/a-guru.jpg\" alt=\"\" width=\"40\" height=\"40\" \/><span style=\"color: #cc8215;\">A)<\/span><\/strong> S\u2019eduquen les criatures en igualtat entre home-dona, perqu\u00e8 totes les fam\u00edlies volen el millor per al seu fill, amb independ\u00e8ncia del sexe.<\/p>\n<p style=\"padding-left: 520px;\"><img decoding=\"async\" loading=\"lazy\" class=\"size-full wp-image-22422 alignleft\" src=\"https:\/\/www.monempresarial.com\/wp-content\/uploads\/2019\/11\/b-guru.jpg\" alt=\"\" width=\"40\" height=\"40\" \/><\/p>\n<p style=\"padding-left: 520px;\"><span style=\"color: #cc8215;\"><strong>B) <\/strong><\/span>El nivell d\u2019educaci\u00f3 de les noies \u00e9s el m\u00e9s alt de la hist\u00f2ria.<\/p>\n<p style=\"padding-left: 160px;\"><strong><img decoding=\"async\" loading=\"lazy\" class=\"size-full wp-image-22424 alignnone\" src=\"https:\/\/www.monempresarial.com\/wp-content\/uploads\/2019\/11\/c-guru.jpg\" alt=\"\" width=\"40\" height=\"40\" \/>\u00a0 \u00a0<span style=\"color: #cc8215;\"> C) <\/span><\/strong>A nivell familiar, la pressi\u00f3 sobre les noies recau a formar-se, i, sobretot, per formar-se en aquelles mat\u00e8ries que comporten un millor futur, com ara les de caire financer o econ\u00f2mic, deixant de banda les human\u00edstiques o les menys pr\u00e0ctiques o de menys retorn econ\u00f2mic.<\/p>\n<p style=\"padding-left: 520px;\"><img decoding=\"async\" loading=\"lazy\" class=\"size-full wp-image-22428 alignleft\" src=\"https:\/\/www.monempresarial.com\/wp-content\/uploads\/2019\/11\/e-guru.jpg\" alt=\"\" width=\"40\" height=\"40\" \/><span style=\"color: #cc8215;\"><strong>D) <\/strong><\/span>Com que hi ha m\u00e9s homes que dones, aquestes s\u00f3n considerades un b\u00e9 esc\u00e0s en termes de candidates al matrimoni. Per tant, s\u00f3n elles les que trien i escullen entre els diversos pretendents.<\/p>\n<p style=\"padding-left: 520px;\"><img decoding=\"async\" loading=\"lazy\" class=\"size-full wp-image-22426 alignleft\" src=\"https:\/\/www.monempresarial.com\/wp-content\/uploads\/2019\/11\/d-guru.jpg\" alt=\"\" width=\"40\" height=\"40\" \/><span style=\"color: #cc8215;\"><strong>E) <\/strong><\/span>Les fam\u00edlies que tenen un fill (home) en edat de casar-se, estalvien per poder presentar un futur econ\u00f2mic millor a la futura fam\u00edlia.<\/p>\n<p>Aquests paradigmes tenen el seu contrapunt en termes d\u2019egocentrisme, frustracions o despotisme. Per\u00f2 el que \u00e9s indubtable \u00e9s que s\u2019est\u00e0 produint un canvi a la societat xinesa, \u00a0que en aquest canvi tindran una import\u00e0ncia vital les dones professionals amb tot el que comporta de canvi en els valors. \u00c9s clar que la Xina, pel fet del seu pes relatiu mundial tan gran, quan es mou com un transatl\u00e0ntic, genera turbul\u00e8ncies a tot el que l\u2019envolta.<\/p>\n","protected":false},"excerpt":{"rendered":"<p>Keyu Jin, Doctora per Harvard, \u00e9s professora de la London School of Economics i publica al Financial Times defensant la posici\u00f3 xinesa i enumerant les debilitats de Trump. Al II CESC (Congr\u00e9s Internacional de la Societat Catalana d\u2019Economia, 24-25 maig del 2019) aquesta jove guru va analitzar per qu\u00e8 la Rep\u00fablica Popular Xinesa pot considerar la posici\u00f3 del president dels EUA en realitat beneficiosa malgrat les tensions comercials. Per\u00f2 abans d\u2019estendre\u2019m en la seva argumentaci\u00f3, deixin-me parlar d\u2019ella a trav\u00e9s de la seva visi\u00f3 de la nova generaci\u00f3 xinesa, la que ha de prendre el poder aviat, i, en concret, del paper de les dones.<\/p>\n","protected":false},"author":1,"featured_media":22432,"comment_status":"closed","ping_status":"closed","sticky":false,"template":"","format":"standard","meta":{"_mi_skip_tracking":false,"mc4wp_mailchimp_campaign":[],"jnews-multi-image_gallery":[],"jnews_single_post":[],"jnews_primary_category":[]},"categories":[9,10820,10821,10822,5057],"tags":[1416,4644,5518,5840,5850,6140,7620],"_links":{"self":[{"href":"https:\/\/www.monempresarial.com\/ca\/wp-json\/wp\/v2\/posts\/22441"}],"collection":[{"href":"https:\/\/www.monempresarial.com\/ca\/wp-json\/wp\/v2\/posts"}],"about":[{"href":"https:\/\/www.monempresarial.com\/ca\/wp-json\/wp\/v2\/types\/post"}],"author":[{"embeddable":true,"href":"https:\/\/www.monempresarial.com\/ca\/wp-json\/wp\/v2\/users\/1"}],"replies":[{"embeddable":true,"href":"https:\/\/www.monempresarial.com\/ca\/wp-json\/wp\/v2\/comments?post=22441"}],"version-history":[{"count":1,"href":"https:\/\/www.monempresarial.com\/ca\/wp-json\/wp\/v2\/posts\/22441\/revisions"}],"predecessor-version":[{"id":46147,"href":"https:\/\/www.monempresarial.com\/ca\/wp-json\/wp\/v2\/posts\/22441\/revisions\/46147"}],"wp:featuredmedia":[{"embeddable":true,"href":"https:\/\/www.monempresarial.com\/ca\/wp-json\/wp\/v2\/media\/22432"}],"wp:attachment":[{"href":"https:\/\/www.monempresarial.com\/ca\/wp-json\/wp\/v2\/media?parent=22441"}],"wp:term":[{"taxonomy":"category","embeddable":true,"href":"https:\/\/www.monempresarial.com\/ca\/wp-json\/wp\/v2\/categories?post=22441"},{"taxonomy":"post_tag","embeddable":true,"href":"https:\/\/www.monempresarial.com\/ca\/wp-json\/wp\/v2\/tags?post=22441"}],"curies":[{"name":"wp","href":"https:\/\/api.w.org\/{rel}","templated":true}]}}