{"id":22481,"date":"2019-11-29T11:29:46","date_gmt":"2019-11-29T10:29:46","guid":{"rendered":"http:\/\/www.monempresarial.com\/?p=22481"},"modified":"2025-06-06T10:13:47","modified_gmt":"2025-06-06T08:13:47","slug":"mon-empresarial-rep-el-premi-periodistic-a-la-millor-informacio-economica-dauditoria-del-collegi-de-censors-jurats-de-comptes-de-catalunya","status":"publish","type":"post","link":"https:\/\/www.monempresarial.com\/ca\/2019\/11\/29\/mon-empresarial-rep-el-premi-periodistic-a-la-millor-informacio-economica-dauditoria-del-collegi-de-censors-jurats-de-comptes-de-catalunya\/","title":{"rendered":"M\u00f3n Empresarial rep el Premi period\u00edstic a la millor informaci\u00f3 econ\u00f2mica d\u2019auditoria <\/span>del Col\u00b7legi de Censors Jurats de Comptes de Catalunya"},"content":{"rendered":"<ul>\n<li><strong>Amb motiu del dia de l\u2019auditor, el Col\u00b7legi de Censors Jurats de Comptes tamb\u00e9 reconeix l\u2019Oficina Antifrau de Catalunya i distingeix l\u2019economista Jos\u00e9 Mar\u00eda Gay de Li\u00e9bana amb el t\u00edtol d\u2019Auditor Distingit 2019<\/strong><\/li>\n<\/ul>\n<ul>\n<li><strong>El guard\u00f3 se suma als ja atorgats a la publicaci\u00f3 per PIMEC, el Col\u00b7legi d\u2019Economistes de Catalunya i el Col\u00b7legi Oficial d\u2019Enginyers T\u00e8cnics de Telecomunicacions <\/strong><\/li>\n<\/ul>\n<p><strong>\u00a0<\/strong>El Col\u00b7legi de Censors Jurats de Comptes de Catalunya ha distingit la revista especialitzada en economia i empresa M\u00f3n Empresarial amb el Premi period\u00edstic a la millor informaci\u00f3 econ\u00f2mica d\u2019auditoria, que concedeix anualment el Col\u00b7legi de Censors Jurats de Comptes de Catalunya (CCJCC). El guard\u00f3 va ser atorgat el passat 26 de novembre a l\u2019Auditori del Cosmo Caixa de Barcelona amb motiu de la celebraci\u00f3 del Dia de l\u2019Auditor.<img decoding=\"async\" loading=\"lazy\" class=\"aligncenter  wp-image-22482\" src=\"http:\/\/www.monempresarial.com\/wp-content\/uploads\/2019\/11\/Foto-Premios.jpg\" alt=\"\" width=\"637\" height=\"335\" srcset=\"https:\/\/www.monempresarial.com\/wp-content\/uploads\/2019\/11\/Foto-Premios.jpg 709w, https:\/\/www.monempresarial.com\/wp-content\/uploads\/2019\/11\/Foto-Premios-300x157.jpg 300w, https:\/\/www.monempresarial.com\/wp-content\/uploads\/2019\/11\/Foto-Premios-300x157@2x.jpg 600w\" sizes=\"(max-width: 637px) 100vw, 637px\" \/><\/p>\n<p>En l\u2019edici\u00f3 d\u2019enguany, els auditors catalans tamb\u00e9 han distingit l\u2019Oficina Antifrau de Catalunya amb el premi a la millor comunicaci\u00f3 de temes relacionats amb transpar\u00e8ncia, i han reconegut l\u2019economista Jos\u00e9 Mar\u00eda Gay de Li\u00e9bana amb el t\u00edtol d\u2019Auditor Distingit.<\/p>\n<p><strong>Una traject\u00f2ria amb reconeixement institucional <\/strong><br \/>\nEl premi atorgat pels auditors de Catalunya a la revista se suma a altres reconeixements conferits per institucions i associacions del sector econ\u00f2mic i empresarial de refer\u00e8ncia del pa\u00eds. El 2006 el <strong>Col\u00b7legi Oficial d\u2019Enginyers T\u00e8cnics de Telecomunicaci\u00f3<\/strong> va recon\u00e8ixer M\u00f3n Empresarial amb el Premi Excel\u00b7l\u00e8ncia a la Comunicaci\u00f3; posteriorment, al 2007 la publicaci\u00f3 va rebre el premi Joan Sard\u00e0 Dexeus de la Revista Econ\u00f2mica de Catalunya que edita el <strong>Col\u00b7legi d\u2019Economistes de Catalunya<\/strong>; i al 2010 va rebre el premi Excel\u00b7l\u00e8ncia a la Comunicaci\u00f3 i\/o divulgaci\u00f3 de les TIC del Col\u00b7legi Oficial d\u2019Enginyers T\u00e8cnics de Telecomunicacions.<\/p>\n<p>Recentment, la revista tamb\u00e9 ha estat reconeguda amb el <strong>Premi PIMEC<\/strong> al millor treball period\u00edstic en termes econ\u00f2mics 2017 atorgat per la Patronal de la Petita i Mitjana Empresa de Catalunya <strong>\u201cper la qualitat dels seus continguts, per tractar permanentment temes relacionats amb les pimes i els aut\u00f2noms i per haver aconseguit convertir-se en una revista econ\u00f2mica de refer\u00e8ncia en l\u2019\u00e0mbit estatal\u201d.<\/strong> Al 2018 la publicaci\u00f3 tamb\u00e9 va rebre el guard\u00f3 a la Comunicaci\u00f3 amb Valors <em>femtalent <\/em>de <strong>la Xarxa de Parcs Cient\u00edfics i Tecnol\u00f2gics de Catalunya (XPCAT). <\/strong><\/p>\n","protected":false},"excerpt":{"rendered":"<p>El Col\u00b7legi de Censors Jurats de Comptes de Catalunya ha distingit la revista especialitzada en economia i empresa M\u00f3n Empresarial amb el Premi period\u00edstic a la millor informaci\u00f3 econ\u00f2mica d\u2019auditoria, que concedeix anualment el Col\u00b7legi de Censors Jurats de Comptes de Catalunya (CCJCC). <\/p>\n","protected":false},"author":1,"featured_media":22492,"comment_status":"open","ping_status":"open","sticky":false,"template":"","format":"standard","meta":{"_mi_skip_tracking":false,"mc4wp_mailchimp_campaign":[],"jnews-multi-image_gallery":[],"jnews_single_post":[],"jnews_primary_category":[]},"categories":[5694,10820,10821,10825,10],"tags":[113,180,4282,5330],"_links":{"self":[{"href":"https:\/\/www.monempresarial.com\/ca\/wp-json\/wp\/v2\/posts\/22481"}],"collection":[{"href":"https:\/\/www.monempresarial.com\/ca\/wp-json\/wp\/v2\/posts"}],"about":[{"href":"https:\/\/www.monempresarial.com\/ca\/wp-json\/wp\/v2\/types\/post"}],"author":[{"embeddable":true,"href":"https:\/\/www.monempresarial.com\/ca\/wp-json\/wp\/v2\/users\/1"}],"replies":[{"embeddable":true,"href":"https:\/\/www.monempresarial.com\/ca\/wp-json\/wp\/v2\/comments?post=22481"}],"version-history":[{"count":1,"href":"https:\/\/www.monempresarial.com\/ca\/wp-json\/wp\/v2\/posts\/22481\/revisions"}],"predecessor-version":[{"id":46146,"href":"https:\/\/www.monempresarial.com\/ca\/wp-json\/wp\/v2\/posts\/22481\/revisions\/46146"}],"wp:featuredmedia":[{"embeddable":true,"href":"https:\/\/www.monempresarial.com\/ca\/wp-json\/wp\/v2\/media\/22492"}],"wp:attachment":[{"href":"https:\/\/www.monempresarial.com\/ca\/wp-json\/wp\/v2\/media?parent=22481"}],"wp:term":[{"taxonomy":"category","embeddable":true,"href":"https:\/\/www.monempresarial.com\/ca\/wp-json\/wp\/v2\/categories?post=22481"},{"taxonomy":"post_tag","embeddable":true,"href":"https:\/\/www.monempresarial.com\/ca\/wp-json\/wp\/v2\/tags?post=22481"}],"curies":[{"name":"wp","href":"https:\/\/api.w.org\/{rel}","templated":true}]}}