{"id":23222,"date":"2020-03-12T10:16:10","date_gmt":"2020-03-12T09:16:10","guid":{"rendered":"http:\/\/www.monempresarial.com\/?p=23222"},"modified":"2021-04-20T13:28:20","modified_gmt":"2021-04-20T11:28:20","slug":"entrevista-a-mariya-gabriel-comissaria-europea-de-recerca-innovacio-educacio-cultura-i-joventut","status":"publish","type":"post","link":"https:\/\/www.monempresarial.com\/ca\/2020\/03\/12\/entrevista-a-mariya-gabriel-comissaria-europea-de-recerca-innovacio-educacio-cultura-i-joventut\/","title":{"rendered":"Entrevista a <span style=\"color: # b8b4b4; font-weight: bold; \">Mariya Gabriel.<\/span><\/span> Comiss\u00e0ria europea de Recerca, Innovaci\u00f3, Educaci\u00f3, Cultura i Joventut"},"content":{"rendered":"<p><strong>Mariya Gabriel (Gotze Delchev, Bulg\u00e0ria, 1979) \u00e9s Comiss\u00e0ria de Recerca, Innovaci\u00f3, Educaci\u00f3, Cultura i Joventut. Molt vinculada a la pol\u00edtica europea en els \u00faltims anys, en l\u2019anterior Executiu de Jean-Claude Juncker va ser l\u2019encarregada d\u2019Economia Digital durant dos anys. Abans va ser eurodiputada durant vuit. En el proper quinquenni estar\u00e0 enfocada en com millorar l\u2019excel\u00b7l\u00e8ncia en la innovaci\u00f3 i la investigaci\u00f3 a la UE, entre ells l\u2019aposta per l\u2019era digital. <\/strong><\/p>\n<h4>Text: <a style=\"color: #719f8c;\" href=\"http:\/\/monempresarial.com\/author\/eherrera\/\">Esther Herrera.<\/a><br \/>\nFotos: <strong>Comisi\u00f3n Europea<\/strong><\/h4>\n<hr \/>\n<figure id=\"attachment_23115\" aria-describedby=\"caption-attachment-23115\" style=\"width: 439px\" class=\"wp-caption alignright\"><img decoding=\"async\" loading=\"lazy\" class=\"wp-image-23115\" src=\"http:\/\/www.monempresarial.com\/wp-content\/uploads\/2020\/03\/Mariya-Gabriel-4.jpg\" alt=\"\" width=\"439\" height=\"292\" srcset=\"https:\/\/www.monempresarial.com\/wp-content\/uploads\/2020\/03\/Mariya-Gabriel-4.jpg 709w, https:\/\/www.monempresarial.com\/wp-content\/uploads\/2020\/03\/Mariya-Gabriel-4-300x200.jpg 300w, https:\/\/www.monempresarial.com\/wp-content\/uploads\/2020\/03\/Mariya-Gabriel-4-252x167.jpg 252w, https:\/\/www.monempresarial.com\/wp-content\/uploads\/2020\/03\/Mariya-Gabriel-4-300x200@2x.jpg 600w, https:\/\/www.monempresarial.com\/wp-content\/uploads\/2020\/03\/Mariya-Gabriel-4-252x167@2x.jpg 504w\" sizes=\"(max-width: 439px) 100vw, 439px\" \/><figcaption id=\"caption-attachment-23115\" class=\"wp-caption-text\">La incid\u00e8ncia de la revoluci\u00f3 digital en el teixit productiu i econ\u00f2mic ja ha esdevingut un dels elements clau per al funcionament de l\u2019economia europea. Segons Gabriela, suposa tamb\u00e9 una oportunitat per crear \u201cuna economia i una societat m\u00e9s sostenible\u201d<\/figcaption><\/figure>\n<p><span style=\"color: #719f8c; font-weight: bold;\">Com a nova Comiss\u00e0ria de Recerca, Innovaci\u00f3, Educaci\u00f3, Cultura i Joventut, quines s\u00f3n les seves expectatives en els propers cinc anys?<br \/>\n<\/span>Estar al c\u00e0rrec d\u2019aquesta gran i important cartera \u00e9s un aut\u00e8ntic honor i privilegi. Tamb\u00e9 \u00e9s una gran oportunitat per tenir una economia i una societat m\u00e9s sostenible; per permetre que les nostres Petites i Mitjanes empreses, start-ups i companyies puguin desenvolupar-se per innovar, i assegurar-nos que la propera generaci\u00f3 d\u2019europeus tinguin les aptituds adequades per a un mercat laboral cada cop m\u00e9s digital. Per mi, l\u2019educaci\u00f3, la recerca i la innovaci\u00f3 van juntes de la m\u00e0. Sovint parlem del triangle del coneixement, i hi podr\u00edem afegir una quarta dimensi\u00f3, el seu servei a la societat. Em comprometo a que tots aquests aspectes treballin junts, amb una visi\u00f3 a llarg termini per portar a la UE a una veritable \u00e0rea del coneixement. Per aconseguir-ho, necessitem un acord ambici\u00f3s en els propers pressupostos multi anuals, especialment pels programes que reflecteixin les nostres prioritats pel futur: com Horitz\u00f3 Europa, Erasmus Plus, Europa Creativa o el Cos Europeu de Solida-ritat. Els pr\u00f2xims mesos seran crucials. A m\u00e9s, tenim altres reptes en qu\u00e8 m\u2019hi vull centrar: Hem de donar m\u00e9s suport a les dones, especialment en la ci\u00e8ncia. Hem de tancar aquesta divisi\u00f3 entre l\u2019est i l\u2019oest; hem d\u2019explotar tot el potencial en l\u2019educaci\u00f3, la recerca, la cultura i aprofitar la cooperaci\u00f3 internacional, especialment amb els nostres ve\u00efns dels Balcans occidentals i pa\u00efsos d\u2019Am\u00e8rica Llatina.<\/p>\n<h2 style=\"color: #719f8c; text-align: center;\"><img decoding=\"async\" loading=\"lazy\" class=\"size-full wp-image-23109 alignleft\" src=\"http:\/\/www.monempresarial.com\/wp-content\/uploads\/2020\/03\/2-1.jpg\" alt=\"\" width=\"70\" height=\"89\" \/>Sobre l\u2019emerg\u00e8ncia clim\u00e0tica: \u201cPer arribar a l&#8217;objectiu de la neutralitat clim\u00e0tica, cal que descarbonitzem Europa almenys sis vegades m\u00e9s r\u00e0pid que el qu\u00e8 s&#8217;ha fet fins ara.\u201d<\/h2>\n<p><span style=\"color: #719f8c; font-weight: bold;\">Creu que Europa hauria de fer m\u00e9s en la recerca i la innovaci\u00f3 per competir amb pa\u00efsos com els Estats Units?<\/span><br \/>\nEuropa ha estat al capdavant de molts aven\u00e7os cient\u00edfics i tecnol\u00f2gics innovadors. Actualment, la UE produeix un ter\u00e7 de la millor ci\u00e8ncia del m\u00f3n, amb tan sols un 7% de la poblaci\u00f3 mundial. A m\u00e9s, som l\u2019\u00e0rea m\u00e9s oberta en recerca i innovaci\u00f3. Per\u00f2 hem de fer m\u00e9s per fer front als principals reptes de la societat i seguir competint globalment. L\u2019\u00faltim r\u00e0nquing d\u2019Ind\u00fastria i Inversi\u00f3 demostra que les inversions de les companyies europees continuen creixent, gaireb\u00e9 un 5%. Alhora, les inversions de les empreses europees han augmentat dues vegades m\u00e9s que els Estats Units i cinc vegades m\u00e9s que la Xina. Cal que estimulem la innovaci\u00f3 m\u00e9s disruptiva i traslladar l\u2019excel\u00b7l\u00e8ncia en la recerca en serveis i productes innovadors. Per aquesta ra\u00f3, hem creat el Consell Europeu d\u2019Innovaci\u00f3 sota el programa Horitz\u00f3 Europa. Refor\u00e7ar\u00e0 la nostra competitivitat global finan\u00e7ant start-ups innovadores i PiMEs que portaran a Europa al capdavant d\u2019una nova onada d\u2019aven\u00e7os i innovaci\u00f3. Per exemple, un dels primers projectes en rebre finan\u00e7ament del Consell Europeu d\u2019Innovaci\u00f3 \u00e9s el projecte espanyol \u2018Battery Plus\u2019. Augmentar\u00e0 l\u2019atractiu de vehicles h\u00edbrids i el\u00e8ctrics gr\u00e0cies a bateries d\u2019alt rendiment.<\/p>\n<p><span style=\"color: #719f8c; font-weight: bold;\">Amb el nou Pacte Verd, la innovaci\u00f3 i la recerca seran clau per arribar a la neutralitat clim\u00e0tica. Com pot Europa contribuir en aquesta q\u00fcesti\u00f3?<\/span><br \/>\nLa recerca i la innovaci\u00f3 s\u00f3n essencials per a la transformaci\u00f3. Amb el programa Horitz\u00f3 2020, la UE ha finan\u00e7at projectes que han ajudat a reduir les emissions d\u2019efecte hivernacle en la construcci\u00f3 d\u2019edificis entre un 30% i un 50%, amb el desenvolupament de noves tecnologies per mesurar nanopart\u00edcules a l\u2019aire i la construcci\u00f3 del ferri 100% el\u00e8ctric amb m\u00e9s pot\u00e8ncia del m\u00f3n. Per\u00f2 aix\u00f2 \u00e9s nom\u00e9s la punta de l\u2019iceberg. El nou programa de recerca i innovaci\u00f3, Horitz\u00f3 Europa, pel per\u00edode 2021-2027 est\u00e0 dissenyat per tenir encara m\u00e9s impacte. No \u00e9s casualitat que almenys el 35% del pressupost d\u2019Horitz\u00f3 Europa estigui destinat a projectes relacionats amb el clima.<\/p>\n<h2 style=\"color: #719f8c; text-align: center;\"><img decoding=\"async\" loading=\"lazy\" class=\"size-full wp-image-23111 alignright\" src=\"http:\/\/www.monempresarial.com\/wp-content\/uploads\/2020\/03\/3-1.jpg\" alt=\"\" width=\"96\" height=\"70\" \/>Sobre el paper la recerca en la igualtat de g\u00e8nere: \u201cSeguim molt a prop el progr\u00e9s que s\u2019est\u00e0 fent en la igualtat de g\u00e8nere en la recerca i la innovaci\u00f3 a la UE, i \u00e9s una de les meves prioritats\u201d<\/h2>\n<p><span style=\"color: #719f8c; font-weight: bold;\">Per arribar a la neutralitat clim\u00e0tica el 2050, Europa ha d\u2019invertir en m\u00e9s energies renovables. S\u2019ha fet suficient? Els panells solars segueixen sent molt inaccessibles per a un ciutad\u00e0 europeu com\u00fa. <\/span><br \/>\nEstem en mig d\u2019una emerg\u00e8ncia clim\u00e0tica, i Europa ha de prendre accions decisives per aturar el canvi clim\u00e0tic. Per aix\u00f2 el Pacte Verd Europeu \u00e9s una de les m\u00e0ximes prioritats d\u2019aquesta Comissi\u00f3. Per arribar a l\u2019objectiu de la neutralitat clim\u00e0tica, cal que descarbonitzem Europa almenys sis vegades m\u00e9s r\u00e0pid del que s\u2019ha fet fins ara. La nostra ambiciosa agenda en recerca i innovaci\u00f3 ser\u00e0 clau per trobar solucions. I, responent a la teva pregunta: en els \u00faltims anys, la UE ha donat suport a la recerca i innovaci\u00f3 per reduir significativament el cost de l\u2019electricitat renovable. Com a resultat d\u2019aix\u00f2, l\u2019energia e\u00f2lica \u00e9s ara l\u2019electricitat m\u00e9s barata en moltes regions, tamb\u00e9 la solar. Tamb\u00e9 vull subratllar que reduir el cost de les energies renovables no ha de ser el nostre \u00fanic objectiu. Tamb\u00e9 cal assegurar que tenim una energia eficient, sostenible, segura, i circular al llarg de tota la cadena de valor.<\/p>\n<h2 style=\"color: #719f8c; text-align: center;\"><img decoding=\"async\" loading=\"lazy\" class=\" wp-image-23125 alignleft\" src=\"http:\/\/www.monempresarial.com\/wp-content\/uploads\/2020\/03\/1ca.jpg\" alt=\"\" width=\"261\" height=\"288\" srcset=\"https:\/\/www.monempresarial.com\/wp-content\/uploads\/2020\/03\/1ca.jpg 462w, https:\/\/www.monempresarial.com\/wp-content\/uploads\/2020\/03\/1ca-272x300.jpg 272w\" sizes=\"(max-width: 261px) 100vw, 261px\" \/><\/h2>\n<p><span style=\"color: #719f8c; font-weight: bold;\">Gr\u00e0cies a la seva anterior cartera va ser nomenada una de les dones amb m\u00e9s influ\u00e8ncia en la ciberseguretat. \u00c9s aquest sector un repte tamb\u00e9 per a la recerca? Especialment amb els riscos que porta la comunicaci\u00f3 5G&#8230;<\/span><br \/>\nAbsolutament. Les amenaces en la ciberseguretat ens envolten i evolucionen r\u00e0pidament. Aix\u00f2 significa que nosaltres hem d\u2019anar encara m\u00e9s r\u00e0pid. Cal que millorem les nostres aptituds en ciberseguretat a la UE. Per aix\u00f2 ja hem finan\u00e7at diversos projectes com el programa espanyol Countercraft. Aquesta plataforma bloqueja els atacs i l\u2019extracci\u00f3 d\u2019informaci\u00f3 en companyies i organitzacions governamentals. Un altre projecte finan\u00e7at per la UE \u00e9s l\u2019anomenat SHIELD. Aquest impressionant projecte ofereix serveis de seguretat gr\u00e0cies a la intel\u00b7lig\u00e8ncia artificial i l\u2019aprenentatge autom\u00e0tic. El sistema identifica amenaces en temps real, es reconfigura ell mateix i les elimina. En ciberseguretat no importen les fronteres, per aix\u00f2 ens ho prenem tan seriosament. \u00c9s important que unim forces per tenir una Europa digital segura. Sobre la q\u00fcesti\u00f3 del 5G, estem actualment finalitzant un pla conjunt amb els Estats membres i l\u2019Ag\u00e8ncia Europea de Ciberseguretat per identificar els riscos que pot portar la nova tecnologia 5G.<\/p>\n<p><span style=\"color: #719f8c; font-weight: bold;\">Amb el programa Horitz\u00f3 Europa, la Comissi\u00f3 Europea dona suport a plans de g\u00e8nere per universitats i organitzacions. Per\u00f2 les dones cient\u00edfiques encara pateixen la desigualtat. Com abordar\u00e0 aquesta q\u00fcesti\u00f3? <\/span><br \/>\nSeguim molt de prop el progr\u00e9s que s\u2019est\u00e0 fent en la igualtat de g\u00e8nere en la recerca i la innovaci\u00f3 a la UE, i \u00e9s una de les meves prioritats, com he comentat. Les \u00faltimes dades mostren que anem en el cam\u00ed correcte. De mitjana, les dones superen entre els estudiants i els graduats i gaireb\u00e9 hem arribat en igualtat de n\u00famero entre homes i dones doctorats. Aix\u00f2 significa que hem d\u2019estar satisfets? Ni molt menys. Les dones segueixen infrarepresentades en disciplines com la ci\u00e8ncia, la tecnologia, les enginyeries i les matem\u00e0tiques. Nom\u00e9s un 15% tenen llocs de responsabilitat en el m\u00f3n acad\u00e8mic a Europa, i aix\u00f2 \u00e9s inacceptable. Clarament, la igualtat de g\u00e8nere \u00e9s una q\u00fcesti\u00f3 en qu\u00e8 cal centrar-se tamb\u00e9 a trav\u00e9s de l\u2019\u00c0rea Europea de Recerca. De fet, hem demanat a tots els pa\u00efsos membres que parlin de g\u00e8nere en els seus plans d\u2019acci\u00f3 nacionals en el refor\u00e7 de la recerca i la innovaci\u00f3.<\/p>\n<h2 style=\"color: #719f8c; text-align: center;\"><img decoding=\"async\" loading=\"lazy\" class=\"size-full wp-image-23113 alignright\" src=\"http:\/\/www.monempresarial.com\/wp-content\/uploads\/2020\/03\/4-1.jpg\" alt=\"\" width=\"73\" height=\"121\" \/>Sobre la seguretat del 5G: \u201cSobre la q\u00fcesti\u00f3 del 5G, estem actualment finalitzant un pla conjunt amb els Estats membres i l\u2019Ag\u00e8ncia Europea de Ciberseguretat per identificar els riscos que pot portar la nova tecnologia<\/h2>\n<p><span style=\"color: #719f8c; font-weight: bold;\">La bretxa de g\u00e8nere no \u00e9s l\u2019\u00fanica que hi ha. Tamb\u00e9 entre pa\u00efsos rics i pobres en el seu rendiment en la recerca. Com abordar\u00e0 aquesta disparitat? <\/span><br \/>\nTens tota la ra\u00f3, i per mi \u00e9s una de les prioritats reduir aquesta bretxa. La Recerca i la Innovaci\u00f3 dividida a Europa \u00e9s ara molt m\u00e9s acusada que en el passat. En l\u2019avaluaci\u00f3 del programa de recerca Horitz\u00f3 2020 hi podem veure millores, per\u00f2 els pr\u00f2xims cinc anys vull accelerar-ho. Amb Horitz\u00f3 Europa hem proposat un aug-ment de la inversi\u00f3 per augmentar la participaci\u00f3 i l\u2019excel\u00b7l\u00e8ncia en la recerca a un 3,3%, front l\u20191% actual. Aix\u00f2 ajudar\u00e0 a estimular tamb\u00e9 la mobilitat dels investigadors i la qualitat de les propostes. L\u2019excel\u00b7l\u00e8ncia no hauria de ser una q\u00fcesti\u00f3 geogr\u00e0fica.<\/p>\n<p><span style=\"color: #719f8c; font-weight: bold;\">Vost\u00e8 tamb\u00e9 \u00e9s Comiss\u00e0ria d\u2019Educaci\u00f3, i un dels seus programes estrella \u00e9s l\u2019Erasmus+. En un recent informe del Tribunal de Comptes de la UE s\u2019alertava que no tots els estudiants es podien permetre sortir a l\u2019estranger perqu\u00e8 les beques no eren suficients. Qu\u00e8 far\u00e0 la Comissi\u00f3 per reduir aquesta difer\u00e8ncia entre els estudiants? <\/span><br \/>\nLa inclusi\u00f3 \u00e9s un dels principals objectius d\u2019Erasmus+. Volem un Erasmus que arribi a m\u00e9s persones, amb or\u00edgens diversos, especialment d\u2019aquells que tenen menys oportunitats, de manera que tothom se\u2019n pugui beneficiar al marge de la seva classe social, discapacitats o el seu origen geogr\u00e0fic. Hem d\u2019assegurar-nos que la situaci\u00f3 personal de les persones, especialment en la desigualtat, no els impedeixi formar part del programa Erasmus. La meva estrat\u00e8gia \u00e9s poder arribar a persones amb menys oportunitats. Per exemple, cobrint les despeses extraordin\u00e0ries i augmentar els participants amb necessitats especials o que tinguin menys oportunitats. La proporci\u00f3 de participants en aquestes situacions \u00e9s actualment de l\u201911,5%. Amb el nou programa, volem augmentar el suport de persones amb menys oportunitats i tenir formats m\u00e9s flexibles, com estades m\u00e9s curtes.<\/p>\n","protected":false},"excerpt":{"rendered":"<p>La inclusi\u00f3 \u00e9s un dels principals objectius d\u2019Erasmus+. Volem un Erasmus que arribi a m\u00e9s persones, amb or\u00edgens diversos, especialment d\u2019aquells que tenen menys oportunitats, de manera que tothom se\u2019n pugui beneficiar al marge de la seva classe social, discapacitats o el seu origen geogr\u00e0fic. Hem d\u2019assegurar-nos que la situaci\u00f3 personal de les persones, especialment en la desigualtat, no els impedeixi formar part del programa Erasmus. La meva estrat\u00e8gia \u00e9s poder arribar a persones amb menys oportunitats. Per exemple, cobrint les despeses extraordin\u00e0ries i augmentar els participants amb necessitats especials o que tinguin menys oportunitats. La proporci\u00f3 de participants en aquestes situacions \u00e9s actualment de l\u201911,5%. Amb el nou programa, volem augmentar el suport de persones amb menys oportunitats i tenir formats m\u00e9s flexibles, com estades m\u00e9s curtes.<\/p>\n","protected":false},"author":1,"featured_media":23118,"comment_status":"open","ping_status":"open","sticky":false,"template":"","format":"standard","meta":{"_mi_skip_tracking":false,"mc4wp_mailchimp_campaign":[],"jnews-multi-image_gallery":[],"jnews_single_post":[],"jnews_primary_category":[]},"categories":[9],"tags":[765,2846,5518,6013,6160,8097,8107,143],"_links":{"self":[{"href":"https:\/\/www.monempresarial.com\/ca\/wp-json\/wp\/v2\/posts\/23222"}],"collection":[{"href":"https:\/\/www.monempresarial.com\/ca\/wp-json\/wp\/v2\/posts"}],"about":[{"href":"https:\/\/www.monempresarial.com\/ca\/wp-json\/wp\/v2\/types\/post"}],"author":[{"embeddable":true,"href":"https:\/\/www.monempresarial.com\/ca\/wp-json\/wp\/v2\/users\/1"}],"replies":[{"embeddable":true,"href":"https:\/\/www.monempresarial.com\/ca\/wp-json\/wp\/v2\/comments?post=23222"}],"version-history":[{"count":0,"href":"https:\/\/www.monempresarial.com\/ca\/wp-json\/wp\/v2\/posts\/23222\/revisions"}],"wp:featuredmedia":[{"embeddable":true,"href":"https:\/\/www.monempresarial.com\/ca\/wp-json\/wp\/v2\/media\/23118"}],"wp:attachment":[{"href":"https:\/\/www.monempresarial.com\/ca\/wp-json\/wp\/v2\/media?parent=23222"}],"wp:term":[{"taxonomy":"category","embeddable":true,"href":"https:\/\/www.monempresarial.com\/ca\/wp-json\/wp\/v2\/categories?post=23222"},{"taxonomy":"post_tag","embeddable":true,"href":"https:\/\/www.monempresarial.com\/ca\/wp-json\/wp\/v2\/tags?post=23222"}],"curies":[{"name":"wp","href":"https:\/\/api.w.org\/{rel}","templated":true}]}}