{"id":23346,"date":"2020-03-19T11:00:35","date_gmt":"2020-03-19T10:00:35","guid":{"rendered":"http:\/\/www.monempresarial.com\/2020\/03\/19\/covid-19-que-efectos-economicos-podemos-esperar\/"},"modified":"2025-06-06T10:12:59","modified_gmt":"2025-06-06T08:12:59","slug":"covid-19-que-efectos-economicos-podemos-esperar","status":"publish","type":"post","link":"https:\/\/www.monempresarial.com\/ca\/2020\/03\/19\/covid-19-que-efectos-economicos-podemos-esperar\/","title":{"rendered":"COVID-19: Quins efectes econ\u00f2mics podem esperar?"},"content":{"rendered":"<p><strong><strong>Les mesures de contenci\u00f3 i mitigaci\u00f3 decretades per la majoria d\u2019Estats europeus amenacen amb una nova recessi\u00f3 al vell continent <\/strong><br \/>\n<strong>Les dades difoses pel govern xin\u00e8s denoten un impacte econ\u00f2mic molt major del pronosticat a l\u2019inici de la crisi <\/strong><\/strong><\/p>\n<p><span style=\"color: #808080;\"><strong>Text: Adri\u00e0 Gratac\u00f3s Torras<\/strong><\/span><\/p>\n<p>Els efectes econ\u00f2mics que poden suposar les mesures de contenci\u00f3 i mitigaci\u00f3 del COVID-19 s\u00f3n encara impredictibles i dependran de dues variables: de la gesti\u00f3 de la crisi i la durada de les mesures. Durant la primera setmana de la decretaci\u00f3 de l\u2019estat d\u2019alarma per part de l\u2019Estat espanyol ja s\u2019han produ\u00eft tancaments massius de comer\u00e7os, centres comercials, bars i restaurants i \u00e0rees d\u2019oci. Tamb\u00e9 s\u2019han generat afectacions en la cadena de producci\u00f3 del pa\u00eds i corporacions com SEAT, Ford o Nissan han aturat la producci\u00f3. Es preveu que els Expedients de Regulaci\u00f3 Temporal d\u2019Ocupaci\u00f3 (ERTO) afectin a 140.000 treballadors, nom\u00e9s en les grans empreses.<br \/>\nDes de la Patronal de la Petita i Mitjana Empresa de Catalunya (PIMEC) s\u2019ha calculat que la p\u00e8rdua d\u2019ingressos per a les pimes i aut\u00f2noms a Catalunya podria arribar als 10.000 milions d\u2019euros si els efectes del COVID-19 s\u2019estenen durant tres mesos. D\u2019altra banda, la Comissi\u00f3 Europea calcula, amb les dades actuals, que es pot produir una caiguda d\u2019entre l\u20191% i l\u20191,5% del PIB en la comunitat europea, per\u00f2 no descarta que l\u2019impacte pugui ser encara \u201cm\u00e9s profund\u201d.<\/p>\n<blockquote>\n<h2 style=\"color: #00542d;\">\u201cLa Comissi\u00f3 Europea calcula, amb les dades actuals, que es pot produir una caiguda d\u2019entre l\u20191% i l\u20191,5% del PIB en la comunitat europea, per\u00f2 no descarta que l\u2019impacte pugui ser encara \u201cm\u00e9s profund\u201d<\/h2>\n<\/blockquote>\n<p>Tamb\u00e9 l\u2019OCDE s\u2019ha atrevit a fer els seus pron\u00f2stics a escala mundial, assegurant que el cost de la crisi sanit\u00e0ria restar\u00e0, com a m\u00ednim, mig punt percentual al creixement mundial d\u2019enguany. Aix\u00ed, l\u2019organisme supraestatal pronostica que el PIB mundial creixer\u00e0 un 2,4% el 2020, cosa que suposar\u00e0 el menor creixement mundial des de 2009.<\/p>\n<p><span style=\"color: #808080;\"><strong><img decoding=\"async\" loading=\"lazy\" class=\"wp-image-23356 alignright\" src=\"https:\/\/www.monempresarial.com\/wp-content\/uploads\/2020\/03\/3cat.jpg\" alt=\"\" width=\"474\" height=\"385\" srcset=\"https:\/\/www.monempresarial.com\/wp-content\/uploads\/2020\/03\/3cat.jpg 640w, https:\/\/www.monempresarial.com\/wp-content\/uploads\/2020\/03\/3cat-300x243.jpg 300w, https:\/\/www.monempresarial.com\/wp-content\/uploads\/2020\/03\/3cat-300x243@2x.jpg 600w\" sizes=\"(max-width: 474px) 100vw, 474px\" \/>Gesti\u00f3 de la crisi i mesures econ\u00f2miques <\/strong><\/span><br \/>\nEls principals Estats europeus han aprovat d\u2019urg\u00e8ncia la mobilitzaci\u00f3 d\u2019una gran quantitat de recursos econ\u00f2mics per fer front a la crisi que suposa el COVID-19 per a les economies comunit\u00e0ries. Alemanya ha aprovat un pla de 500.000 milions d\u2019euros (el 15% del Producte Interior Brut germ\u00e0). Fran\u00e7a mobilitzar\u00e0 en els propers dies fins a 300.000 milions (un 12% del PIB) i Espanya ha aprovat una partida d\u2019avals per a empreses de 100.000 milions (9% del PIB). Uns 100.000 milions als quals se\u2019ls hi sumaran 18.000 milions m\u00e9s per refor\u00e7ar la sanitat, posposar impostos a companyies i protegir treballadors i fam\u00edlies vulnerables. Tamb\u00e9 es preveuen 80.000 milions en cobertures de risc, morat\u00f2ries d&#8217;hipoteques i factures que avalar\u00e0 el sector privat. Amb tot plegat el govern espanyol preveu mobilitzar 200.000 milions d\u2019euros (el 18% del PIB de l\u2019Estat) amb l\u2019objectiu de mantenir l\u2019activitat econ\u00f2mica.<br \/>\nEncara est\u00e0 per veure de quina forma s\u2019injectaran aquests recursos en la liquiditat de les empreses i l\u2019efectivitat que poden suposar per no fer disparar la desocupaci\u00f3 del pa\u00eds. Tamb\u00e9 caldr\u00e0 veure quin efecte poden tenir els avals en l\u2019endeutament a mitj\u00e0 i llarg termini de les empreses. El paquet de mesures del govern espanyol tamb\u00e9 contempla plans de xoc socials que permetin no disparar l\u2019endeutament de les fam\u00edlies (que al gener se situava en 713.218 milions), mantenir el consum i dotar-les de recursos suficients per fer front a una crisi que s\u2019albira \u201ctemporal\u201d per\u00f2 que les seves conseq\u00fc\u00e8ncies es poden allargar en el temps.<br \/>\nD\u2019altra banda, el Banc Central Europeu (BCE) ha anunciat el llan\u00e7ament de noves injeccions de liquiditat amb mesures molt generoses per a la banca i ha disparat el paquet d\u2019est\u00edmuls: aix\u00ed, s\u2019incorporar\u00e0 una dotaci\u00f3 temporal de compres addicionals d\u2019actius nets per valor de 120.000 milions mensuals fins a finals d\u2019any, davant els 20.000 milions mensuals actuals.<\/p>\n<p><span style=\"color: #808080;\"><strong><img decoding=\"async\" loading=\"lazy\" class=\" wp-image-23326 alignright\" src=\"https:\/\/www.monempresarial.com\/wp-content\/uploads\/2020\/03\/tiepo.jpg\" alt=\"\" width=\"163\" height=\"101\" \/>Impacte econ\u00f2mic segons la durada <\/strong><\/span><br \/>\nL\u2019estat d\u2019alarma decretat pel govern espanyol el passat dissabte 14 de mar\u00e7 estableix una durada de dues setmanes de les mesures anunciades. Tanmateix, el propi ministre d\u2019interior del govern espanyol, Fernando Grande-Marlaska, ha anunciat que les mesures es podrien allargar en el temps. Sense disposar encara de dades macroecon\u00f2miques que puguin indicar l\u2019impacte real que pot suposar el virus. I sense precedents immediats, resulta complicat preveure l\u2019afectaci\u00f3 que pot suposar per l\u2019economia. L\u2019\u00fanica refer\u00e8ncia a nivell mundial d\u2019un confinament de la societat per pand\u00e8mia perllongat en el temps el trobem a la Xina, durant els mesos de gener i febrer, per la mateixa crisis del COVID-19.<br \/>\nLa Rep\u00fablica Popular de la Xina va iniciar les mesures de confinament a la ciutat de Wuhan i les principals ciutats del pa\u00eds el 23 de gener, i a mitjans de mar\u00e7 va comen\u00e7ar a aixecar el confinament de bona part del pa\u00eds. Segons dades de l\u2019executiu xin\u00e8s, durant els gaireb\u00e9 dos mesos de confinament (gener i febrer) l\u2019impacte econ\u00f2mic ha estat considerable en pr\u00e0cticament tots els sectors productius del pa\u00eds. Amb un atur amb taxes hist\u00f2ricament residuals, la crisi del COVID-19 ha suposat un increment de m\u00e9s de cinc milions de persones aturades, i tant els sectors econ\u00f2mics com les inversions han patit p\u00e8rdues considerables.<\/p>\n<blockquote>\n<h2 style=\"color: #00542d;\">\u201cSegons dades de l\u2019executiu xin\u00e8s, durant els gaireb\u00e9 dos mesos de confinament (gener i febrer) l\u2019impacte econ\u00f2mic ha estat considerable en pr\u00e0cticament tots els sectors productius del pa\u00eds\u201d<\/h2>\n<\/blockquote>\n<p><span style=\"color: #808080;\"><strong>Efectes econ\u00f2mics en el teixit empresarial<\/strong><\/span><br \/>\nEn concret, la producci\u00f3 industrial s\u2019ha desplomat un 13,5%, entre gener i febrer, respecte les dades dels mateixos mesos al 2019. La caiguda ha estat m\u00e9s considerable al sector privat (-14,2%) que no pas al sector p\u00fablic (-7,9%).<br \/>\nEls sectors econ\u00f2mics m\u00e9s perjudicats s\u00f3n, amb difer\u00e8ncia el comer\u00e7 minorista (-20,5% interanual) i el sector manufacturer (-15,7%). Altres sectors del teixit productiu com el subministrament d\u2019aigua i llum (-6,5%) o les empreses mineres (-6,5%) tamb\u00e9 s\u2019han vist afectats. I d\u2019entre tot el teixit empresarial, les Pimes han estat les m\u00e9s perjudicades; Segons dades del govern xin\u00e8s, han repr\u00e8s l\u2019activitat el 85,6%. A aquestes dades caldria sumar els efectes produ\u00efts al mar\u00e7 i el ritme amb el qual l\u2019economia xinesa tornar\u00e0 a reactivar-se durant els propers mesos.<br \/>\n<img decoding=\"async\" loading=\"lazy\" class=\"aligncenter wp-image-23352 size-full\" src=\"https:\/\/www.monempresarial.com\/wp-content\/uploads\/2020\/03\/1cat.jpg\" alt=\"\" width=\"1108\" height=\"583\" srcset=\"https:\/\/www.monempresarial.com\/wp-content\/uploads\/2020\/03\/1cat.jpg 1108w, https:\/\/www.monempresarial.com\/wp-content\/uploads\/2020\/03\/1cat-300x158.jpg 300w, https:\/\/www.monempresarial.com\/wp-content\/uploads\/2020\/03\/1cat-1024x539.jpg 1024w, https:\/\/www.monempresarial.com\/wp-content\/uploads\/2020\/03\/1cat-300x158@2x.jpg 600w\" sizes=\"(max-width: 1108px) 100vw, 1108px\" \/><\/p>\n<p><span style=\"color: #808080;\"><strong>L\u2019impacte en les inversions <\/strong><\/span><br \/>\nPel que fa a la inversi\u00f3 d\u2019actius, que compr\u00e8n la despesa en infraestructura, recursos immobiliaris, maquin\u00e0ria i equipament, s\u2019ha redu\u00eft un 24,5% a la Xina entre els mesos de gener i febrer. La inversi\u00f3 manufacturera (-31,5%) i la inversi\u00f3 en infraestructures (-30%) han estat les mes perjudicades, seguit de la inversi\u00f3 immobili\u00e0ria (-16,3%) i la inversi\u00f3 en Alta Tecnologia (-17,9%). Entre tots els indicadors catastr\u00f2fics d\u2019aquests dos mesos de crisi a la Xina, nom\u00e9s hi ha una dada positiva: les vendes online, les quals han comptat amb un augment del 3% durant aquest per\u00edode.<\/p>\n<p><img decoding=\"async\" loading=\"lazy\" class=\"aligncenter wp-image-23354 size-full\" src=\"https:\/\/www.monempresarial.com\/wp-content\/uploads\/2020\/03\/2cat.jpg\" alt=\"\" width=\"888\" height=\"427\" srcset=\"https:\/\/www.monempresarial.com\/wp-content\/uploads\/2020\/03\/2cat.jpg 888w, https:\/\/www.monempresarial.com\/wp-content\/uploads\/2020\/03\/2cat-300x144.jpg 300w, https:\/\/www.monempresarial.com\/wp-content\/uploads\/2020\/03\/2cat-740x357.jpg 740w, https:\/\/www.monempresarial.com\/wp-content\/uploads\/2020\/03\/2cat-352x169.jpg 352w, https:\/\/www.monempresarial.com\/wp-content\/uploads\/2020\/03\/2cat-300x144@2x.jpg 600w, https:\/\/www.monempresarial.com\/wp-content\/uploads\/2020\/03\/2cat-352x169@2x.jpg 704w\" sizes=\"(max-width: 888px) 100vw, 888px\" \/><\/p>\n","protected":false},"excerpt":{"rendered":"<p>Les mesures de contenci\u00f3 i mitigaci\u00f3 decretades per la majoria d\u2019Estats europeus amenacen amb una nova recessi\u00f3 al vell continent<br \/>\nLes dades difoses pel govern xin\u00e8s denoten un impacte econ\u00f2mic molt major del pronosticat a l\u2019inici de la crisi <\/p>\n","protected":false},"author":1,"featured_media":23334,"comment_status":"closed","ping_status":"closed","sticky":false,"template":"","format":"standard","meta":{"_mi_skip_tracking":false,"mc4wp_mailchimp_campaign":[],"jnews-multi-image_gallery":[],"jnews_single_post":[],"jnews_primary_category":[]},"categories":[5694,10820,10821,10825],"tags":[7851,8116,113,170,178,251,1416,7256],"_links":{"self":[{"href":"https:\/\/www.monempresarial.com\/ca\/wp-json\/wp\/v2\/posts\/23346"}],"collection":[{"href":"https:\/\/www.monempresarial.com\/ca\/wp-json\/wp\/v2\/posts"}],"about":[{"href":"https:\/\/www.monempresarial.com\/ca\/wp-json\/wp\/v2\/types\/post"}],"author":[{"embeddable":true,"href":"https:\/\/www.monempresarial.com\/ca\/wp-json\/wp\/v2\/users\/1"}],"replies":[{"embeddable":true,"href":"https:\/\/www.monempresarial.com\/ca\/wp-json\/wp\/v2\/comments?post=23346"}],"version-history":[{"count":1,"href":"https:\/\/www.monempresarial.com\/ca\/wp-json\/wp\/v2\/posts\/23346\/revisions"}],"predecessor-version":[{"id":46143,"href":"https:\/\/www.monempresarial.com\/ca\/wp-json\/wp\/v2\/posts\/23346\/revisions\/46143"}],"wp:featuredmedia":[{"embeddable":true,"href":"https:\/\/www.monempresarial.com\/ca\/wp-json\/wp\/v2\/media\/23334"}],"wp:attachment":[{"href":"https:\/\/www.monempresarial.com\/ca\/wp-json\/wp\/v2\/media?parent=23346"}],"wp:term":[{"taxonomy":"category","embeddable":true,"href":"https:\/\/www.monempresarial.com\/ca\/wp-json\/wp\/v2\/categories?post=23346"},{"taxonomy":"post_tag","embeddable":true,"href":"https:\/\/www.monempresarial.com\/ca\/wp-json\/wp\/v2\/tags?post=23346"}],"curies":[{"name":"wp","href":"https:\/\/api.w.org\/{rel}","templated":true}]}}