{"id":23467,"date":"2020-03-25T09:00:19","date_gmt":"2020-03-25T08:00:19","guid":{"rendered":"http:\/\/www.monempresarial.com\/2020\/03\/25\/els-sectors-economics-mes-afectats-per-la-crisi-del-covid-19\/"},"modified":"2025-06-06T10:12:44","modified_gmt":"2025-06-06T08:12:44","slug":"els-sectors-economics-mes-afectats-per-la-crisi-del-covid-19","status":"publish","type":"post","link":"https:\/\/www.monempresarial.com\/ca\/2020\/03\/25\/els-sectors-economics-mes-afectats-per-la-crisi-del-covid-19\/","title":{"rendered":"Els sectors econ\u00f2mics m\u00e9s afectats per la crisi del COVID-19"},"content":{"rendered":"<p><strong>El confinament decretat per fer front a la crisi sanit\u00e0ria del COVID-19 provoca afectacions generalitzades en el sector serveis i en diversos sectors industrials<br \/>\nNom\u00e9s el sector primari, la ind\u00fastria agroaliment\u00e0ria, la farmac\u00e8utica, la metal\u00b7l\u00fargia i el transport de mercaderies aguanten el pols, tot i que amb dificultats<br \/>\n<\/strong><\/p>\n<p><span style=\"color: #808080;\"><strong>Text: Adri\u00e0 Gratac\u00f3<span style=\"color: #808080;\">s Torr<\/span>as<\/strong><\/span><\/p>\n<p>L\u2019estat d\u2019alarma decretat pel govern espanyol amb motiu de la crisi sanit\u00e0ria produ\u00efda per la pand\u00e8mia del COVID-19\u00a0 est\u00e0 produint una aturada en sec de l\u2019economia i una afectaci\u00f3 en el sistema productiu del pa\u00eds sense precedents. Una afectaci\u00f3 que es produeix a la immensa majoria d\u2019economies europees i que s\u2019allargar\u00e0 amb la mateixa (o m\u00e9s) intensitat fins al proper 13 d\u2019abril. L\u2019afectaci\u00f3, per\u00f2, \u00e9s desigual segons els sectors econ\u00f2mics: mentre que l\u2019aturada est\u00e0 tenint una afectaci\u00f3 discreta en la cadena agroaliment\u00e0ria (sector primari, ind\u00fastria de transformaci\u00f3 i sector de la distribuci\u00f3), est\u00e0 suposant un cop per a la resta d\u2019ind\u00fastries i el sector serveis. L\u2019afectaci\u00f3 en el sector secundari l\u2019est\u00e0 capitanejant el de l\u2019automoci\u00f3. Les 17 plantes automobil\u00edstiques de l\u2019Estat espanyol han aturat la seva activitat. La seva gran incid\u00e8ncia en l\u2019economia del pa\u00eds (suposa el 10% del PIB) tamb\u00e9 est\u00e0 comportant afectacions considerables en milers de prove\u00efdors.<\/p>\n<p>Tot i que encara \u00e9s d\u2019hora per mesurar l\u2019impacte real que pot tenir la crisi del COVID-19, diferents actors econ\u00f2mics ja han comen\u00e7at a estimar l\u2019impacte previst en sector.<img decoding=\"async\" loading=\"lazy\" class=\"wp-image-23455 aligncenter\" src=\"https:\/\/www.monempresarial.com\/wp-content\/uploads\/2020\/03\/cora-1-cat.jpg\" alt=\"\" width=\"318\" height=\"541\" srcset=\"https:\/\/www.monempresarial.com\/wp-content\/uploads\/2020\/03\/cora-1-cat.jpg 379w, https:\/\/www.monempresarial.com\/wp-content\/uploads\/2020\/03\/cora-1-cat-176x300.jpg 176w, https:\/\/www.monempresarial.com\/wp-content\/uploads\/2020\/03\/cora-1-cat-176x300@2x.jpg 352w\" sizes=\"(max-width: 318px) 100vw, 318px\" \/><\/p>\n<h2 style=\"color: #00542d;\">\u201cL\u2019afectaci\u00f3 en el sector secundari l\u2019est\u00e0 capitanejant el de l\u2019automoci\u00f3. Les 17 plantes automobil\u00edstiques de l\u2019Estat espanyol han aturat la seva activitat\u201d<\/h2>\n<p><span style=\"color: #000000;\"><strong>Sector primari: mant\u00e9 l\u2019activitat amb afectacions desiguals \u00a0<\/strong><\/span><\/p>\n<p>La ind\u00fastria aliment\u00e0ria \u00e9s de les poques activitats econ\u00f2miques que no s\u2019ha aturat durant els primers dies de confinament, tot i que l\u2019afectaci\u00f3 de l\u2019estat d\u2019alarma \u00e9s desigual, segons sectors. Mentre que la ramaderia i l\u2019agricultura pr\u00e0cticament no han vist afectades la seva producci\u00f3, s\u00ed que ho ha fet el sector pesquer. La caiguda de consum de peix fresc, juntament amb les dificultats de certes companyies de garantir les mesures sanit\u00e0ries decretades, est\u00e0 produint que diverses companyies hagin aturat la seva producci\u00f3.<\/p>\n<p><span style=\"color: #000000;\"><strong>Sector industrial: la ind\u00fastria farmac\u00e8utica, l\u2019\u00fanica que resisteix <\/strong><\/span><\/p>\n<p><strong>Sector automobil\u00edstic: <\/strong>Pr\u00e0cticament totes les plantes automobil\u00edstiques de l\u2019Estat han aturat la seva activitat afectant a m\u00e9s de 35.000 treballadors. Aquest fet tamb\u00e9 suposa l\u2019aturada de l\u2019activitat de m\u00e9s de 1.000 empreses espanyoles fabricants de components. En total es calcula una afectaci\u00f3 a 230.100 llocs de feina directes i 143.000 d\u2019indirectes. L\u2019aturada de fabricaci\u00f3 de vehicles \u00e9s generalitzada a tota Europa. En el cas espanyol, s\u2019estan deixant de produir 8.000 vehicles diaris. Es preveu que la crisi comporti una reducci\u00f3 de l\u2019ocupabilitat del sector en un 4%.<\/p>\n<p><strong>Ind\u00fastries t\u00e8xtils: <\/strong>El t\u00e8xtil \u00e9s tamb\u00e9 un dels sectors industrials m\u00e9s afectats pel COVID-19. Segons les Nacions Unides la crisi sanit\u00e0ria suposar\u00e0 un impacte de 1.346 milions d\u2019euros a nivell mundial per al sector t\u00e8xtil. D\u2019entre elles, la ind\u00fastria t\u00e8xtil europea ser\u00e0 de les m\u00e9s afectades del m\u00f3n i podria registrar p\u00e8rdues de 482 milions d\u2019euros.<\/p>\n<p><strong>Metal\u00b7l\u00fargia: <\/strong>El sector metal\u00b7l\u00fargic mant\u00e9, en bona mesura, la seva activitat. La Associaci\u00f3 d\u2019Industrials Metal\u00b7lurgics (ASIME) ha assegurat que durant la primera setmana de confinament l\u2019activitat del sector s\u2019ha mantingut \u201cpr\u00e0cticament al 100%\u201d, si b\u00e9 hi ha alguna escassetat en materials i peces concretes.<\/p>\n<p><strong>Ind\u00fastria Qu\u00edmica i farmac\u00e8utica: <\/strong>De forma majorit\u00e0ria, la ind\u00fastria qu\u00edmica i farmac\u00e8utica no han aturat la seva activitat. Segons la Federaci\u00f3 Empresarial de la Ind\u00fastria Qu\u00edmica Espanyola (FEIQUE), les 150 corporacions farmac\u00e8utiques de l\u2019Estat \u201cestan funcionant a ple rendiment\u201d, tot i els plans de conting\u00e8ncia aplicats. Cal tenir en compte, per\u00f2, que la ind\u00fastria qu\u00edmica xinesa va caure m\u00e9s d\u2019un 20% durant els mesos de gener i febrer.<\/p>\n<p><strong>Productes alimentaris: <\/strong>De forma majorit\u00e0ria, la ind\u00fastria qu\u00edmica i farmac\u00e8utica no han aturat la seva activitat. Segons la Federaci\u00f3 Empresarial de la Ind\u00fastria Qu\u00edmica Espanyola (FEIQUE), les 150 corporacions farmac\u00e8utiques de l\u2019Estat \u201cestan funcionant a ple rendiment\u201d, tot i els plans de conting\u00e8ncia aplicats. Cal tenir en compte, per\u00f2, que la ind\u00fastria qu\u00edmica xinesa va caure m\u00e9s d\u2019un 20% durant els mesos de gener i febrer.<\/p>\n<h2 style=\"color: #00542d;\">\u201cLa ind\u00fastria t\u00e8xtil europea ser\u00e0 de les m\u00e9s afectades del m\u00f3n i podria registrar p\u00e8rdues de 482 milions d\u2019euros\u201d<\/h2>\n<p><span style=\"color: #000000;\"><strong>Sector serveis: obligats a aturar l\u2019activitat<\/strong><\/span><\/p>\n<p><strong>Comer\u00e7: <\/strong>El comer\u00e7 esdev\u00e9 un dels sectors m\u00e9s afectats pel coronavirus. Molts comerciants s\u2019han vist obligats a abaixar la persiana un m\u00ednim de 30 dies, i segons una enquesta publicada per la consultora J3B3, el comer\u00e7 a Catalunya ha patit una davallada del 90% de les vendes durant la primera setmana de confinament. Fins i tot el 76% de comer\u00e7os destinats a l\u2019alimentaci\u00f3 han vist redu\u00efda la seva facturaci\u00f3.<\/p>\n<p><strong><img decoding=\"async\" loading=\"lazy\" class=\"wp-image-23459 aligncenter\" src=\"https:\/\/www.monempresarial.com\/wp-content\/uploads\/2020\/03\/cora-2-cat.jpg\" alt=\"\" width=\"344\" height=\"472\" srcset=\"https:\/\/www.monempresarial.com\/wp-content\/uploads\/2020\/03\/cora-2-cat.jpg 472w, https:\/\/www.monempresarial.com\/wp-content\/uploads\/2020\/03\/cora-2-cat-219x300.jpg 219w, https:\/\/www.monempresarial.com\/wp-content\/uploads\/2020\/03\/cora-2-cat-219x300@2x.jpg 438w\" sizes=\"(max-width: 344px) 100vw, 344px\" \/><\/strong><\/p>\n<p><strong>Transport i emmagatzematge: <\/strong>En el sector del transport l\u2019afectaci\u00f3 \u00e9s desigual, segons els subsectors. Mentre que el transport de mercaderies mant\u00e9 la seva activitat, altres sectors com el transport comercial, tant terrestre com aeri, s\u2019ha desplomat. En el cas del transport interurb\u00e0, el sector del taxi a Barcelona calcula una reducci\u00f3 del 80% de la facturaci\u00f3. Les l\u00ednies a\u00e8ries s\u00f3n tamb\u00e9 un dels sectors m\u00e9s afectats. A nivell mundial, l\u2019Associaci\u00f3 Internacional de Transport Aeri (IATA) preveu una reducci\u00f3 d\u2019ingressos de fins a 100.000 milions d\u2019euros per la crisi del COVID-19.<\/p>\n<p><strong>Hostaleria i restauraci\u00f3: <\/strong>Els hotels calculen una caiguda del 75% en la facturaci\u00f3 durant els mesos de mar\u00e7 i abril. Obligats a tancar durant l\u2019estat d\u2019alarma, tant l\u2019hostaleria com la restauraci\u00f3 preveuen que l\u2019afectaci\u00f3 s\u2019allargar\u00e0 a tot l\u2019exercici 2020, en el qual podrien perdre fins a un 30% de l\u2019activitat respecte el 2019.<\/p>\n<p><strong>Informaci\u00f3 i comunicacions: <\/strong>El sector de la comunicaci\u00f3 preveu una reducci\u00f3 dr\u00e0stica de la facturaci\u00f3 per als mesos de mar\u00e7 i abril, principalment degut a la caiguda dels ingressos en publicitat. Segons el president de l\u2019Associaci\u00f3 de Mitjans d\u2019Informaci\u00f3 (AMI), Antonio Fern\u00e1ndez-Galiano, la publicitat s\u2019ha redu\u00eft fins a un 80%. Alguns mitjans de Comunicaci\u00f3, com \u2018El Peri\u00f3dico de Catalunya\u2019\u00a0 ja han anunciat ERTOS per fer front a la crisi.<\/p>\n<p><strong>Activitats immobili\u00e0ries: <\/strong>A l\u2019espera de les estad\u00edstiques oficials que mostrin la davallada en compravenda d\u2019habitatges, a hores d\u2019ara, i durant la primera setmana de confinament, el sector assegura que pr\u00e0cticament s\u2019han aturat totes les operacions. Idealista calcula que l\u2019afectaci\u00f3 s\u2019allargar\u00e0 en el temps i incidir\u00e0 en una revisi\u00f3 a la baixa dels preus dels habitatges.<\/p>\n<p><strong>Cultura: <\/strong>Finalment, la cultura \u00e9s un altre dels sectors m\u00e9s colpejats per la crisi del COVID-19. L\u2019Associaci\u00f3 pel desenvolupament de la propietat intel\u00b7lectual calcula p\u00e8rdues de 960 milions d\u2019euros.<\/p>\n<p><img decoding=\"async\" loading=\"lazy\" class=\"aligncenter wp-image-23465\" src=\"https:\/\/www.monempresarial.com\/wp-content\/uploads\/2020\/03\/cora-3-cat.jpg\" alt=\"\" width=\"331\" height=\"413\" srcset=\"https:\/\/www.monempresarial.com\/wp-content\/uploads\/2020\/03\/cora-3-cat.jpg 481w, https:\/\/www.monempresarial.com\/wp-content\/uploads\/2020\/03\/cora-3-cat-241x300.jpg 241w, https:\/\/www.monempresarial.com\/wp-content\/uploads\/2020\/03\/cora-3-cat-241x300@2x.jpg 482w\" sizes=\"(max-width: 331px) 100vw, 331px\" \/><\/p>\n","protected":false},"excerpt":{"rendered":"<p>El confinament decretat per fer front a la crisi sanit\u00e0ria del covid-19 provoca afectacions generalitzades en el sector industrial i els serveis<br \/>\nNom\u00e9s el sector primari, la ind\u00fastria agroaliment\u00e0ria, la farmac\u00e8utica i el transport de mercaderies aguanta el pols, tot i que amb dificultats <\/p>\n","protected":false},"author":1,"featured_media":23447,"comment_status":"closed","ping_status":"closed","sticky":false,"template":"","format":"standard","meta":{"_mi_skip_tracking":false,"mc4wp_mailchimp_campaign":[],"jnews-multi-image_gallery":[],"jnews_single_post":[],"jnews_primary_category":[]},"categories":[9,5694,10820,10821,10825],"tags":[113,896,1115,3184],"_links":{"self":[{"href":"https:\/\/www.monempresarial.com\/ca\/wp-json\/wp\/v2\/posts\/23467"}],"collection":[{"href":"https:\/\/www.monempresarial.com\/ca\/wp-json\/wp\/v2\/posts"}],"about":[{"href":"https:\/\/www.monempresarial.com\/ca\/wp-json\/wp\/v2\/types\/post"}],"author":[{"embeddable":true,"href":"https:\/\/www.monempresarial.com\/ca\/wp-json\/wp\/v2\/users\/1"}],"replies":[{"embeddable":true,"href":"https:\/\/www.monempresarial.com\/ca\/wp-json\/wp\/v2\/comments?post=23467"}],"version-history":[{"count":1,"href":"https:\/\/www.monempresarial.com\/ca\/wp-json\/wp\/v2\/posts\/23467\/revisions"}],"predecessor-version":[{"id":46142,"href":"https:\/\/www.monempresarial.com\/ca\/wp-json\/wp\/v2\/posts\/23467\/revisions\/46142"}],"wp:featuredmedia":[{"embeddable":true,"href":"https:\/\/www.monempresarial.com\/ca\/wp-json\/wp\/v2\/media\/23447"}],"wp:attachment":[{"href":"https:\/\/www.monempresarial.com\/ca\/wp-json\/wp\/v2\/media?parent=23467"}],"wp:term":[{"taxonomy":"category","embeddable":true,"href":"https:\/\/www.monempresarial.com\/ca\/wp-json\/wp\/v2\/categories?post=23467"},{"taxonomy":"post_tag","embeddable":true,"href":"https:\/\/www.monempresarial.com\/ca\/wp-json\/wp\/v2\/tags?post=23467"}],"curies":[{"name":"wp","href":"https:\/\/api.w.org\/{rel}","templated":true}]}}