{"id":23519,"date":"2020-03-26T09:00:07","date_gmt":"2020-03-26T08:00:07","guid":{"rendered":"http:\/\/www.monempresarial.com\/?p=23519"},"modified":"2022-12-22T10:06:47","modified_gmt":"2022-12-22T09:06:47","slug":"gobiernos-de-coalicion-mas-de-400-millones-de-europeos","status":"publish","type":"post","link":"https:\/\/www.monempresarial.com\/ca\/2020\/03\/26\/gobiernos-de-coalicion-mas-de-400-millones-de-europeos\/","title":{"rendered":"<span style=\"color: # b8b4b4; font-weight: bold;\">Governs de coalici\u00f3.<\/span> M\u00e9s de 400 milions d\u2019europeus"},"content":{"rendered":"<p><strong><img decoding=\"async\" loading=\"lazy\" class=\"wp-image-20001 alignright\" src=\"https:\/\/www.monempresarial.com\/wp-content\/uploads\/2018\/12\/Foto-Xavier-Torrens-TRATADA-1.jpg\" alt=\"\" width=\"227\" height=\"283\" \/><\/strong><\/p>\n<p><strong>Milions d\u2019europeus viuen en pa\u00efsos governats per governs de coalici\u00f3. Aix\u00f2 succeeix a Alemanya, Fran\u00e7a, It\u00e0lia, Su\u00e8cia, Finl\u00e0ndia, Noruega, Isl\u00e0ndia, B\u00e8lgica, Holanda i d\u2019altres pa\u00efsos europeus. Per primera vegada des de fa 80 anys, el govern espanyol \u00e9s un govern de coalici\u00f3.<\/strong><\/p>\n<h4><a style=\"color: #ae0f09;\" href=\"http:\/\/monempresarial.com\/author\/xtorrens\/\">Xavier Torrens.<\/a> Professor de Ci\u00e8ncia Pol\u00edtica a la UB. Polit\u00f2leg i soci\u00f2leg.<\/h4>\n<hr \/>\n<p>Els empresaris representats per la CEOE i la Cepyme, juntament amb els sindicats de treballadors de CCOO i UGT, han signat el primer gran acord de la nova legislatura del primer govern de coalici\u00f3 d\u2019Espanya en democr\u00e0cia, entre PSOE i Unidas Podemos, presidit per Pedro S\u00e1nchez. All\u00f2 que fins ara era anormal a Espanya \u00e9s habitual a Europa: la formaci\u00f3 d\u2019un govern de coalici\u00f3.<\/p>\n<p><strong><span style=\"color: #828995;\">PRIMERA COALICI\u00d3<\/span><\/strong><br \/>\nNi despr\u00e9s de les primeres eleccions lliures de 1977 durant la transici\u00f3 democr\u00e0tica, ni despr\u00e9s de l\u2019aprovaci\u00f3 de la Constituci\u00f3 de 1978, ni durant les primeres quatre d\u00e8cades de democr\u00e0cia, mai s\u2019havia arribat a formar un govern de coalici\u00f3 en el Govern d\u2019Espanya. Mai entre 1977 i 2019 hi havia hagut cap mena de govern de coalici\u00f3 en el si del govern espanyol. En 40 anys, en cap ni una legislatura es va arribar a formar una coalici\u00f3 de partits pol\u00edtics diferents en el govern central.<br \/>\nDe fet, fins i tot, a les eleccions generals del 28 d\u2019abril de 2019 va haver cinc mesos infruct\u00edfers en negociacions per formar govern i es van convocar noves eleccions. Van ser les segones eleccions al Parlament espanyol en un mateix any, perqu\u00e8 tots van ser incapa\u00e7os de crear una coalici\u00f3 de govern. Aritm\u00e8ticament, el govern podia sorgir d\u2019una coalici\u00f3 en cinc escenaris pol\u00edtics diferents: PSOE-PP (coalici\u00f3 amb majoria), PSOE-Cs (majoria), PSOE-PP-Cs (majoria), PSOE-Cs-Unidas Podemos (majoria) o PSOE-Unidas-Podemos (coalici\u00f3 en minoria). Per\u00f2 no fou possible.<\/p>\n<p><strong><span style=\"color: #828995;\"><img decoding=\"async\" loading=\"lazy\" class=\" wp-image-23532 aligncenter\" src=\"https:\/\/www.monempresarial.com\/wp-content\/uploads\/2020\/03\/O-CAT.jpg\" alt=\"\" width=\"402\" height=\"381\" srcset=\"https:\/\/www.monempresarial.com\/wp-content\/uploads\/2020\/03\/O-CAT.jpg 567w, https:\/\/www.monempresarial.com\/wp-content\/uploads\/2020\/03\/O-CAT-300x284.jpg 300w\" sizes=\"(max-width: 402px) 100vw, 402px\" \/><\/span><\/strong><\/p>\n<p><strong><strong><span style=\"color: #828995;\">HABITUAL A EUROPA <\/span><\/strong><br \/>\n<\/strong>La manca de capacitat i la falta d\u2019habilitat de conformar una coalici\u00f3 de govern va conduir a que se celebressin les quartes eleccions generals en nom\u00e9s quatre anys: comicis del 20 de desembre de 2015, 26 de juny de 2016, 28 d\u2019abril de 2019 i 10 de novembre 2019. Van ser aquests darrers comicis del 10-N de 2019 els que van donar el naixement en el Govern d\u2019Espanya de la primera coalici\u00f3 de govern, el 13 de gener de 2020. Ha trigat massa en el Govern d\u2019Espanya la formaci\u00f3 d\u2019un govern de coalici\u00f3. En canvi, aix\u00f2 \u00e9s habitual a Europa, on la ciutadania europea est\u00e0 acostumada al di\u00e0leg, les negociacions, els pactes i els governs de coalici\u00f3 com a vectors de la cultura pol\u00edtica democr\u00e0tica.<\/p>\n<h2><span style=\"color: #ae0f09;\"><img decoding=\"async\" loading=\"lazy\" class=\" wp-image-23490 alignright\" src=\"http:\/\/www.monempresarial.com\/wp-content\/uploads\/2020\/03\/objetivo-1-300x259.jpg\" alt=\"\" width=\"243\" height=\"210\" srcset=\"https:\/\/www.monempresarial.com\/wp-content\/uploads\/2020\/03\/objetivo-1-300x259.jpg 300w, https:\/\/www.monempresarial.com\/wp-content\/uploads\/2020\/03\/objetivo-1.jpg 550w\" sizes=\"(max-width: 243px) 100vw, 243px\" \/><\/span><\/h2>\n<blockquote>\n<h2><span style=\"color: #ae0f09;\">Ha trigat massa en el Govern d\u2019Espanya la formaci\u00f3 d\u2019un govern de coalici\u00f3. En canvi, aix\u00f2 \u00e9s habitual a Europa, on la ciutadania europea est\u00e0 acostumada al di\u00e0leg, les negociacions, els pactes i els governs de coalici\u00f3 com a vectors de la cultura pol\u00edtica democr\u00e0tica.<\/span><\/h2>\n<\/blockquote>\n<p><strong><span style=\"color: #828995;\">ESQUERRA I DRETA <\/span><\/strong><br \/>\nEl primer govern de coalici\u00f3 de la democr\u00e0cia en quatre decennis \u00e9s un executiu que, amb les evidents dist\u00e0ncies hist\u00f2riques, t\u00e9 semblances partidistes amb els governs de Francisco Largo Caballero i de Juan Negr\u00edn, si ens fixem en el suport dels partits pol\u00edtics. El 3r, 4rt, 5\u00e8, i 6\u00e8 governs democr\u00e0tics durant la Guerra Civil espanyola, que foren el 23\u00e8, 24\u00e8, 25\u00e8 i 26\u00e8 governs d\u2019Espanya durant la II Rep\u00fablica, entre d\u2019altres partits, tenien ministres del Partit Socialista Obrer Espanyol (PSOE), Partit Comunista d\u2019Espanya (PCE), Esquerra Republicana de Catalunya (ERC) i Partit Nacionalista Basc (PNB). Curiosament, el primer govern de coalici\u00f3 de la democr\u00e0cia espanyola en el segle XXI est\u00e0 format pel PSOE i Unidas Podemos, amb el suport de PNB (afirmatiu) i ERC (abstenci\u00f3) a la investidura del President Pedro S\u00e1nchez.<br \/>\nPer\u00f2 arribar\u00e0 el dia en que a Espanya hi haur\u00e0 coalicions de tota mena, governs d\u2019esquerra i de dreta, homologant-nos a Europa. Perqu\u00e8 a Europa les coalicions de govern es fan a l\u2019esquerra (Finl\u00e0ndia), a la dreta (Noruega) i amb una mixtura multicolor de dreta i esquerra, com a Alemanya (coalici\u00f3 de democratacristians i socialdem\u00f2crates) o \u00c0ustria (coalici\u00f3 entre conservadors i verds).<\/p>\n<p><strong><span style=\"color: #828995;\">EN MAJORIA I MINORIA <\/span><\/strong>Observant els 27 estats membres de la Uni\u00f3 Europea hi trobem governs de coalici\u00f3 que governen amb una majoria parlament\u00e0ria, com ara a Alemanya, It\u00e0lia, Fran\u00e7a, \u00c0ustria o Holanda. Tamb\u00e9 trobem governs de coalici\u00f3 que governen amb una minoria parlament\u00e0ria, on s\u2019hi troba Espanya, a m\u00e9s de pa\u00efsos europeus com Su\u00e8cia, B\u00e8lgica, Eslov\u00e8nia, Rep\u00fablica Txeca o Noruega.<br \/>\nFins i tot, a Europa hi ha governs en solitari en minoria que governen gr\u00e0cies al suport extern d\u2019una alian\u00e7a parlament\u00e0ria amb d\u2019altres partits pol\u00edtics. El cas m\u00e9s conegut \u00e9s el govern de Portugal, on el Partit Socialista va presidir el govern en solitari en una legislatura molt estable entre 2015 i 2019, amb acord parlamentari amb el Partit Comunista, el Bloc d\u2019Esquerres i els Verds.<\/p>\n<h2><span style=\"color: #ae0f09;\"><img decoding=\"async\" loading=\"lazy\" class=\" wp-image-23488 alignright\" src=\"http:\/\/www.monempresarial.com\/wp-content\/uploads\/2020\/03\/objetivo--300x199.jpg\" alt=\"\" width=\"229\" height=\"152\" srcset=\"https:\/\/www.monempresarial.com\/wp-content\/uploads\/2020\/03\/objetivo--300x199.jpg 300w, https:\/\/www.monempresarial.com\/wp-content\/uploads\/2020\/03\/objetivo--252x167.jpg 252w, https:\/\/www.monempresarial.com\/wp-content\/uploads\/2020\/03\/objetivo-.jpg 426w\" sizes=\"(max-width: 229px) 100vw, 229px\" \/><\/span><\/h2>\n<blockquote>\n<h2><span style=\"color: #ae0f09;\">Aquesta \u00e9s la virtut dels grans pactes: dialogar i negociar. Aix\u00ed va n\u00e9ixer The Swedish Model. El model suec nasqu\u00e9 el 1938 amb l\u2019acord Saltsj\u00f6baden, que va crear una cultura del pacte, la negociaci\u00f3, la cooperaci\u00f3 i la responsabilitat m\u00fatua entre Govern, sindicats i empresaris<\/span><\/h2>\n<\/blockquote>\n<p><strong><span style=\"color: #828995;\">NOU CLIMA SOCIAL<\/span><\/strong><br \/>\nTot just Portugal, amb govern de centreesquerra i amb suport parlamentari d\u2019esquerres, ha redu\u00eft el d\u00e8ficit, ha baixat les desigualtats socials, ha disminu\u00eft l\u2019atur i ha rebaixat el deute p\u00fablic, com reconeix el Fons Monetari Internacional.<br \/>\n\u00c9s clar, els governs de coalici\u00f3 no s\u00f3n cap problema en si mateixos. M\u00e9s aviat, el problema \u00e9s la mancan\u00e7a d\u2019una cultura pol\u00edtica en el sistema de partits espanyol que faciliti la creaci\u00f3 de coalicions de govern. I aquest d\u00e8ficit cultural de la democr\u00e0cia espanyola pot comen\u00e7ar a esmenar-se a partir del primer govern de coalici\u00f3 de la democr\u00e0cia espanyola entre PSOE i Unidas Podemos, amb el suport parlamentari d\u2019ERC i PNB, entre d\u2019altres formacions pol\u00edtiques.<br \/>\nAix\u00ed sembla que ho han ent\u00e8s els agents socials. La patronal i els sindicats han empr\u00e8s un nou clima social amb el primer gran acord de la legislatura: la pujada del salari m\u00ednim a 950 euros. \u00c9s un pacte amb un resultat entremig despr\u00e9s d\u2019una negociaci\u00f3 on els empresaris volien deixar-lo en 900 euros i els sindicats pujar-lo a 1.000 euros. Aquesta \u00e9s la virtut dels grans pactes: dialogar i negociar. Aix\u00ed va n\u00e9ixer &#8220;The Swedish Model&#8221;. El model suec nasqu\u00e9 el 1938 amb l\u2019acord Saltsj\u00f6baden, que va crear una cultura del pacte, la negociaci\u00f3, la cooperaci\u00f3 i la responsabilitat m\u00fatua entre Govern, sindicats i empresaris.<\/p>\n<p><img decoding=\"async\" loading=\"lazy\" class=\"wp-image-23534 aligncenter\" src=\"https:\/\/www.monempresarial.com\/wp-content\/uploads\/2020\/03\/OO-CAT.jpg\" alt=\"\" width=\"758\" height=\"441\" srcset=\"https:\/\/www.monempresarial.com\/wp-content\/uploads\/2020\/03\/OO-CAT.jpg 1053w, https:\/\/www.monempresarial.com\/wp-content\/uploads\/2020\/03\/OO-CAT-300x175.jpg 300w, https:\/\/www.monempresarial.com\/wp-content\/uploads\/2020\/03\/OO-CAT-1024x596.jpg 1024w, https:\/\/www.monempresarial.com\/wp-content\/uploads\/2020\/03\/OO-CAT-300x175@2x.jpg 600w\" sizes=\"(max-width: 758px) 100vw, 758px\" \/><\/p>\n","protected":false},"excerpt":{"rendered":"<p>Milions d\u2019europeus viuen en pa\u00efsos governats per governs de coalici\u00f3. Aix\u00f2 succeeix a Alemanya, Fran\u00e7a, It\u00e0lia, Su\u00e8cia, Finl\u00e0ndia, Noruega, Isl\u00e0ndia, B\u00e8lgica, Holanda i d\u2019altres pa\u00efsos europeus. Per primera vegada des de fa 80 anys, el govern espanyol \u00e9s un govern de coalici\u00f3.<\/p>\n","protected":false},"author":16,"featured_media":23504,"comment_status":"closed","ping_status":"closed","sticky":false,"template":"","format":"standard","meta":{"_mi_skip_tracking":false,"mc4wp_mailchimp_campaign":[],"jnews-multi-image_gallery":[],"jnews_single_post":[],"jnews_primary_category":[]},"categories":[10847,10816,24],"tags":[170,351,366,5740,8078],"_links":{"self":[{"href":"https:\/\/www.monempresarial.com\/ca\/wp-json\/wp\/v2\/posts\/23519"}],"collection":[{"href":"https:\/\/www.monempresarial.com\/ca\/wp-json\/wp\/v2\/posts"}],"about":[{"href":"https:\/\/www.monempresarial.com\/ca\/wp-json\/wp\/v2\/types\/post"}],"author":[{"embeddable":true,"href":"https:\/\/www.monempresarial.com\/ca\/wp-json\/wp\/v2\/users\/16"}],"replies":[{"embeddable":true,"href":"https:\/\/www.monempresarial.com\/ca\/wp-json\/wp\/v2\/comments?post=23519"}],"version-history":[{"count":0,"href":"https:\/\/www.monempresarial.com\/ca\/wp-json\/wp\/v2\/posts\/23519\/revisions"}],"wp:featuredmedia":[{"embeddable":true,"href":"https:\/\/www.monempresarial.com\/ca\/wp-json\/wp\/v2\/media\/23504"}],"wp:attachment":[{"href":"https:\/\/www.monempresarial.com\/ca\/wp-json\/wp\/v2\/media?parent=23519"}],"wp:term":[{"taxonomy":"category","embeddable":true,"href":"https:\/\/www.monempresarial.com\/ca\/wp-json\/wp\/v2\/categories?post=23519"},{"taxonomy":"post_tag","embeddable":true,"href":"https:\/\/www.monempresarial.com\/ca\/wp-json\/wp\/v2\/tags?post=23519"}],"curies":[{"name":"wp","href":"https:\/\/api.w.org\/{rel}","templated":true}]}}