{"id":23538,"date":"2020-03-30T09:00:45","date_gmt":"2020-03-30T07:00:45","guid":{"rendered":"http:\/\/www.monempresarial.com\/?p=23538"},"modified":"2025-09-24T11:28:12","modified_gmt":"2025-09-24T09:28:12","slug":"stranger-thingsel-mundo-al-reves","status":"publish","type":"post","link":"https:\/\/www.monempresarial.com\/ca\/2020\/03\/30\/stranger-thingsel-mundo-al-reves\/","title":{"rendered":"Stranger Things: el m\u00f3n al rev\u00e9s?"},"content":{"rendered":"<h4><img decoding=\"async\" loading=\"lazy\" class=\"alignright wp-image-8620\" src=\"http:\/\/monempresarial.com\/wp-content\/uploads\/2016\/01\/mon-empresarial-005-joan-tugores.png\" alt=\"mon-empresarial-005-joan-tugores\" width=\"226\" height=\"215\" \/><\/h4>\n<p><strong>En els darrers temps augmenta la perplexitat davant d\u2019aspectes que difereixen d\u2019all\u00f2 que creiem habitual: des de tipus d\u2019inter\u00e8s \u00ednfims o negatius que penalitzen l\u2019estalvi i estimulen l\u2019endeutament o noves formes de diner que escapen el control de les autoritats, fins a un entorn en qu\u00e8 les regles de la globalitzaci\u00f3 sembla que trontollen <\/strong><\/p>\n<h4><span style=\"color: #829c92; text-transform: uppercase;\">Juan Tugores Ques. <\/span>Catedr\u00e0tic d\u2019Economia de la UB.<\/h4>\n<hr style=\"color: #b72126;\" \/>\n<p>En aquesta \u00e8poca de series televisives que s\u2019han popularitzat i ocupen una part significativa de l\u2019oci, potser no \u00e9s tan fr\u00edvol com podria semblar a primera vista utilitzar-les com a refer\u00e8ncies per alguns canvis importants que estan originant perplexitats i desorientaci\u00f3 a l\u2019hora de mirar d\u2019entendre qu\u00e8 est\u00e0 succeint en les nostres economies i en les nostres societats. Una d\u2019elles, <em>Stranger Things<\/em>, sembla un t\u00edtol adequat per resumir l\u2019escenari actual. Amb poc temps hem vist n\u00e9ixer noves realitats, algunes ins\u00f2lites, d\u2019altres que suposen retorns a situacions del passat que cr\u00e8iem superades. Com sol succeir en \u00e8poques de transformaci\u00f3 r\u00e0pides i disruptives, els recels i desconcerts conviuen (i sovint semblen dominar) amb les esperances que susciten les novetats, cosa que encaixa amb el gran eco les dist\u00f2pies en el m\u00f3n de les s\u00e8ries: des dels escenaris de conseq\u00fc\u00e8ncies d\u2019aplicacions de la tecnologia que descriuen els episodis de <em>Black Mirror<\/em> (alguns d\u2019ells semblaven ficci\u00f3 fa pocs anys i avui s\u00f3n ja realitats, com ara el de control social \u201cpuntuant els ciutadans\u201d a la Xina) o <em>Years and Years<\/em> (sobre els canvis que propicien l\u2019arribada al c\u00e0rrec de primer ministre del Regne Unit de persones de determinat perfil) o el m\u00e9s (encara m\u00e9s) dram\u00e0tic <em>Handmaid\u2019s Tale<\/em>.<\/p>\n<p><span style=\"color: #829c92;\"><strong>Menys estalvi, m\u00e9s endeutament <\/strong><\/span><br \/>\nKeynes, podr\u00edem denominar una \u201ceutan\u00e0sia de l\u2019estalviador\u201d&#8230; al mateix temps que els baixos costos d\u2019endeutar-se accentuen una perillosa acumulaci\u00f3 de (m\u00e9s) deute i de pitjor qualitat, segons an\u00e0lisis de l\u2019FMI o l\u2019OCDE. Estalvi penalitzat, endeutament afavorit, es diria que el m\u00f3n funciona al rev\u00e9s&#8230; amb \u201cav\u00eds de spoiler\u201d, indicar que en la citada s\u00e8rie <em>Stranger Things<\/em> la clau resulta estar en qu\u00e8, per un conjunt de circumst\u00e0ncies, s\u2019hauria obert una connexi\u00f3 a una esp\u00e8cie de m\u00f3n paral\u00b7lel on les coses funcionen \u201c<em>Upside down<\/em>\u201d, al rev\u00e9s. Es troba la ficci\u00f3 m\u00e9s a prop de la realitat del que ens pensem?<\/p>\n<blockquote>\n<h2 style=\"text-align: left;\"><span style=\"color: #829c92;\"><strong><img decoding=\"async\" loading=\"lazy\" class=\"wp-image-23544 alignright\" src=\"http:\/\/www.monempresarial.com\/wp-content\/uploads\/2020\/03\/tribuna-1.jpg\" alt=\"\" width=\"142\" height=\"203\" srcset=\"https:\/\/www.monempresarial.com\/wp-content\/uploads\/2020\/03\/tribuna-1.jpg 402w, https:\/\/www.monempresarial.com\/wp-content\/uploads\/2020\/03\/tribuna-1-210x300.jpg 210w\" sizes=\"(max-width: 142px) 100vw, 142px\" \/><\/strong>La retribuci\u00f3 de l\u2019estalvi, la recompensa pel qual ens havien ensenyat els nostres predecessors que era la virtut de l\u2019estalvi, es converteix en pr\u00e0cticament zero o negativa, generant el que, parafrasejant a Keynes, podr\u00edem denominar una \u201ceutan\u00e0sia de l\u2019estalviador\u201d<\/span><\/h2>\n<\/blockquote>\n<p><span style=\"color: #829c92;\"><strong>Adeu a l\u2019hegemonia de les entitats financeres? <\/strong><\/span><br \/>\nUn altre aspecte que fa que sembli que les coses s\u2019hagin \u201ctornat al rev\u00e9s\u201d \u00e9s quelcom tan quotidi\u00e0 com ho s\u00f3n els diners. Tot i que al llarg de la hist\u00f2ria hi ha hagut moltes formes de mitjans de pagament i d\u2019intercanvi, port\u00e0vem d\u00e8cades, pr\u00e0cticament segles, en qu\u00e8 l\u2019emissi\u00f3 de diner era una de les compet\u00e8ncies dels poders p\u00fablics, generalment a trav\u00e9s dels Bancs Centrals, i el control del diner i del cr\u00e8dit a trav\u00e9s de les pol\u00edtiques monet\u00e0ries i financeres era una pe\u00e7a essencial de les pol\u00edtiques p\u00fabliques. La recent aparici\u00f3 de \u201cmonedes virtuals\u201d, que no nom\u00e9s utilitzen formats estrictament digitals -res de monedes i bitllets- i que presumeixen de no estar supeditades a cap poder p\u00fablic que els pugui manipular, ha comen\u00e7at a sacsejar les borses. Alguns Bancs Centrals ja estan reaccionant. A principis de desembre la <em>Banque de France<\/em> anunciava per al 2020 assajos amb una \u201cmoneda digital de banc central\u201d (CBDC en sigles angleses) que, de confirmar-se, suposaria que un pa\u00eds important s\u2019afegeix a la llista d\u2019altres economies de menor dimensi\u00f3 que ja han anunciat iniciatives al respecte. Una conseq\u00fc\u00e8ncia encara inexplorada d\u2019aix\u00f2 podria ser la capacitat dels ciutadans particulars (fam\u00edlies i empreses) d\u2019operar directament amb els seus bancs centrals (o amb entitats privades emissores de criptomonedes) fent sorgir dubtes sobre el paper d\u2019unes entitats financeres tradicionals amb uns marges de rendibilitat que ja s\u2019estan veient erosionats per l\u2019entorn de tipus d\u2019inter\u00e8s m\u00ednims.<\/p>\n<h2 style=\"text-align: left;\"><span style=\"color: #829c92;\"><img decoding=\"async\" loading=\"lazy\" class=\" wp-image-23548 alignleft\" src=\"http:\/\/www.monempresarial.com\/wp-content\/uploads\/2020\/03\/tribuna-3.jpg\" alt=\"\" width=\"261\" height=\"197\" srcset=\"https:\/\/www.monempresarial.com\/wp-content\/uploads\/2020\/03\/tribuna-3.jpg 442w, https:\/\/www.monempresarial.com\/wp-content\/uploads\/2020\/03\/tribuna-3-300x227.jpg 300w\" sizes=\"(max-width: 261px) 100vw, 261px\" \/><\/span><\/h2>\n<blockquote>\n<h2 style=\"text-align: left;\"><span style=\"color: #829c92;\">Una conseq\u00fc\u00e8ncia encara inexplorada d\u2019aix\u00f2 podria ser la capacitat dels ciutadans particulars d\u2019operar directament amb els seus bancs centrals, fent sorgir dubtes sobre el paper d\u2019unes entitats financeres tradicionals amb uns marges de rendibilitat que ja s\u2019estan veient erosionats per l\u2019entorn de tipus d\u2019inter\u00e8s m\u00ednims. <\/span><\/h2>\n<\/blockquote>\n<p>Algunes de les iniciatives en nous mitjans de pagament digitals estan protagonitzades per <em>BigTech<\/em>, grans corporacions que gestionen els pagaments entre els seus centenars de milers de clients de formes noves o que, directament, anuncien llan\u00e7aments de monedes amb pretensi\u00f3 d\u2019utilitzaci\u00f3 m\u00e9s general. Aquesta incursi\u00f3 en l\u2019\u00e0mbit monetari i financer d\u2019aquestes empreses -tant les que tenen seu a Estats Units com les que han anat apareixent a la Xina gaireb\u00e9 com una r\u00e8plica de les occidentals- seria nom\u00e9s una de les vessants en qu\u00e8 aquestes corporacions treuen partit del que alguns analistes han denominat el seu DNA (control d\u2019ingents volums de Dades i capacitat d\u2019articular <em>networks<\/em> de relacions entre milions d\u2019usuaris en nombre creixent d\u2019activitats). Des del punt de vista econ\u00f2mic, fins i tot l\u2019FMI dedicava fa poc un comentat estudi sobre el paper d\u2019aquelles grans empreses per explicar la concentraci\u00f3 de \u201cpoder de mercat\u201d i els subseg\u00fcents beneficis en un segment redu\u00eft, davant la tend\u00e8ncia a la baixa, per exemple, de la participaci\u00f3 dels salaris en la renda nacional. Tanmateix, sembla clar que les implicacions en termes de control social a partir dels <em>bigdata<\/em> dels quals disposen aquestes entitats conformen un escenari que supera alguns episodis que semblaven ficci\u00f3 a <em>Black Mirror<\/em>. I a m\u00e9s, potser presagien un itinerari cap a un escenari <em>Blade Runner<\/em> en qu\u00e8 les interaccions entre humans i m\u00e0quines ha agafat derivades insospitades i alguna corporaci\u00f3 \u00e9s un <em>estat dins de l\u2019Estat<\/em>.<\/p>\n<blockquote>\n<h2 style=\"text-align: left;\"><span style=\"color: #829c92;\"><img decoding=\"async\" loading=\"lazy\" class=\"wp-image-23546 alignright\" src=\"http:\/\/www.monempresarial.com\/wp-content\/uploads\/2020\/03\/tribuna-2.jpg\" alt=\"\" width=\"220\" height=\"274\" srcset=\"https:\/\/www.monempresarial.com\/wp-content\/uploads\/2020\/03\/tribuna-2.jpg 450w, https:\/\/www.monempresarial.com\/wp-content\/uploads\/2020\/03\/tribuna-2-242x300.jpg 242w\" sizes=\"(max-width: 220px) 100vw, 220px\" \/>Com han mostrat els treballs de Piketty o Zucman, alguns indicadors de distribuci\u00f3 de la renda s\u2019assemblen avui m\u00e9s als de 1900 que als de 1970. <\/span><\/h2>\n<\/blockquote>\n<p><span style=\"color: #829c92;\"><strong>Desigualtats d\u2019un altre segle<br \/>\n<\/strong><\/span>Entre les coses que s\u2019estarien \u201ctornant al rev\u00e9s\u201d figuraria el retorn a unes pautes de distribuci\u00f3 de la renda amb majors desigualtats, amb m\u00e9s polaritzacions, similars a les de fa un segle o m\u00e9s. No \u00e9s d\u2019estranyar la utilitzaci\u00f3 freq\u00fcent del terme \u201creversi\u00f3\u201d per referir-se al retroc\u00e9s a par\u00e0metres que ens allunyen de les millores socials aconseguides -al menys en les economies avan\u00e7ades per\u00f2 que es consideraven refer\u00e8ncies a seguir per la resta de pa\u00efsos amb la generaci\u00f3 dels \u201cestats del benestar\u201d despr\u00e9s de la segona guerra mundial. Com han mostrat els treballs de Piketty o Zucman, alguns indicadors de distribuci\u00f3 de la renda s\u2019assemblen avui m\u00e9s als de 1900 que als de 1970. La generalitzaci\u00f3 del \u201cmalestar con(tra) la globalitzaci\u00f3\u201d, manllevant l\u2019expressi\u00f3 de Stiglitz, seria una conseq\u00fc\u00e8ncia. Per\u00f2 una altra important seria q\u00fcestionar-se de forma cada cop m\u00e9s crua i oberta les \u201cregles del joc\u201d del sistema multilateral obert en comer\u00e7 i finances vigent en les darreres d\u00e8cades, davant la constataci\u00f3 que segments importants quedaven exclosos d\u2019ells i\/o la percepci\u00f3, en qualsevol cas, que no es distribu\u00efen de forma equitativa.<br \/>\nLa introducci\u00f3 de la noci\u00f3 <em>d\u2019inclusivitat<\/em> no sembla que estigui arribant a temps d\u2019aplacar aquest malestar, amb el sorgiment de protestes en pa\u00efsos de latituds i nivells socioecon\u00f2mics molt diferents. Les barreres proteccionistes, que el G20 es va conjurar per evitar des de 2008-2009 amb l\u2019objectiu de no repetir els errors que van agreujar la Gran Depressi\u00f3 des de 1929-1930, han reaparegut amb virul\u00e8ncia des de 2018, obligant a \u201cdesempolsar\u201d les an\u00e0lisis acad\u00e8miques i pol\u00edtiques sobre els seus costos. Assistim a declaracions segons les quals el m\u00f3n que va imaginar David Ricardo fa m\u00e9s de dos segles, a l\u2019explicar com l\u2019aprofitament dels \u201cavantatges comparatius\u201d en el comer\u00e7 internacional obrien possibilitats d\u2019intercanvi m\u00fatuament avantatjoses, seria una ingenu\u00eftat en comparaci\u00f3 amb la<em> realpolitik<\/em> en qu\u00e8 les grans pot\u00e8ncies converteixen la gesti\u00f3 de les seves transaccions comercials en una eina per pugnar per l\u2019hegemonia, fent reapar\u00e8ixer un<em> Managed Trade<\/em> contraposat als aven\u00e7os cap a la liberalitzaci\u00f3 comercial. Una liberalitzaci\u00f3 comercial que durant d\u00e8cades ha estat un pilar d\u2019una globalitzaci\u00f3 que ara es veu tensada.<br \/>\nLa nova directora de l\u2019FMI, la ciutadana b\u00falgara Kristalina Georgieva, apel\u00b7la a les experi\u00e8ncies que els hi dona el seu origen nacional per explicar, en el seu primer discurs en el c\u00e0rrec, el risc de les fractures, de fragmentacions, arribant fins i tot a efectuar comparacions amb el Mur de Berl\u00edn o el Tel\u00f3 d\u2019Acer.<\/p>\n<blockquote>\n<h2 style=\"text-align: left;\"><span style=\"color: #829c92;\"><strong><img decoding=\"async\" loading=\"lazy\" class=\"wp-image-23544 alignright\" src=\"http:\/\/www.monempresarial.com\/wp-content\/uploads\/2020\/03\/tribuna-1.jpg\" alt=\"\" width=\"142\" height=\"203\" srcset=\"https:\/\/www.monempresarial.com\/wp-content\/uploads\/2020\/03\/tribuna-1.jpg 402w, https:\/\/www.monempresarial.com\/wp-content\/uploads\/2020\/03\/tribuna-1-210x300.jpg 210w\" sizes=\"(max-width: 142px) 100vw, 142px\" \/><\/strong>Les barreres proteccionistes, que el G20 es va conjurar per evitar des de 2008-2009 amb l\u2019objectiu de no repetir els errors que van agreujar la Gran Depressi\u00f3 des de 1929-1930, han reaparegut amb virul\u00e8ncia des de 2018, obligant a \u201cdesempolsar\u201d les an\u00e0lisis acad\u00e8miques i pol\u00edtiques sobre els seus costos<br \/>\n<\/span><\/h2>\n<\/blockquote>\n<p style=\"text-align: left;\">Realment estem vivint coses estranyes. Algunes ens mostren formes de funcionar \u201cal rev\u00e9s\u201d del que est\u00e0vem acostumats. Altres poden interpretar-se en termes de retorns, de reversions, a unes pautes que creiem que hav\u00edem deixat enrere per sempre. \u00c9s cert que alguns episodis ens haurien de recordar que les anades i vingudes s\u00f3n constants al llarg de la hist\u00f2ria: l\u2019escenari global de l\u2019Imperi Rom\u00e0, amb regles jur\u00eddiques i cal\u00e7ades de comunicaci\u00f3 compartides, va caure. L\u2019original Ruta de la Seda, que va unir durant segles la Xina amb \u00c0sia Central, Pr\u00f2xim Orient i les ciutats m\u00e9s pr\u00f2speres d\u2019Europa, va caure. El sistema comercial i financer obert vigent entre 1870 i 1913, va caure estrepitosament amb la Primera Guerra Mundial. Potser va ser ingenu pensar que despr\u00e9s de la Segona Guerra Mundial hav\u00edem assolit la f\u00f3rmula per fer compatibles la democr\u00e0cia, el creixement i el benestar&#8230; per\u00f2, tot i els malastrucs sovint interessats, el futur no est\u00e0 escrit i haur\u00edem de tenir lucidesa i l\u2019empenta per (de)mostrar que en un futur, que ja ha comen\u00e7at, aquests aspectes s\u00f3n tant compatibles com complementaris.<\/p>\n","protected":false},"excerpt":{"rendered":"<p>En els darrers temps augmenta la perplexitat davant d\u2019aspectes que difereixen d\u2019all\u00f2 que creiem habitual: des de tipus d\u2019inter\u00e8s \u00ednfims o negatius que penalitzen l\u2019estalvi i estimulen l\u2019endeutament o noves formes de diner que escapen el control de les autoritats, fins a un entorn en qu\u00e8 les regles de la globalitzaci\u00f3 sembla que trontollen <\/p>\n","protected":false},"author":8,"featured_media":23563,"comment_status":"open","ping_status":"open","sticky":false,"template":"","format":"standard","meta":{"_mi_skip_tracking":false,"mc4wp_mailchimp_campaign":[],"jnews-multi-image_gallery":[],"jnews_single_post":[],"jnews_primary_category":[]},"categories":[10839,10840,10815,18],"tags":[113,718,1012,1047,3150,8121],"_links":{"self":[{"href":"https:\/\/www.monempresarial.com\/ca\/wp-json\/wp\/v2\/posts\/23538"}],"collection":[{"href":"https:\/\/www.monempresarial.com\/ca\/wp-json\/wp\/v2\/posts"}],"about":[{"href":"https:\/\/www.monempresarial.com\/ca\/wp-json\/wp\/v2\/types\/post"}],"author":[{"embeddable":true,"href":"https:\/\/www.monempresarial.com\/ca\/wp-json\/wp\/v2\/users\/8"}],"replies":[{"embeddable":true,"href":"https:\/\/www.monempresarial.com\/ca\/wp-json\/wp\/v2\/comments?post=23538"}],"version-history":[{"count":1,"href":"https:\/\/www.monempresarial.com\/ca\/wp-json\/wp\/v2\/posts\/23538\/revisions"}],"predecessor-version":[{"id":47690,"href":"https:\/\/www.monempresarial.com\/ca\/wp-json\/wp\/v2\/posts\/23538\/revisions\/47690"}],"wp:featuredmedia":[{"embeddable":true,"href":"https:\/\/www.monempresarial.com\/ca\/wp-json\/wp\/v2\/media\/23563"}],"wp:attachment":[{"href":"https:\/\/www.monempresarial.com\/ca\/wp-json\/wp\/v2\/media?parent=23538"}],"wp:term":[{"taxonomy":"category","embeddable":true,"href":"https:\/\/www.monempresarial.com\/ca\/wp-json\/wp\/v2\/categories?post=23538"},{"taxonomy":"post_tag","embeddable":true,"href":"https:\/\/www.monempresarial.com\/ca\/wp-json\/wp\/v2\/tags?post=23538"}],"curies":[{"name":"wp","href":"https:\/\/api.w.org\/{rel}","templated":true}]}}