{"id":23614,"date":"2020-04-01T13:00:10","date_gmt":"2020-04-01T11:00:10","guid":{"rendered":"http:\/\/www.monempresarial.com\/2020\/04\/01\/entrevista-a-carlos-grau-director-general-de-la-mobile-world-capital-barcelona\/"},"modified":"2025-06-06T10:12:30","modified_gmt":"2025-06-06T08:12:30","slug":"entrevista-a-carlos-grau-director-general-de-la-mobile-world-capital-barcelona","status":"publish","type":"post","link":"https:\/\/www.monempresarial.com\/ca\/2020\/04\/01\/entrevista-a-carlos-grau-director-general-de-la-mobile-world-capital-barcelona\/","title":{"rendered":"Entrevista a Carlos Grau, director general de la Mobile World Capital Barcelona"},"content":{"rendered":"<h3><strong><img decoding=\"async\" loading=\"lazy\" class=\" wp-image-23594 alignleft\" src=\"https:\/\/www.monempresarial.com\/wp-content\/uploads\/2020\/04\/noticias-hoy.jpg\" alt=\"\" width=\"223\" height=\"312\" srcset=\"https:\/\/www.monempresarial.com\/wp-content\/uploads\/2020\/04\/noticias-hoy.jpg 567w, https:\/\/www.monempresarial.com\/wp-content\/uploads\/2020\/04\/noticias-hoy-214x300.jpg 214w, https:\/\/www.monempresarial.com\/wp-content\/uploads\/2020\/04\/noticias-hoy-214x300@2x.jpg 428w\" sizes=\"(max-width: 223px) 100vw, 223px\" \/><span style=\"color: #808080;\">\u201cEl teletreball est\u00e0 demostrant unes capacitats que far\u00e0 reflexionar molts empresaris: els que no han apostat per la formaci\u00f3 i la flexibilitat ho passaran pitjor\u201d<\/span><\/strong><\/h3>\n<p><span style=\"color: #808080;\"><strong>Entrevista a Carlos Grau, director general de la Mobile World Capital Barcelona <\/strong><\/span><\/p>\n<p><strong>Ara fa quatre setmanes Barcelona havia d\u2019acollir una nova edici\u00f3 del Mobile World Congress, per\u00f2 l\u2019amena\u00e7a creixent de la COVID-19 va dur als organitzadors a cancel\u00b7lar el major esdeveniment de telefonia m\u00f2bil del planeta. Per a Barcelona es tractava d\u2019un primer av\u00eds de la tempesta que s\u2019aproximava. Una tempesta que no ha aconseguit aturar-ho tot, principalment gr\u00e0cies a les noves tecnologies. Des de la Mobile World Capital Barcelona, fundaci\u00f3 amb suport p\u00fablic i privat que s\u2019implica en el congr\u00e9s i en el desenvolupament digital del pa\u00eds, han dut a terme iniciatives en remot, com la <em>Mobile Talks From Home<\/em>. Parlem amb el seu director general, Carlos Grau, per reflexionar sobre les lli\u00e7ons que ens deixar\u00e0 la COVID-19 en l\u2019entorn empresarial i digital.<\/strong><\/p>\n<p><span style=\"color: #808080;\"><strong>Text: Adri\u00e0 Gratac\u00f3s Torras <\/strong><\/span><\/p>\n<p><strong>Ara fa un mes i mig, la GSMA cancel\u00b7lava l\u2019edici\u00f3 d\u2019enguany del Mobile World Congress. Barcelona seguir\u00e0 sent la capital de telefonia m\u00f2bil mundial?<\/strong><br \/>\nEls alts c\u00e0rrecs de la GSMA, que engloba m\u00e9s de 1.200 companyies de telefonia m\u00f2bil, han de venir ells a recordar-nos que Barcelona \u00e9s el millor lloc del m\u00f3n per compartir coneixement, realitzar acords i compartir innovacions en l\u2019entorn d\u2019aquestes tecnologies.\u00a0 L\u2019esdeveniment de refer\u00e8ncia global amb m\u00e9s audi\u00e8ncia i m\u00e9s impacte de la telefonia m\u00f2bil \u00e9s a Barcelona. Tenim acord amb la GSMA i tots els patrons fins al 2023. Tenim tres anys m\u00e9s per endavant i un gran comprom\u00eds per fer del 2021 la millor edici\u00f3 de la hist\u00f2ria. Barcelona continua, per molts anys, sent la capital, i aquesta situaci\u00f3 que estem vivint aquest trimestre no ha de canviar res en absolut.<\/p>\n<p><strong>Fa la sensaci\u00f3 que ha de ser la pr\u00f2pia GSMA la que ha de conv\u00e8ncer que Barcelona t\u00e9 un paper important en el sector de la telefonia m\u00f2bil&#8230;<\/strong><br \/>\nS\u00ed. Sembla que ha de venir en John Hoffman a dir-nos que ens ho hem de creure nosaltres mateixos. Moltes vegades ens oblidem de valorar els intangibles de la ciutat. Sempre valorem els tangibles, com les connexions de negoci internacional, les infraestructures, el sistema educatiu i de salut, o la mobilitat. Per\u00f2 tamb\u00e9 hi ha altres indicadors intangibles d\u2019acolliment, de cultura, de qualitat de vida, de clima, d\u2019entorn social i de seguretat que fan que Barcelona pugui esdevenir una capital mundial.<\/p>\n<blockquote>\n<h2 style=\"color: #00542d;\"><img decoding=\"async\" loading=\"lazy\" class=\"size-full wp-image-23612 alignleft\" src=\"https:\/\/www.monempresarial.com\/wp-content\/uploads\/2020\/04\/Sin-t\u00edtulo-6.jpg\" alt=\"\" width=\"202\" height=\"139\" \/>\u201cA Espanya fa anys que es va apostar per les infraestructures de fibra \u00f2ptica i de desplegament de xarxa molt per sobre de la mitjana europea\u201d<\/h2>\n<\/blockquote>\n<p><strong>La bona acollida de la iniciativa Tech Spirit Barcelona demostra que dins d\u2019aquests intangibles tamb\u00e9 hi ha un ecosistema digital i emprenedor que es va consolidant?<\/strong><br \/>\nTotalmente. Partiendo de la base que, tanto el Mobile como el 4YFN son insustituibles, el Tech Spirit Barcelona fue la muestra del alma del ecosistema digital y emprendedor de la ciudad. Todos los patrones de la Fundaci\u00f3n MWCapital, las administraciones, los operadores y grandes corporaciones se implicaron. Esto demuestra que Barcelona tiene alma de capital mundial. Y tambi\u00e9n lo demuestra que asistieron inversores de todo el mundo.<\/p>\n<p><strong>L\u2019estat d\u2019alarma decretat per l\u2019emerg\u00e8ncia sanit\u00e0ria que suposa el COVID-19 genera un par\u00e8ntesi en l\u2019activitat del pa\u00eds, i propicia iniciatives telem\u00e0tiques\u00a0 de reflexi\u00f3 com el <em>Mobile Talks From Home<\/em>.<\/strong>\u00a0 <strong>En un moment d\u2019incertesa com l\u2019actual, tamb\u00e9 hi ha espai per a l\u2019oportunitat?<\/strong><br \/>\nEns trobem en un moment idoni per reflexionar, com a m\u00ednim en tres \u00e0rees. Primer hem d\u2019admetre que la nostra societat \u00e9s fr\u00e0gil i que tenim incerteses, i aix\u00f2 ens obliga a tots a tenir organitzacions flexibles. Fins ara hav\u00edem treballat amb planificacions est\u00e0tiques, i aquesta vulnerabilitat ens demostra que necessitem planificacions flexibles. Tamb\u00e9 \u00e9s un moment per assegurar que tots els nostres projectes tenen prop\u00f2sit. Fins ara hi ha hagut una prioritzaci\u00f3 important dels objectius econ\u00f2mics, per\u00f2 ara estem veient lo important que s\u00f3n els objectius socials per a les empreses. I veiem lo important que \u00e9s tenir projectes que compleixin els dos elements: tenir impacte econ\u00f2mic i impacte social.<\/p>\n<p>I aquests dies tamb\u00e9 estem veient la import\u00e0ncia de les grans aliances. La import\u00e0ncia de com grans reptes del nostre m\u00f3n nom\u00e9s es poden assolir quan col\u00b7laboren els agents p\u00fablics i privats. El <em>Mobile Talks<\/em> que vam celebrar la setmana passada va ser una jornada on les comunicacions estan demostrant que s\u00f3n m\u00e9s importants que mai. El teletreball ens permet ser m\u00e9s productius, conciliar millor amb les nostres vides i tenir menys impacte a nivell de consum energ\u00e8tic i d\u2019emissions. Ara mateix el teletreball est\u00e0 demostrant unes capacitats que far\u00e0 reflexionar \u00a0molts empresaris.\u00a0 Aquells que no han apostat per la formaci\u00f3 i la flexibilitat ho passaran pitjor.<\/p>\n<blockquote>\n<h2 style=\"color: #00542d;\"><img decoding=\"async\" loading=\"lazy\" class=\"wp-image-23596 alignright\" src=\"https:\/\/www.monempresarial.com\/wp-content\/uploads\/2020\/04\/destacado-2.jpg\" alt=\"\" width=\"147\" height=\"143\" srcset=\"https:\/\/www.monempresarial.com\/wp-content\/uploads\/2020\/04\/destacado-2.jpg 564w, https:\/\/www.monempresarial.com\/wp-content\/uploads\/2020\/04\/destacado-2-300x293.jpg 300w\" sizes=\"(max-width: 147px) 100vw, 147px\" \/><\/h2>\n<h2 style=\"color: #00542d;\">\u201cEl 5G permetr\u00e0 m\u00e9s efici\u00e8ncia, reducci\u00f3 de costos, menys consum energ\u00e8tic i major rapidesa en la presa de decisions de les organitzacions\u201d<\/h2>\n<\/blockquote>\n<p><strong>La formaci\u00f3 i el canvi d\u2019h\u00e0bits a la feina s\u00f3n dues lli\u00e7ons que les empreses haurien d\u2019aprendre durant aquest per\u00edode de crisi?<\/strong><br \/>\nS\u00ed. Les organitzacions han de tenir indicadors d\u2019impacte dels seus treballadors m\u00e9s enll\u00e0 de la pres\u00e8ncia. \u00c9s important tenir indicadors que no mesurin les hores, sin\u00f3 l\u2019impacte i la contribuci\u00f3 amb els objectius que tens marcats. Treballar per objectius i de manera flexible i col\u00b7laborativa \u00e9s la forma. I aix\u00f2 requereix d\u2019un canvi organitzatiu; requereix confian\u00e7a i formaci\u00f3 i acompanyament per aquest canvi d\u2019h\u00e0bits.<\/p>\n<p><strong>I tamb\u00e9 requereix d\u2019eines tecnol\u00f2giques que facilitin aquest teletreball. Estem preparats? <\/strong><br \/>\nA Espanya fa anys que es va apostar per les infraestructures de fibra \u00f2ptica i de desplegament de xarxa molt per sobre de la mitjana europea i ara mateix ens trobem en una situaci\u00f3 excepcional que ens permet majors nivells de productivitat.<\/p>\n<p><strong>Aquest 2020 havia de ser l\u2019any de l\u2019eclosi\u00f3 del 5G, per\u00f2 ha arribat un convidat imprevist: la COVID-19. Ho seguir\u00e0 sent?<\/strong><br \/>\nPrimer hem de posicionar el COVID-19 en perspectiva. Crec que el que far\u00e0 ser\u00e0 impactar de forma clara en un trimestre d\u2019activitat econ\u00f2mica del 2020. El 5G s\u2019est\u00e0 desplegant a nivell mundial a una velocitat molt superior a la que esper\u00e0vem. Fins i tot a Europa i a Espanya. Ning\u00fa s\u2019imaginava que a l\u2019estiu del 2019 algunes operadores de telecomunicacions despleguessin serveis comercials amb 5G.<\/p>\n<p><strong>El 5G introduir\u00e0 noves capacitats i desenvolupar\u00e0 noves aplicacions. Quins seran els canvis m\u00e9s immediats que podrem trobar?<\/strong><br \/>\nEls avantatges del 5G s\u00f3n evidents. Tindrem un ampla de banda 100 vegades superior al que tenim ara amb 4G, permetr\u00e0 l\u2019ultra alta definici\u00f3 i noves experi\u00e8ncies digitals molt m\u00e9s immersives. Tamb\u00e9 tindr\u00e0 un temps de resposta molt m\u00e9s r\u00e0pid, que permetr\u00e0 que robots, vehicles aut\u00f2noms i altres dispositius es connectin en humans. Tamb\u00e9 afavorir\u00e0 l\u2019Internet de les Coses amb una manera molt m\u00e9s intu\u00eftiva i natural.<\/p>\n<blockquote>\n<h2 style=\"color: #00542d;\"><img decoding=\"async\" loading=\"lazy\" class=\"wp-image-23602 alignleft\" src=\"https:\/\/www.monempresarial.com\/wp-content\/uploads\/2020\/04\/destacado-3.jpg\" alt=\"\" width=\"154\" height=\"155\" srcset=\"https:\/\/www.monempresarial.com\/wp-content\/uploads\/2020\/04\/destacado-3.jpg 424w, https:\/\/www.monempresarial.com\/wp-content\/uploads\/2020\/04\/destacado-3-150x150.jpg 150w, https:\/\/www.monempresarial.com\/wp-content\/uploads\/2020\/04\/destacado-3-298x300.jpg 298w, https:\/\/www.monempresarial.com\/wp-content\/uploads\/2020\/04\/destacado-3-150x150@2x.jpg 300w\" sizes=\"(max-width: 154px) 100vw, 154px\" \/>\u201cTant o m\u00e9s important que les noves tecnologies \u00e9s l\u2019\u00fas que en fem els humans i Europa pot tenir un paper central per dedicar-les a fer m\u00e9s eficient el treball i a lluitar contra la desigualtat i els efectes del canvi clim\u00e0tic\u201d<\/h2>\n<\/blockquote>\n<p><strong>Tamb\u00e9 pot suposar millores en la monitoritzaci\u00f3 de serveis. Com es pot veure tradu\u00eft aix\u00f2 en una millora per a la societat?<\/strong><br \/>\nAportar\u00e0 millores en la mobilitat, i en el m\u00f3n de la salut, amb <em>telementoring<\/em> o permetent intervencions quir\u00fargiques assistides i acompanyades de manera online. Tamb\u00e9 es podr\u00e0 aplicar en el m\u00f3n de la ind\u00fastria i en el de l\u2019entreteniment. Podrem generar escenaris tridimensionals i experi\u00e8ncies molt m\u00e9s immersives. En definitiva, el 5G permetr\u00e0 m\u00e9s efici\u00e8ncia, reducci\u00f3 de costos, menys consum energ\u00e8tic i major rapidesa en la presa de decisions de les organitzacions.<\/p>\n<p><strong>L\u2019Associaci\u00f3 CTIA posiciona la Xina, Corea del Sud, Estats Units i Jap\u00f3 com les pot\u00e8ncies millor posicionades per al 5G. Europa pot quedar enrere en la carrera tecnol\u00f2gica?<\/strong><br \/>\nA nivell de recerca i desenvolupament hi ha pot\u00e8ncies que van per davant. Per\u00f2 crec que Europa t\u00e9 un gran repte que passa pel seu entorn social. Tenim l\u2019oportunitat de ser la capital mundial de l\u2019humanisme tecnol\u00f2gic i la <em>tecno \u00e8tica<\/em>. Tant o m\u00e9s important que les noves tecnologies \u00e9s l\u2019\u00fas que en fem els humans, i Europa pot tenir un paper central per dedicar-les a fer m\u00e9s eficient el treball i a lluitar contra la desigualtat i els efectes del canvi clim\u00e0tic. Tothom est\u00e0 mirant Europa com el l\u00edder en molts d\u2019aquests temes. Tamb\u00e9 amb la governan\u00e7a de dades, amb el RGPD. Europa mira quin \u00fas podem fer del 5G en temes d\u2019educaci\u00f3, de salut p\u00fablica i d\u2019integraci\u00f3 social. En canvi, ni als EUA ni a la Xina se\u2019ls veu legitimats per liderar una transformaci\u00f3 social digital.<\/p>\n","protected":false},"excerpt":{"rendered":"<p>\u201cEl teletreball est\u00e0 demostrant unes capacitats que far\u00e0 reflexionar molts empresaris: els que no han apostat per la formaci\u00f3 i la flexibilitat ho passaran pitjor\u201d<\/p>\n","protected":false},"author":1,"featured_media":23608,"comment_status":"closed","ping_status":"closed","sticky":false,"template":"","format":"standard","meta":{"_mi_skip_tracking":false,"mc4wp_mailchimp_campaign":[],"jnews-multi-image_gallery":[],"jnews_single_post":[],"jnews_primary_category":[]},"categories":[5694,10820,10821,10825],"tags":[931,2418,8128,8129],"_links":{"self":[{"href":"https:\/\/www.monempresarial.com\/ca\/wp-json\/wp\/v2\/posts\/23614"}],"collection":[{"href":"https:\/\/www.monempresarial.com\/ca\/wp-json\/wp\/v2\/posts"}],"about":[{"href":"https:\/\/www.monempresarial.com\/ca\/wp-json\/wp\/v2\/types\/post"}],"author":[{"embeddable":true,"href":"https:\/\/www.monempresarial.com\/ca\/wp-json\/wp\/v2\/users\/1"}],"replies":[{"embeddable":true,"href":"https:\/\/www.monempresarial.com\/ca\/wp-json\/wp\/v2\/comments?post=23614"}],"version-history":[{"count":1,"href":"https:\/\/www.monempresarial.com\/ca\/wp-json\/wp\/v2\/posts\/23614\/revisions"}],"predecessor-version":[{"id":46141,"href":"https:\/\/www.monempresarial.com\/ca\/wp-json\/wp\/v2\/posts\/23614\/revisions\/46141"}],"wp:featuredmedia":[{"embeddable":true,"href":"https:\/\/www.monempresarial.com\/ca\/wp-json\/wp\/v2\/media\/23608"}],"wp:attachment":[{"href":"https:\/\/www.monempresarial.com\/ca\/wp-json\/wp\/v2\/media?parent=23614"}],"wp:term":[{"taxonomy":"category","embeddable":true,"href":"https:\/\/www.monempresarial.com\/ca\/wp-json\/wp\/v2\/categories?post=23614"},{"taxonomy":"post_tag","embeddable":true,"href":"https:\/\/www.monempresarial.com\/ca\/wp-json\/wp\/v2\/tags?post=23614"}],"curies":[{"name":"wp","href":"https:\/\/api.w.org\/{rel}","templated":true}]}}