{"id":23670,"date":"2020-04-07T18:30:32","date_gmt":"2020-04-07T16:30:32","guid":{"rendered":"http:\/\/www.monempresarial.com\/?p=23670"},"modified":"2025-06-06T10:12:15","modified_gmt":"2025-06-06T08:12:15","slug":"efectos-de-la-covid-19-en-que-sectores-economicos-y-territorios-aumenta-mas-el-paro","status":"publish","type":"post","link":"https:\/\/www.monempresarial.com\/ca\/2020\/04\/07\/efectos-de-la-covid-19-en-que-sectores-economicos-y-territorios-aumenta-mas-el-paro\/","title":{"rendered":"Efectes de la COVID-19: en quins sectors econ\u00f2mics i territoris s\u2019incrementa m\u00e9s l\u2019atur?"},"content":{"rendered":"<ul>\n<li><strong>L\u2019atur registrat del mes de mar\u00e7 estableix un augment sense precedents que colpeja especialment el sector de la construcci\u00f3 i fa enfonsar la contractaci\u00f3<\/strong><\/li>\n<li><strong>Andalusia \u00e9s la Comunitat Aut\u00f2noma m\u00e9s afectada, seguida de Navarra, la Comunitat Valenciana, les Illes Balears i Can\u00e0ries<\/strong><\/li>\n<\/ul>\n<p><span style=\"color: #808080;\"><strong>Text: Adri\u00e0 Gratac\u00f3s Torras<\/strong><\/span><\/p>\n<p>A principis d\u2019any l\u2019economia de l\u2019Eurozona mostrava certs s\u00edmptomes de debilitat que ja feien preveure una desacceleraci\u00f3 del creixement econ\u00f2mic. Al mes de febrer el Fons Monetari Internacional (FMI) pronosticava un creixement de l\u20191,3% del PIB a l\u2019Eurozona i de l\u20191,6% per a l\u2019Estat espanyol. Uns pron\u00f2stics que revisaven a la baixa les estimacions realitzades anteriorment.<\/p>\n<p>I en aquest context, l\u2019esclat de la crisi sanit\u00e0ria provocada per la COVID-19 fa preveure el pitjor dels presagis per al teixit productiu. Tot i els esfor\u00e7os de les administracions per mirar de mitigar els efectes econ\u00f2mics de la crisi, l\u2019aturada de la pr\u00e0ctica totalitat de l\u2019activitat econ\u00f2mica del pa\u00eds ja est\u00e0 tenint efectes evidents en l\u2019ocupabilitat de pr\u00e0cticament tots els sectors productius. Els primers indicadors d\u2019aquesta tend\u00e8ncia els trobem en les dades d\u2019atur registrat referent al mes de mar\u00e7 publicats pel <em>Servicio de Empleo Publico Estatal<\/em> (SEPE). Segons l\u2019organisme p\u00fablic el mes de mar\u00e7 de 2020 es va tancar a Espanya amb m\u00e9s de 3,5 milions de persones aturades, cosa que suposa un augment en 302.265 persones respecte el mes anterior. Un increment del 9,31%.<\/p>\n<p>Per\u00f2 altres indicadors demostren que l\u2019envergadura dels estralls de la crisi sanit\u00e0ria en l\u2019ocupaci\u00f3 \u00e9s molt major. El Servei Nacional d\u2019Ocupaci\u00f3 (SNE) tamb\u00e9 ha fet p\u00fabliques les dades d\u2019afiliaci\u00f3 a la Seguretat Social del mes de mar\u00e7. Les dades asseguren que el 31 de mar\u00e7 de 2020 a Espanya hi havia un total de 18,45 milions d\u2019afiliats, cosa que suposa la p\u00e8rdua de 833.979 afiliats en els darrers 30 dies. La davallada \u00e9s semblant a la patida en l\u2019acumulat dels cinc pitjors mesos de la crisi financera del 2008 i 2009. En aquell moment es van perdre prop de 900.000 afiliats a la Seguretat Social entre el mes d\u2019octubre de 2008 i el mes de febrer del 2009. La COVID-19 ha destru\u00eft en 15 dies l\u2019ocupaci\u00f3 que la crisi de 2008 va destruir en cinc mesos.<\/p>\n<p>Les dades fetes p\u00fabliques pel Servei Nacional d\u2019Ocupaci\u00f3 no comptabilitzen els Expedients de Regulaci\u00f3 Temporal d\u2019Ocupaci\u00f3 (ERTO) presentat per milers d\u2019empreses. Segons les dades facilitades per les Comunitats Aut\u00f2nomes el 3 d\u2019abril s\u2019havien acumulat 452.000 expedients temporals que afecten a 2,6 milions de treballadors i treballadores. Catalunya (603.105 treballadors afectats), Andalusia (427.000) i la Comunitat de Madrid (400.000) s\u00f3n els territoris m\u00e9s afectats pels ERTOS aplicats fins ara.<\/p>\n<p>L\u2019enorme impacte que ha suposat la crisi sanit\u00e0ria en el teixit productiu es deu al sorgiment de tres crisis de forma simult\u00e0nia: una crisi de demanda, una crisi d\u2019oferta i una crisi del sistema financer, quelcom que no s\u2019havia viscut mai fins ara. Aix\u00ed ho assegura Francesc Prior, doctor en economia i professor d\u2019ESIC Business &amp; Marketing School. Segons Prior, la destrucci\u00f3 d\u2019ocupaci\u00f3 que reflecteixen les dades d\u2019atur registrat fan refer\u00e8ncia a treballadors temporals i aut\u00f2noms que han hagut d\u2019aturar la seva activitat. \u201cPrincipalment es tracten de treballadors de sectors econ\u00f2mics que han patit un impacte directe, com la construcci\u00f3 i el turisme\u201d.<\/p>\n<p>Per\u00f2 l\u2019impacte que pot tenir la crisi de la COVID-19 en l\u2019ocupaci\u00f3 pot ser molt major del viscut fins ara. \u201cEls ERTOS fan refer\u00e8ncia a treballadors indefinits i sectors econ\u00f2mics que podrien aturar el cop amb pol\u00edtiques fiscals agressives i pol\u00edtiques monet\u00e0ries laxes, com s\u2019est\u00e0 fent, si la crisi no dura molt\u201d, assegura Prior. Ara b\u00e9, el doctor en economia alerta que si la crisi s\u2019allarga en el temps i es converteix en estructural ens encaminem a un context de \u201cdestrucci\u00f3 massiva de feina\u201d.<\/p>\n<p>Una destrucci\u00f3 del mercat laboral que necess\u00e0riament comportar\u00e0 una reestructuraci\u00f3 del teixit productiu. \u201cLa crisi pot fomentar una redistribuci\u00f3 de la capacitat productiva i un increment de la capacitat industrial d\u2019Europa\u201d, conclou Prior.<\/p>\n<p><strong>La construcci\u00f3, el sector que m\u00e9s llocs de feina destrueix <\/strong><br \/>\nPer\u00f2 tornant a les dades d\u2019atur registrat, segons les dades del SEPE, el sector de la construcci\u00f3 \u00e9s on la crisi de la COVID-19 ha incidit amb major virul\u00e8ncia en l\u2019ocupaci\u00f3. Segons les darreres dades publicades, el darrer dia de mar\u00e7 el sector comptava amb 319.386 aturats, que suposa un increment del 22,9% respecte al mes anterior. L\u2019impacte, que segons les autoritats del govern espanyol es va comen\u00e7ar a notar a partir del dia 12 de mar\u00e7, tamb\u00e9 \u00e9s significatiu en el sector serveis i la ind\u00fastria. Pel que fa als serveis, al mes de mar\u00e7 l\u2019atur registrat va augmentar un 8,97% si es compara amb el mes anterior, amb 206.016 nous aturats registrats. En el cas del sector industrial, l\u2019atur registrat s\u2019ha incrementat en 25.194 persones, cosa que suposa un 9,15% m\u00e9s que al mes de febrer.<\/p>\n<p>A l\u2019altre cant\u00f3 trobem el sector primari, que ha esdevingut el menys afectat per l\u2019estat d\u2019alarma en relaci\u00f3 a l\u2019ocupabilitat. Durant el mes de mar\u00e7 l\u2019agricultura, ramaderia i pesca comptava amb 159.420 aturats registrats, cosa que suposa un increment del 4,26% respecte el mes de febrer.<\/p>\n<p><strong><img decoding=\"async\" loading=\"lazy\" class=\"wp-image-23690 aligncenter\" src=\"http:\/\/www.monempresarial.com\/wp-content\/uploads\/2020\/04\/cuadro-1-CAT-paro-1.jpg\" alt=\"\" width=\"413\" height=\"372\" srcset=\"https:\/\/www.monempresarial.com\/wp-content\/uploads\/2020\/04\/cuadro-1-CAT-paro-1.jpg 568w, https:\/\/www.monempresarial.com\/wp-content\/uploads\/2020\/04\/cuadro-1-CAT-paro-1-300x270.jpg 300w\" sizes=\"(max-width: 413px) 100vw, 413px\" \/><\/strong><\/p>\n<p><strong>Increment generalitzat a tots els territoris de l\u2019Estat, per\u00f2 amb variacions<\/strong><br \/>\nL\u2019atur registrat del mes de mar\u00e7 \u00a0ha augmentat a les 17 Comunitats Aut\u00f2nomes de l\u2019Estat espanyol, per\u00f2 amb diferents intensitats. En el cas d\u2019Andalusia el nombre de persones aturades s\u2019ha disparat un 17,2% respecte el mes de febrer i actualment frega els 950.000 treballadors aturats registrats. En canvi, Catalunya (amb un augment del 5,5%) i la Comunitat de Madrid (+3%) obtenen els increments m\u00e9s baixos. L\u2019impacte de la crisi de la COVID-19 tamb\u00e9 \u00e9s notori als arxip\u00e8lags. Tant les Illes Balears (+9%) com les Can\u00e0ries (+9,5%), amb economies sustentades pel sector serveis, i en especial per l\u2019hostaleria i la restauraci\u00f3, pateixen afectacions importants en l\u2019ocupabilitat. Tamb\u00e9 \u00e9s el cas de Navarra (+10%), la Comunitat Valenciana (+9,7%) i el Pa\u00eds Basc (+9,4%).<\/p>\n<p><img decoding=\"async\" loading=\"lazy\" class=\"wp-image-23688 size-full aligncenter\" src=\"http:\/\/www.monempresarial.com\/wp-content\/uploads\/2020\/04\/cuadro-2-CAT-paro.jpg\" alt=\"\" width=\"512\" height=\"839\" srcset=\"https:\/\/www.monempresarial.com\/wp-content\/uploads\/2020\/04\/cuadro-2-CAT-paro.jpg 512w, https:\/\/www.monempresarial.com\/wp-content\/uploads\/2020\/04\/cuadro-2-CAT-paro-183x300.jpg 183w, https:\/\/www.monempresarial.com\/wp-content\/uploads\/2020\/04\/cuadro-2-CAT-paro-183x300@2x.jpg 366w\" sizes=\"(max-width: 512px) 100vw, 512px\" \/><\/p>\n<p><strong>S\u2019enfonsa la contractaci\u00f3 i es perpetua la bretxa de g\u00e8nere <\/strong><br \/>\nEl mes de mar\u00e7 de 2020 ha estat catastr\u00f2fic tamb\u00e9 per a l\u2019evoluci\u00f3 dels contractes laborals. Segons dades del SEPE durant el tercer mes de l\u2019any es van formalitzar 1.256.000 contractes laborals, 340.000 contractes menys que els realitzats al mes de febrer de 2020 i gaireb\u00e9 500.000 menys que al mar\u00e7 del 2019. D\u2019aquests, nom\u00e9s l\u201911,5% (145.393) responen a contractes indefinits. L\u2019enfonsament de la contractaci\u00f3 va ser lleugerament superior per a les dones (-21,75%) que per als homes (-20,78%). D\u2019altra banda, la bretxa de g\u00e8nere en l\u2019atur registrat es mant\u00e9 inalterable. Del total d\u2019aturats a l\u2019Estat espanyol el 56,9% s\u00f3n dones, pel 43,1% d\u2019homes.<\/p>\n<p>&nbsp;<\/p>\n","protected":false},"excerpt":{"rendered":"<p>L\u2019atur registrat del mes de mar\u00e7 estableix un augment sense precedents que colpeja especialment el sector de la construcci\u00f3 i fa enfonsar la contractaci\u00f3<br \/>\nAndalusia \u00e9s la Comunitat Aut\u00f2noma m\u00e9s afectada, seguida de Navarra, la Comunitat Valenciana, les Illes Balears i Can\u00e0ries<\/p>\n","protected":false},"author":1,"featured_media":23681,"comment_status":"open","ping_status":"open","sticky":false,"template":"","format":"standard","meta":{"_mi_skip_tracking":false,"mc4wp_mailchimp_campaign":[],"jnews-multi-image_gallery":[],"jnews_single_post":[],"jnews_primary_category":[]},"categories":[5694,10820,10821,10,10825],"tags":[1102,2804,113,896],"_links":{"self":[{"href":"https:\/\/www.monempresarial.com\/ca\/wp-json\/wp\/v2\/posts\/23670"}],"collection":[{"href":"https:\/\/www.monempresarial.com\/ca\/wp-json\/wp\/v2\/posts"}],"about":[{"href":"https:\/\/www.monempresarial.com\/ca\/wp-json\/wp\/v2\/types\/post"}],"author":[{"embeddable":true,"href":"https:\/\/www.monempresarial.com\/ca\/wp-json\/wp\/v2\/users\/1"}],"replies":[{"embeddable":true,"href":"https:\/\/www.monempresarial.com\/ca\/wp-json\/wp\/v2\/comments?post=23670"}],"version-history":[{"count":1,"href":"https:\/\/www.monempresarial.com\/ca\/wp-json\/wp\/v2\/posts\/23670\/revisions"}],"predecessor-version":[{"id":46140,"href":"https:\/\/www.monempresarial.com\/ca\/wp-json\/wp\/v2\/posts\/23670\/revisions\/46140"}],"wp:featuredmedia":[{"embeddable":true,"href":"https:\/\/www.monempresarial.com\/ca\/wp-json\/wp\/v2\/media\/23681"}],"wp:attachment":[{"href":"https:\/\/www.monempresarial.com\/ca\/wp-json\/wp\/v2\/media?parent=23670"}],"wp:term":[{"taxonomy":"category","embeddable":true,"href":"https:\/\/www.monempresarial.com\/ca\/wp-json\/wp\/v2\/categories?post=23670"},{"taxonomy":"post_tag","embeddable":true,"href":"https:\/\/www.monempresarial.com\/ca\/wp-json\/wp\/v2\/tags?post=23670"}],"curies":[{"name":"wp","href":"https:\/\/api.w.org\/{rel}","templated":true}]}}