{"id":23967,"date":"2020-04-24T09:00:04","date_gmt":"2020-04-24T07:00:04","guid":{"rendered":"http:\/\/www.monempresarial.com\/?p=23967"},"modified":"2025-09-24T11:27:46","modified_gmt":"2025-09-24T09:27:46","slug":"el-futuro-y-sus-ejes","status":"publish","type":"post","link":"https:\/\/www.monempresarial.com\/ca\/2020\/04\/24\/el-futuro-y-sus-ejes\/","title":{"rendered":"El futuri i  els seus eixos"},"content":{"rendered":"<h4 style=\"color: #602d11;\"><img decoding=\"async\" loading=\"lazy\" class=\"wp-image-23901 alignright\" src=\"https:\/\/www.monempresarial.com\/wp-content\/uploads\/2020\/04\/Enrique-Dans-IE.jpg\" alt=\"\" width=\"266\" height=\"258\" srcset=\"https:\/\/www.monempresarial.com\/wp-content\/uploads\/2020\/04\/Enrique-Dans-IE.jpg 387w, https:\/\/www.monempresarial.com\/wp-content\/uploads\/2020\/04\/Enrique-Dans-IE-300x291.jpg 300w\" sizes=\"(max-width: 266px) 100vw, 266px\" \/>Entendre el futur mai ha tingut gaire relaci\u00f3 amb els gurus que leviten, ni amb boles de vidre, sin\u00f3 m\u00e9s aviat amb fer n\u00fameros i analitzar tend\u00e8ncies. I si hi ha quelcom evident, en el moment en qu\u00e8 el diccionari brit\u00e0nic Colins nomena \u201c<em>Climate strike<\/em>\u201d com a terme del 2019, \u00e9s que el futur tindr\u00e0 la descarbonitzaci\u00f3 com un dels seus eixos fonamentals.<\/h4>\n<h4><span style=\"color: #663300; font-weight: bold; text-transform: uppercase;\">Enrique Dans. <\/span><strong>professor d\u2019Innovaci\u00f3 a IE Business School i autor dels llibres \u201cTodo va a cambiar\u201d i \u201cViviendo en el futuro\u201d<\/strong><\/h4>\n<hr style=\"color: #b72126;\" \/>\n<p>No ens enganyem: que molts prefereixin caminar cap a un precipici mentre segueixen fent el mateix de sempre, tot pensant que a \u00faltima hora apareixer\u00e0 quelcom que els salvi, perqu\u00e8 creuen que res canviar\u00e0 el seu dest\u00ed, o perqu\u00e8 neguen l\u2019exist\u00e8ncia del precipici, no oculta que cada cop m\u00e9s joves surtin al carrer cada divendres per protestar per la inacci\u00f3 dels seus governs i per ser la darrera generaci\u00f3 que pot evitar el desastre. Tota companyia, estigui en la industria que estigui, es veur\u00e0 for\u00e7ada a dur a terme reformes dr\u00e0stiques en la fabricaci\u00f3 dels seus productes, en el seu <em>packaging<\/em>, en la seva log\u00edstica i en tots les baules de la seva cadena de valor per tal de descarbonitzar-se. La velocitat a la qual ho faci determinar\u00e0 si els clients l\u2019escullen, o si prefereixen a les seves competidores, i tamb\u00e9 marcar\u00e0 la possibilitat d\u2019evitar sancions cada cop m\u00e9s dures. Algunes ind\u00fastries, com la del petroli, directament desapareixeran. Si aix\u00f2 no li sembla un eix fonamental de futur, faci-s\u2019ho mirar. <em>\u00a0<\/em><\/p>\n<p><em>\u00a0<\/em>El segon eix \u00e9s, sens dubte, el <em>Machine learning: <\/em>si durant anys pens\u00e0vem que un ordinador era una m\u00e0quina que program\u00e0vem i aliment\u00e0vem amb dades per tal d\u2019obtenir certes respostes, tornem a pensar-nos-ho. Ara, un ordinador \u00e9s una m\u00e0quina que alimentem amb dades etiquetades amb els resultats que aquestes dades van generar en el seu moment, per tal que la m\u00e0quina ens retorni les regles per les quals aix\u00f2 succeeix. Aix\u00f2 possibilita processos d\u2019automatitzaci\u00f3 i predicci\u00f3 molt m\u00e9s sofisticats, flexibles i potents, i definir\u00e0 quines companyies sobreviuen i quines moren per ineficients. \u00c9s possible, fins i tot, que ens ajudi a entendre les din\u00e0miques del clima.<\/p>\n<blockquote>\n<h2><span style=\"color: #602d11;\"><br \/>\nDe nou, si no ho ha ent\u00e8s o no ho considera important, faci-s\u2019ho mirar. El futur ja \u00e9s aqu\u00ed, per\u00f2 no es troba uniformement distribu\u00eft.<br \/>\n<\/span><\/h2>\n<\/blockquote>\n","protected":false},"excerpt":{"rendered":"<p>Entendre el futur mai ha tingut gaire relaci\u00f3 amb els gurus que leviten, ni amb boles de vidre, sin\u00f3 m\u00e9s aviat amb fer n\u00fameros i analitzar tend\u00e8ncies. I si hi ha quelcom evident, en el moment en qu\u00e8 el diccionari brit\u00e0nic Colins nomena \u201cClimate strike\u201d com a terme del 2019, \u00e9s que el futur tindr\u00e0 la descarbonitzaci\u00f3 com un dels seus eixos fonamentals. <\/p>\n","protected":false},"author":1,"featured_media":23895,"comment_status":"closed","ping_status":"closed","sticky":false,"template":"","format":"standard","meta":{"_mi_skip_tracking":false,"mc4wp_mailchimp_campaign":[],"jnews-multi-image_gallery":[],"jnews_single_post":[],"jnews_primary_category":[]},"categories":[10831,10817,37,40,4718],"tags":[436,1135,4254,5640,8153,8156],"_links":{"self":[{"href":"https:\/\/www.monempresarial.com\/ca\/wp-json\/wp\/v2\/posts\/23967"}],"collection":[{"href":"https:\/\/www.monempresarial.com\/ca\/wp-json\/wp\/v2\/posts"}],"about":[{"href":"https:\/\/www.monempresarial.com\/ca\/wp-json\/wp\/v2\/types\/post"}],"author":[{"embeddable":true,"href":"https:\/\/www.monempresarial.com\/ca\/wp-json\/wp\/v2\/users\/1"}],"replies":[{"embeddable":true,"href":"https:\/\/www.monempresarial.com\/ca\/wp-json\/wp\/v2\/comments?post=23967"}],"version-history":[{"count":1,"href":"https:\/\/www.monempresarial.com\/ca\/wp-json\/wp\/v2\/posts\/23967\/revisions"}],"predecessor-version":[{"id":47688,"href":"https:\/\/www.monempresarial.com\/ca\/wp-json\/wp\/v2\/posts\/23967\/revisions\/47688"}],"wp:featuredmedia":[{"embeddable":true,"href":"https:\/\/www.monempresarial.com\/ca\/wp-json\/wp\/v2\/media\/23895"}],"wp:attachment":[{"href":"https:\/\/www.monempresarial.com\/ca\/wp-json\/wp\/v2\/media?parent=23967"}],"wp:term":[{"taxonomy":"category","embeddable":true,"href":"https:\/\/www.monempresarial.com\/ca\/wp-json\/wp\/v2\/categories?post=23967"},{"taxonomy":"post_tag","embeddable":true,"href":"https:\/\/www.monempresarial.com\/ca\/wp-json\/wp\/v2\/tags?post=23967"}],"curies":[{"name":"wp","href":"https:\/\/api.w.org\/{rel}","templated":true}]}}