{"id":24145,"date":"2020-05-07T16:20:57","date_gmt":"2020-05-07T14:20:57","guid":{"rendered":"http:\/\/www.monempresarial.com\/?p=24145"},"modified":"2025-06-06T10:10:39","modified_gmt":"2025-06-06T08:10:39","slug":"como-impacta-la-covid-19-en-la-lucha-contra-el-cambio-climatico","status":"publish","type":"post","link":"https:\/\/www.monempresarial.com\/ca\/2020\/05\/07\/como-impacta-la-covid-19-en-la-lucha-contra-el-cambio-climatico\/","title":{"rendered":"Com impacta la Covid-19  en la lluita contra el canvi clim\u00e0tic?"},"content":{"rendered":"<p><strong>El context de recessi\u00f3 global provocat per la Covid-19 posa en entredit el comprom\u00eds dels pa\u00efsos per lluitar contra el canvi clim\u00e0tic en un any en qu\u00e8 la demanda energ\u00e8tica patir\u00e0 la major davallada dels \u00faltims 70 anys<\/strong><\/p>\n<p><span style=\"color: #808080;\"><strong>Text: Adri\u00e0 Gratac\u00f3s Torras<\/strong><\/span><\/p>\n<p>El 2020 estava cridat a esdevenir un any crucial per a la lluita contra el canvi clim\u00e0tic. La coordinaci\u00f3 global per mitigar el creixement de la temperatura del planeta arribava enguany a un nou escenari, amb la ratificaci\u00f3 de nous objectius en la reducci\u00f3 d\u2019emissions d\u2019efecte hivernacle. En el marc de la Cimera del Clima COP26, que s\u2019havia de celebrar enguany al Regne Unit, els pa\u00efsos signants de l\u2019Acord de Par\u00eds havien de renovar i intensificar els seus compromisos.<br \/>\nLa refer\u00e8ncia sobre aquests nous acords la marcava les Nacions Unides a inicis d\u2019any amb el seu informe sobre les Bretxes d\u2019Emissions: les emissions d\u2019efecte hivernacle s\u2019havien de reduir un 7,6% anual entre 2020 i 2030. Un objectiu imprescindible si no es volia perdre l\u2019oportunitat de limitar l\u2019escalfament global a un m\u00e0xim d\u20191,5 graus cent\u00edgrads.<br \/>\nPer\u00f2 l\u2019eclosi\u00f3 de la pand\u00e8mia produ\u00efda per la Covid-19 ha relegat els esfor\u00e7os dels Estats en la lluita contra el canvi clim\u00e0tic a un segon pla. Els requeriments sanitaris de confinament i distanciament social han obligat a\u00a0 posposar la Cimera del Clima prevista de celebrar al mes de novembre a la ciutat brit\u00e0nica de Glasgow. Una cita que esdevenia clau, on hav\u00edem de con\u00e8ixer els plans de reducci\u00f3 d\u2019emissions dels pa\u00efsos signants. Per\u00f2, d\u2019altra banda, els efectes de la COVID-19 en l\u2019activitat econ\u00f2mica comportaran enguany una reducci\u00f3 global de consum d\u2019energia.<\/p>\n<p><strong>Una reducci\u00f3 d\u2019emissions insuficient, tot i la par\u00e0lisi econ\u00f2mica i productiva <\/strong><br \/>\nLa Covid-19 ha comportat una <a href=\"https:\/\/www.monempresarial.com\/ca\/2020\/03\/25\/els-sectors-economics-mes-afectats-per-la-crisi-del-covid-19\/\">reducci\u00f3 dr\u00e0stica de l\u2019activitat econ\u00f2mica, industrial i de mobilitat<\/a> sense precedents a la majoria d\u2019economies del planeta. Segons dades d\u2019Apple i Google, l\u2019activitat ha caigut fins un 70% en les darreres setmanes en pa\u00efsos com Espanya, It\u00e0lia o Fran\u00e7a. La reducci\u00f3 de l\u2019activitat econ\u00f2mica est\u00e0 comportant un impacte directe en la producci\u00f3 i, conseq\u00fcentment, en les emissions de CO2.<br \/>\nSegons calcula l\u2019Ag\u00e8ncia Internacional de l\u2019Energia (AIE) les emissions enguany es reduiran un 8% respecte al 2019. Es tracta d\u2019un percentatge que fregaria la demanda de les Nacions Unides. La reducci\u00f3 d\u2019emissions vindr\u00e0 potenciada, principalment, per la caiguda de la demanda del petroli, que s\u2019enfonsar\u00e0 un 9%. De fet, l\u2019AIE pronostica que la demanda energ\u00e8tica caur\u00e0 enguany un 6% arreu del planeta. Es tractar\u00e0 de la major caiguda de la demanda d\u2019energia dels darrers 70 anys.<br \/>\nAix\u00ed doncs, la pand\u00e8mia provocada per la Covid-19 aconseguir\u00e0 trencar una tend\u00e8ncia alcista en l\u2019emissi\u00f3 de gasos d\u2019efecte hivernacle. De fet, en la darrera d\u00e8cada el volum d\u2019emissions s\u2019ha incrementat a un ritme de l\u20191% anual. Un increment inassolible per al planeta.<\/p>\n<blockquote>\n<h2 style=\"text-align: left;\"><span style=\"color: #829c92;\">En la darrera d\u00e8cada el volum d\u2019emissions s\u2019ha incrementat a un ritme de l\u20191% anual<\/span><\/h2>\n<\/blockquote>\n<h2 style=\"text-align: center;\"><span style=\"color: #829c92;\"><img decoding=\"async\" loading=\"lazy\" class=\"alignnone wp-image-24123 \" src=\"https:\/\/www.monempresarial.com\/wp-content\/uploads\/2020\/05\/1graficon-1-cat-7-mayo.jpg\" alt=\"\" width=\"544\" height=\"532\" srcset=\"https:\/\/www.monempresarial.com\/wp-content\/uploads\/2020\/05\/1graficon-1-cat-7-mayo.jpg 850w, https:\/\/www.monempresarial.com\/wp-content\/uploads\/2020\/05\/1graficon-1-cat-7-mayo-300x293.jpg 300w, https:\/\/www.monempresarial.com\/wp-content\/uploads\/2020\/05\/1graficon-1-cat-7-mayo-300x293@2x.jpg 600w\" sizes=\"(max-width: 544px) 100vw, 544px\" \/><\/span><\/h2>\n<p><strong>Mobilitzar recursos contra el canvi clim\u00e0tic amb la mateixa intensitat que es fa amb la Covid-19<\/strong><br \/>\nPer\u00f2 les conseq\u00fc\u00e8ncies beneficioses per al medi ambient que podria suposar la Covid-19 en un primer moment, podria generar un efecte <em>boomerang <\/em>a mitj\u00e0 i llarg termini. Un <em>boomerang <\/em>que impactaria, potser ja sense remei, degut a la manca de voluntat pol\u00edtica per part dels pa\u00efsos. Segons el secretari general de l\u2019ONU, el major risc que suposa a hores d\u2019ara la Covid-19 per a la superviv\u00e8ncia del planeta \u00e9s que els responsables pol\u00edtics apostin per \u201cno fer res\u201d per combatre el canvi clim\u00e0tic.<br \/>\nAl primer obstacle que suposa no poder celebrar la cimera de Glagow per avan\u00e7ar cap a la descarbonitzaci\u00f3 de l\u2019economia, cal afegir-hi la falta d\u2019inversi\u00f3 p\u00fablica en la lluita contra el canvi clim\u00e0tic. Per aquest motiu, les Nacions Unides aposten per combatre el canvi clim\u00e0tic \u201camb la mateixa intensitat\u201d que es fa amb la Covid-19 i invertint-hi la major quantitat de recursos possibles. A hores d\u2019ara, segons les Nacions Unides, 70 pa\u00efsos d\u2019arreu del m\u00f3n s\u2019han comprom\u00e8s a eliminar les seves emissions per al 2050. Un nombre que \u00e9s insuficient ja que aquestes pot\u00e8ncies nom\u00e9s suposen el 25% del total d\u2019emissions. Ni els EUA ni la Xina han subscrit l\u2019acord, cosa que, segons les Nacions Unides, impossibilita assolir els objectius per controlar la temperatura del planeta.<br \/>\nDes del <a href=\"https:\/\/grupocrecimientoverde.org\/que-es-gecv\/quienes-somos\/\">Grup Espanyol per al Creixement Verd<\/a> (GECV) tamb\u00e9 aposten perqu\u00e8 els est\u00edmuls econ\u00f2mics del govern espanyol per combatre la Covid-19 \u201cs\u2019aline\u00efn amb les acciones per abordar el reptes en mat\u00e8ria clim\u00e0tica i sostenibilitat\u201d. L\u2019Associaci\u00f3, que aposta per la col\u00b7laboraci\u00f3 p\u00fablic-privada per combatre el canvi clim\u00e0tic, alerta que les iniciatives que es prenguin \u201cno poden menystenir els recursos i oportunitats per avan\u00e7ar cap a un model econ\u00f2mic sostenible\u201d.<\/p>\n<blockquote>\n<h2 style=\"text-align: left;\"><span style=\"color: #829c92;\"><img decoding=\"async\" loading=\"lazy\" class=\" wp-image-24135 alignright\" src=\"https:\/\/www.monempresarial.com\/wp-content\/uploads\/2020\/05\/Sin-t\u00edtulo-1.jpg\" alt=\"\" width=\"177\" height=\"155\" \/>\u201cNi els EUA ni la Xina han subscrit l\u2019acord, cosa que, segons les Nacions Unides, impossibilita assolir els objectius per controlar la temperatura del planeta\u201d<\/span><\/h2>\n<\/blockquote>\n<p><strong>El <em>Green Deal <\/em>europeu, m\u00e9s necessari que mai <\/strong><br \/>\nLa crisi provocada per la Covid-19 podr\u00e0 promoure canvis disruptius en el model industrial dels pa\u00efsos. \u201cAquesta crisi podria produir un canvi d\u2019estrat\u00e8gia de la ind\u00fastria europea i virar cap a una reestructuraci\u00f3 de la capacitat productiva d\u2019Europa\u201d, assegura Francesc Prior, doctor en economia i professor d\u2019ESIC Business &amp; Marketing School. De fet, el propi Comissari Europeu per al Mercat Interior, Thierry Breton, ha assegurat que la crisi de la Covid-19 podria servir per rellan\u00e7ar la ind\u00fastria i relocalitzar sectors estrat\u00e8gics de la Uni\u00f3 Europea.<br \/>\nAix\u00ed, la Covid-19 podria suposar una nova era per al proc\u00e9s de globalitzaci\u00f3 que la Comissi\u00f3 Europea vol que sigui \u201cm\u00e9s equilibrat\u201d, i pot suposar un repte per al vell continent per accelerar la seva transici\u00f3 cap a l\u2019economia circular. De fet, la Comissi\u00f3 Europea sembla disposada a prioritzar la lluita contra el Canvi Clim\u00e0tic, fins i tot en un context de pand\u00e8mia. L\u2019organisme comunitari ja ha donat llum verda a una partida de 100.000 milions d\u2019euros per fer realitat el Gran Pacte Verd (<em>Green Deal) <\/em>europeu.<\/p>\n<blockquote>\n<h2 style=\"text-align: left;\"><span style=\"color: #829c92;\"><br \/>\nEl Green Deal requerir\u00e0 d\u2019una inversi\u00f3 de 260.000 milions d\u2019euros, cosa que suposa el 25% del pressupost de la Uni\u00f3 Europea<\/span><\/h2>\n<\/blockquote>\n<p>Un pacte que pret\u00e9n revolucionar el model econ\u00f2mic, productiu i de mobilitat de la Uni\u00f3 Europea en poc m\u00e9s de quatre anys. Un aut\u00e8ntic repte que considera una cinquantena d\u2019accions concretes i que pret\u00e9n que Europa sigui al 2050 el primer continent del m\u00f3n sense emissions. La Comissi\u00f3 Europea calcula que el <em>Green Deal <\/em>requerir\u00e0 d\u2019una inversi\u00f3 de 260.000 milions d\u2019euros, cosa que suposa el 25% del pressupost de la Uni\u00f3 Europea. I els objectius s\u00f3n clars: Reduir les emissions en un 50% o 55% en deu anys. Per assolir-ho, el Pla contempla actuacions en cinc principals \u00e0rees: la ind\u00fastria, la mobilitat, l\u2019alimentaci\u00f3, la construcci\u00f3 i la defensa de la biodiversitat. La Comissi\u00f3 Europea assegura que la ind\u00fastria \u00e9s, a dia d\u2019avui, la responsable del 20% de les emissions de la UE. El Pla inclou ajudes per a empreses per virar cap a la producci\u00f3 circular i lliure d\u2019emissions. Tamb\u00e9 es potenciar\u00e0 la transformaci\u00f3 dels sectors industrials m\u00e9s contaminants: el t\u00e8xtil, l\u2019electricitat, els pl\u00e0stics i la construcci\u00f3.<\/p>\n<p><img decoding=\"async\" loading=\"lazy\" class=\"wp-image-24127 size-full aligncenter\" src=\"https:\/\/www.monempresarial.com\/wp-content\/uploads\/2020\/05\/2graficon-2-cat-7-mayo.jpg\" alt=\"\" width=\"850\" height=\"519\" srcset=\"https:\/\/www.monempresarial.com\/wp-content\/uploads\/2020\/05\/2graficon-2-cat-7-mayo.jpg 850w, https:\/\/www.monempresarial.com\/wp-content\/uploads\/2020\/05\/2graficon-2-cat-7-mayo-300x183.jpg 300w, https:\/\/www.monempresarial.com\/wp-content\/uploads\/2020\/05\/2graficon-2-cat-7-mayo-300x183@2x.jpg 600w\" sizes=\"(max-width: 850px) 100vw, 850px\" \/><\/p>\n<p>Una altra punta de llan\u00e7a del <em>Green Deal <\/em>el trobem en la mobilitat, que suposa el 25% de les emissions de la comunitat. El Pla de la Comissi\u00f3 Europea treballar\u00e0 per una mobilitat neta \u00a0de cotxes, transport mar\u00edtim i aeri. S\u2019eliminaran les ajudes a combustibles f\u00f2ssils i s\u2019invertir\u00e0 en el desenvolupament d\u2019alternatives. Pel que fa a l\u2019alimentaci\u00f3, l\u2019estrat\u00e8gia actuar\u00e0 en els sectors agr\u00edcola i pesquer. Es reduir\u00e0 l\u2019\u00fas de pesticides i es fomentar\u00e0 el cultiu org\u00e0nic i la producci\u00f3 de proximitat.Pel que fa a la construcci\u00f3, el pla pret\u00e9n millorar l\u2019efici\u00e8ncia energ\u00e8tica dels edificis europeus per reduir el seu consum energ\u00e8tic. Segons la Comissi\u00f3 Europea, actualment els edificis representen el 40% del consum d\u2019energia del vell continent. Finalment, la Comissi\u00f3 Europea pret\u00e9n que el <em>Green Deal <\/em>serveixi per cuidar la biodiversitat, la qualitat dels mars i oceans i els boscos i desenvolupar el concepte de \u201cciutat verda\u201d.<\/p>\n","protected":false},"excerpt":{"rendered":"<p>El context de recessi\u00f3 global provocat per la Covid-19 posa en entredit el comprom\u00eds dels pa\u00efsos per lluitar contra el canvi clim\u00e0tic en un any en qu\u00e8 la demanda energ\u00e8tica patir\u00e0 la major davallada dels \u00faltims 70 anys<\/p>\n","protected":false},"author":1,"featured_media":24132,"comment_status":"closed","ping_status":"closed","sticky":false,"template":"","format":"standard","meta":{"_mi_skip_tracking":false,"mc4wp_mailchimp_campaign":[],"jnews-multi-image_gallery":[],"jnews_single_post":[],"jnews_primary_category":[]},"categories":[5694,10820,10821,9,10825,10],"tags":[5669,8167,4936,4965],"_links":{"self":[{"href":"https:\/\/www.monempresarial.com\/ca\/wp-json\/wp\/v2\/posts\/24145"}],"collection":[{"href":"https:\/\/www.monempresarial.com\/ca\/wp-json\/wp\/v2\/posts"}],"about":[{"href":"https:\/\/www.monempresarial.com\/ca\/wp-json\/wp\/v2\/types\/post"}],"author":[{"embeddable":true,"href":"https:\/\/www.monempresarial.com\/ca\/wp-json\/wp\/v2\/users\/1"}],"replies":[{"embeddable":true,"href":"https:\/\/www.monempresarial.com\/ca\/wp-json\/wp\/v2\/comments?post=24145"}],"version-history":[{"count":1,"href":"https:\/\/www.monempresarial.com\/ca\/wp-json\/wp\/v2\/posts\/24145\/revisions"}],"predecessor-version":[{"id":46134,"href":"https:\/\/www.monempresarial.com\/ca\/wp-json\/wp\/v2\/posts\/24145\/revisions\/46134"}],"wp:featuredmedia":[{"embeddable":true,"href":"https:\/\/www.monempresarial.com\/ca\/wp-json\/wp\/v2\/media\/24132"}],"wp:attachment":[{"href":"https:\/\/www.monempresarial.com\/ca\/wp-json\/wp\/v2\/media?parent=24145"}],"wp:term":[{"taxonomy":"category","embeddable":true,"href":"https:\/\/www.monempresarial.com\/ca\/wp-json\/wp\/v2\/categories?post=24145"},{"taxonomy":"post_tag","embeddable":true,"href":"https:\/\/www.monempresarial.com\/ca\/wp-json\/wp\/v2\/tags?post=24145"}],"curies":[{"name":"wp","href":"https:\/\/api.w.org\/{rel}","templated":true}]}}