{"id":24889,"date":"2020-08-13T09:00:36","date_gmt":"2020-08-13T07:00:36","guid":{"rendered":"http:\/\/www.monempresarial.com\/?p=24889"},"modified":"2025-09-24T11:21:30","modified_gmt":"2025-09-24T09:21:30","slug":"sos-covid-19-algunas-ideas-para-salir-con-inteligencia-de-la-crisis","status":"publish","type":"post","link":"https:\/\/www.monempresarial.com\/ca\/2020\/08\/13\/sos-covid-19-algunas-ideas-para-salir-con-inteligencia-de-la-crisis\/","title":{"rendered":"Algunes idees per sortir amb intel\u00b7lig\u00e8ncia de la crisi"},"content":{"rendered":"<p><strong> <img decoding=\"async\" loading=\"lazy\" class=\"size-medium wp-image-24878 alignright\" src=\"http:\/\/www.monempresarial.com\/wp-content\/uploads\/2020\/08\/IMG-20200507-WA0006-002-300x292.jpg\" alt=\"\" width=\"300\" height=\"292\" srcset=\"https:\/\/www.monempresarial.com\/wp-content\/uploads\/2020\/08\/IMG-20200507-WA0006-002-300x292.jpg 300w, https:\/\/www.monempresarial.com\/wp-content\/uploads\/2020\/08\/IMG-20200507-WA0006-002-1024x995.jpg 1024w, https:\/\/www.monempresarial.com\/wp-content\/uploads\/2020\/08\/IMG-20200507-WA0006-002.jpg 1280w, https:\/\/www.monempresarial.com\/wp-content\/uploads\/2020\/08\/IMG-20200507-WA0006-002-300x292@2x.jpg 600w\" sizes=\"(max-width: 300px) 100vw, 300px\" \/><\/strong><\/p>\n<p><strong>Espanya t\u00e9 prou capital hum\u00e0 i intel\u00b7lectual per trobar vies de regeneraci\u00f3 eficients adaptades a la seva casu\u00edstica. S&#8217;equivoquen els qui creuen que amb recursos financers ja n\u2019hi ha prou, at\u00e8s que la seva efectivitat s&#8217;esvaeix sense plans directors amb metes, projectes i compromisos d&#8217;execuci\u00f3 que permetin afrontar amb garanties amenaces actuals i futures.<\/strong><\/p>\n<h4><strong>Text<\/strong>: <span style=\"color: #88576b;\">Angel San Segundo Haering. Assessor d\u2019startups, business angel, mentor i professor associat de diverses escoles de negoci.\u00a0<\/span><\/h4>\n<hr \/>\n<p><img decoding=\"async\" loading=\"lazy\" class=\"aligncenter wp-image-24894 size-full\" src=\"https:\/\/www.monempresarial.com\/wp-content\/uploads\/2020\/08\/informe-catp.jpg\" alt=\"\" width=\"628\" height=\"824\" srcset=\"https:\/\/www.monempresarial.com\/wp-content\/uploads\/2020\/08\/informe-catp.jpg 628w, https:\/\/www.monempresarial.com\/wp-content\/uploads\/2020\/08\/informe-catp-229x300.jpg 229w, https:\/\/www.monempresarial.com\/wp-content\/uploads\/2020\/08\/informe-catp-229x300@2x.jpg 458w\" sizes=\"(max-width: 628px) 100vw, 628px\" \/><\/p>\n<p>&nbsp;<\/p>\n<p class=\"Informacindecontacto\" style=\"text-align: left;\" align=\"left\"><span style=\"color: windowtext;\">La premissa b\u00e0sica per superar la crisi de la Covid-19 gira al voltant de comptar amb destacables recursos financers a trav\u00e9s de les estructures europees que permetin de plantejar certes solucions. Per\u00f2, \u00bfquines? Un enfocament &#8220;modern&#8221; pot ser: &#8220;en un m\u00f3n global, actuem segons tend\u00e8ncies globals&#8221;, que ens obligaria, per la nostra mida, a aplicar estrat\u00e8gies seguidores dels pa\u00efsos l\u00edders, que potser no siguin necess\u00e0ries aqu\u00ed. En oposici\u00f3, es podria actuar abans, amb presses, com s&#8217;ha fet recentment en la gesti\u00f3 de la Covid-19 amb molt dubtosos resultats.\u00a0<\/span><\/p>\n<blockquote>\n<h2><span style=\"color: #719f8c;\">La Covid-19 ens ha demostrat que la globalitzaci\u00f3 no nom\u00e9s ha tocat sostre, sin\u00f3 que fa aig\u00fces en molts camps (\u2026). La vulnerabilitat de les societats occidentals, tan dependents d&#8217;orient, \u00e9s un aut\u00e8ntic problema social que, malgrat tot, representa una clara oportunitat per replegar treball i crear ocupaci\u00f3 aqu\u00ed<\/span><\/h2>\n<\/blockquote>\n<p>Per\u00f2 \u00e9s que, a m\u00e9s, la Covid-19 ens ha demostrat que la globalitzaci\u00f3 no nom\u00e9s ha tocat sostre, sin\u00f3 que fa aig\u00fces en molts camps (crisi de subministraments b\u00e0sics, desmantellament de sectors estrat\u00e8gics locals&#8230;). La vulnerabilitat de les societats occidentals, tan dependents d&#8217;orient, \u00e9s un aut\u00e8ntic problema social que, malgrat tot, representa una clara oportunitat per replegar treball i crear ocupaci\u00f3 aqu\u00ed.<br \/>\nL\u00f2gicament, reduir l&#8217;allau d&#8217;atur, fallides i tot tipus de desgr\u00e0cies socioecon\u00f2miques que ens han d\u2019arribar no ser\u00e0 f\u00e0cil, ni es pot trivialitzar amb idees comunes i de curt termini, amb l&#8217;agreujant d&#8217;estar dins d&#8217;un marc d&#8217;acusada incertesa.<\/p>\n<p><span style=\"color: #719f8c;\"><strong>NO ENSOPEGUEM DUES VEGADES AMB LA MATEIXA PEDRA<\/strong><\/span><\/p>\n<p>\u00c9s temps de fugir dels cl\u00e0ssics errors del passat, &#8220;que inventin ells&#8221; o &#8220;la millor pol\u00edtica industrial \u00e9s la que no existeix&#8221;, i de populismes del present. La via natural \u00e9s sortir de la crisi \u00a0treballant en diferents perspectives (macro\/micro, territorials, sectorials&#8230;), dialogant amb els seus agents per identificar solucions i despr\u00e9s bolcar tot aix\u00f2 en <strong>plans estrat\u00e8gics<\/strong> carregats de bones intencions.<br \/>\nSistem\u00e0ticament pol\u00edtics i directius recorren als plans estrat\u00e8gics perqu\u00e8 s\u00f3n una sortida elegant, de baix comprom\u00eds (&#8220;qui en comprovar\u00e0 els resultats&#8221;?) i que brinda un &#8220;relat&#8221; al comunicador. Malgrat que s&#8217;han devaluat les expectatives dels plans estrat\u00e8gics pels seus pobres resultats, se sap que hi ha poques alternatives quan s&#8217;afronten fites d&#8217;extrema dificultat (reconversi\u00f3 d&#8217;un sector, revitalitzaci\u00f3 d&#8217;una comarca&#8230;).<br \/>\nL&#8217;anterior es presta a poques objeccions, ja que \u00e9s una seq\u00fc\u00e8ncia l\u00f2gica que descriu el que qualsevol diria que cal fer per recuperar l&#8217;economia. \u00c9s cert que aquest proc\u00e9s dependr\u00e0 tamb\u00e9 de QUINES siguin les metes, ja que a major ambici\u00f3, sens dubte, caldr\u00e0 aplicar m\u00e9s esfor\u00e7os. Deixant de banda el nivell dels reptes, per\u00f2 suposant que seran molt exigents, en concordan\u00e7a amb la gravetat de la situaci\u00f3, al meu parer el problema no ha de centrar-se en el <strong>QU\u00c8<\/strong> fer sin\u00f3 en el <strong>COM<\/strong> es preparen aquests plans de regeneraci\u00f3 i, posteriorment, en el <strong>COM<\/strong> s&#8217;executaran (l\u2019aut\u00e8ntic cavall de batalla que hi ha rere els fracassos).<\/p>\n<p><span style=\"color: #719f8c;\"><strong>ALGUNOS ATRIBUTOS PR\u00c1CTICOS PARA EL C\u00d3MO:<\/strong><\/span><br \/>\n<span style=\"color: #719f8c;\"><strong>BUENAS PR\u00c1CTI<span style=\"color: #719f8c;\">CAS SOBRE C\u00d3MO<\/span> PREPARAR Y EJECUTAR PLANES DE RECUPERACI\u00d3N<\/strong><\/span><\/p>\n<p><strong><img decoding=\"async\" loading=\"lazy\" class=\"alignnone size-full wp-image-24845\" src=\"https:\/\/www.monempresarial.com\/wp-content\/uploads\/2020\/07\/1-3.jpg\" alt=\"\" width=\"62\" height=\"62\" \/><span style=\"color: #719f8c;\">RIGOR<\/span><\/strong><\/p>\n<p>Est\u00e0 demostrat que <strong>es poden muntar plans estrat\u00e8gics \u00fatils si s&#8217;actua amb professionalitat, es creen sistemes que verifiquin la seva execuci\u00f3 sobre bases objectives i realistes, i s&#8217;aplica un llarg etc\u00e8tera d&#8217;elements de suport<\/strong>. La gravetat de la situaci\u00f3 obliga a evitar la improvisaci\u00f3 i l&#8217;enfrontament per no posar en risc addicional una obstinaci\u00f3 ja de per si dif\u00edcil. <strong>Quanta m\u00e9s independ\u00e8ncia, professionalitat i transpar\u00e8ncia tinguin els gestors d&#8217;aquests plans, m\u00e9s possibilitats d&#8217;\u00e8xit<\/strong> d&#8217;acord amb les bones pr\u00e0ctiques en planificaci\u00f3 estrat\u00e8gica.<\/p>\n<p><strong>\u00a0<\/strong><strong><img decoding=\"async\" loading=\"lazy\" class=\"alignnone size-full wp-image-24847\" src=\"https:\/\/www.monempresarial.com\/wp-content\/uploads\/2020\/07\/2-3.jpg\" alt=\"\" width=\"62\" height=\"62\" \/><span style=\"color: #719f8c;\">M\u00c9TODE<\/span><\/strong><\/p>\n<p>Per <strong>crear valor socioecon\u00f2mic a trav\u00e9s d&#8217;una seq\u00fc\u00e8ncia<\/strong> que consistiria en: 1<strong>) diagnosticar la situaci\u00f3, 2) identificar oportunitats de negoci, desenvolupar accions de millora en sectors i processos claus, 3) valorar les opcions identificades i 4) decidir i agrupar les conclusions<\/strong> en forma de programes suportats per: objectius, creaci\u00f3 d\u2019ocupaci\u00f3, recursos p\u00fablics\/privats, terminis, factibilitat, riscos.<\/p>\n<ul>\n<li>Distribuci\u00f3 territorial d&#8217;efectes de les mesures acordades.<\/li>\n<li>Detecci\u00f3 d&#8217;interrelacions entre mesures (sinergies, encavalcaments&#8230;).<\/li>\n<li>Ordenaci\u00f3 relativa en funci\u00f3 de criteris d&#8217;avaluaci\u00f3 (factibilitat, ocupaci\u00f3&#8230;).<\/li>\n<li>Fites temporals que permetin fer seguiment i control.<\/li>\n<\/ul>\n<p><strong><img decoding=\"async\" loading=\"lazy\" class=\"alignnone size-full wp-image-24849\" src=\"https:\/\/www.monempresarial.com\/wp-content\/uploads\/2020\/07\/3-2.jpg\" alt=\"\" width=\"62\" height=\"62\" \/>ENFOCAMENT <\/strong><\/p>\n<p>Per <strong>concentrar-se en all\u00f2 essencial<\/strong>. Si es tracta de, per exemple, un pla per revitalitzar el medi rural, \u00e9s obligat focalitzar sobre punts com la manca de serveis (banda ampla, sanitat&#8230;), els cultius m\u00e9s atractius, el medi ambient (aigua, renovables, reforestaci\u00f3&#8230;) o la sostenibilitat; atendre, en definitiva, els ressorts capa\u00e7os de retenir la poblaci\u00f3, donar la major qualitat de vida i millorar-ne la productivitat, allunyant-nos de la dispersi\u00f3 i la inefici\u00e8ncia.<\/p>\n<p><strong>\u00a0<\/strong><strong><img decoding=\"async\" loading=\"lazy\" class=\"alignnone size-full wp-image-24851\" src=\"https:\/\/www.monempresarial.com\/wp-content\/uploads\/2020\/07\/4-2.jpg\" alt=\"\" width=\"62\" height=\"62\" \/><span style=\"color: #719f8c;\">DADES<\/span><\/strong><\/p>\n<p>Que <strong>s\u00f3n clau per prendre decisions encertades<\/strong>, fet que extrema la cura a <strong>rec\u00f3rrer a fonts i analistes professionals<\/strong>. At\u00e8s que ens enfrontem a escenaris en certa manera desconeguts, les s\u00e8ries estad\u00edstiques poden no ser aplicables (comparar aquesta crisi amb la de la d\u00e8cada anterior \u00e9s improcedent, en \u00e9sser-ne les causes ben diferents) i caldr\u00e0 rec\u00f3rrer a tota mena de recursos i hip\u00f2tesis, la idone\u00eftat dels quals ha de ser monitorada.<\/p>\n<p><strong>\u00a0<\/strong><strong><img decoding=\"async\" loading=\"lazy\" class=\"alignnone size-full wp-image-24853\" src=\"https:\/\/www.monempresarial.com\/wp-content\/uploads\/2020\/07\/5-1.jpg\" alt=\"\" width=\"62\" height=\"62\" \/><span style=\"color: #719f8c;\">TEMPS<\/span><\/strong><\/p>\n<p>Com a <strong>variable cr\u00edtica que obligar\u00e0 a ser \u00e0gils, evitant burocr\u00e0cies<\/strong> i inefic\u00e0cies innecess\u00e0ries, aix\u00ed com a <strong>treballar en paral\u00b7lel per tal d\u2019escur\u00e7ar terminis i en diferents fronts simult\u00e0niament<\/strong> (el que justifica tamb\u00e9 la necessitat de planificaci\u00f3 de xarxes complexes de tasques i nodes associats a la realitzaci\u00f3\/execuci\u00f3 d&#8217;un pla estrat\u00e8gic).<\/p>\n<p><strong><img decoding=\"async\" loading=\"lazy\" class=\"alignnone size-full wp-image-24855\" src=\"https:\/\/www.monempresarial.com\/wp-content\/uploads\/2020\/07\/6-1.jpg\" alt=\"\" width=\"62\" height=\"62\" \/><span style=\"color: #719f8c;\">CONTRAST<\/span><\/strong><\/p>\n<p><strong>D&#8217;experi\u00e8ncies per minimitzar terminis i riscos en aplicar lli\u00e7ons apreses<\/strong> (per exemple, aprofitar quines CA s\u00f3n millors en la gesti\u00f3 de la creaci\u00f3 d&#8217;ocupaci\u00f3) o <strong>provar a escala redu\u00efda algunes de les accions identificades abans del seu desplegament final<\/strong>, mitjan\u00e7ant projectes pilot.<\/p>\n<p><strong><img decoding=\"async\" loading=\"lazy\" class=\"alignnone size-full wp-image-24857\" src=\"https:\/\/www.monempresarial.com\/wp-content\/uploads\/2020\/07\/7.jpg\" alt=\"\" width=\"62\" height=\"62\" \/><\/strong><span style=\"color: #719f8c;\"><strong>TREBALL COL\u00b7LABORATIU<\/strong><\/span><\/p>\n<p><strong>A tots els nivells, perqu\u00e8 \u00e9s un clar factor doble guanyador en temps de crisi<\/strong>. La <strong>col\u00b7laboraci\u00f3 publicoprivada<\/strong> \u00e9s un escenari necessari que ha d&#8217;habilitar el protagonisme d&#8217;empresaris i agents socials, especialment dels primers, que s\u00f3n els que generaran l&#8217;activitat econ\u00f2mica: altres exemples d&#8217;<strong>aliances<\/strong> entre individus, organitzacions socials, emprenedors, empreses o universitats no nom\u00e9s s\u00f3n possibles, sin\u00f3 desitjables per tal d\u2019augmentar la fortalesa del teixit socioecon\u00f2mic. La pr\u00f2pia elaboraci\u00f3 dels plans s&#8217;ha de concebre com a treballs en equip, fins i tot admetent tasques de voluntariat per transferir coneixements entre experimentats i novicis.<\/p>\n<p><strong><img decoding=\"async\" loading=\"lazy\" class=\"alignnone size-full wp-image-24873\" src=\"https:\/\/www.monempresarial.com\/wp-content\/uploads\/2020\/07\/13.jpg\" alt=\"\" width=\"62\" height=\"62\" \/><span style=\"color: #719f8c;\">LAS PERSONES<\/span><\/strong><\/p>\n<p>Ocupant el centre d&#8217;aquest sistema de planificaci\u00f3. Es tractaria de <strong>rearmar-ne les capacitats aptitudinals perqu\u00e8 assumeixin el paper de part activa de la societat que pot contribuir al seu progr\u00e9s<\/strong>. <strong>La formaci\u00f3 \u00e9s una eina indiscutible en aquests casos<\/strong>, per\u00f2 no d&#8217;aplicaci\u00f3 indiscriminada ni per modes, sin\u00f3 aquella que \u00e9s necess\u00e0ria per a executar els programes acordats.<\/p>\n<p><strong><img decoding=\"async\" loading=\"lazy\" class=\"alignnone size-full wp-image-24859\" src=\"https:\/\/www.monempresarial.com\/wp-content\/uploads\/2020\/07\/8.jpg\" alt=\"\" width=\"62\" height=\"62\" \/><span style=\"color: #719f8c;\">COMPROM\u00cdS<\/span><\/strong><\/p>\n<p><strong>De les persones i organitzacions involucrades<\/strong>. La societat espanyola demostra cada dia de crisi Covid-19 un extraordinari comprom\u00eds per recolzar-ne la resoluci\u00f3 (especialment les persones en contacte amb els afectats), la qual cosa \u00e9s un capital d&#8217;extraordinari valor per a la recuperaci\u00f3. Amb una bona i honesta comunicaci\u00f3 del prop\u00f2sit d&#8217;aquests plans estrat\u00e8gics, no hauria d&#8217;\u00e9sser dif\u00edcil recollir suggeriments, aportacions, col\u00b7laboracions, etc., de tots els involucrats que els acabaran enriquint.<\/p>\n<p><strong><img decoding=\"async\" loading=\"lazy\" class=\"alignnone size-full wp-image-24861\" src=\"https:\/\/www.monempresarial.com\/wp-content\/uploads\/2020\/07\/9.jpg\" alt=\"\" width=\"62\" height=\"62\" \/><\/strong><span style=\"color: #719f8c;\"><strong>TEIXIT EMPRESARIAL <\/strong><\/span><\/p>\n<p><strong>Com a eix vertebrador de metes i accions de qualsevol pla, en qu\u00e8 les pimes prevalen pel seu nombre i capacitat d&#8217;ocupaci\u00f3<\/strong>. Si b\u00e9 \u00e9s cert que moltes no compten amb la massa cr\u00edtica necess\u00e0ria per a competir, s\u00ed que disposen d&#8217;experi\u00e8ncia, que pot ser un bon punt de suport per a la seva reestructuraci\u00f3 per la via d&#8217;aliances amb altres pimes (per guanyar dimensi\u00f3), amb emprenedors (per renovar-ne la proposici\u00f3 de valor) o amb grans empreses (per enfortir-ne el posicionament). Sense iniciatives factibles i innovaci\u00f3 de la banda empresarial, els plans estrat\u00e8gics acabaran sucumbint. En bona mesura, la innovaci\u00f3 es recolzar\u00e0 en <strong>la tecnologia<\/strong>, b\u00e9 com a instrument com\u00fa a diverses \u00e0rees (comer\u00e7 electr\u00f2nic, seguretat de dades, comunicacions, etc.) o com a eina espec\u00edfica de les activitats econ\u00f2miques: sempre com a eina que <strong>doni<\/strong> <strong>suport al negoci de forma realista i tangible<\/strong>, i no com moda o factor d&#8217;incert resultat.<\/p>\n<p><strong><img decoding=\"async\" loading=\"lazy\" class=\"alignnone wp-image-24863 size-full\" src=\"https:\/\/www.monempresarial.com\/wp-content\/uploads\/2020\/07\/10.jpg\" alt=\"\" width=\"62\" height=\"62\" \/><span style=\"color: #719f8c;\">\u00c0REES PRIORIT\u00c0RIES <\/span><\/strong><\/p>\n<p>Que es perceben en el nou context al qual ens enfrontem <strong>pel seu valor potencial intr\u00ednsec<\/strong> (ocupaci\u00f3, sostenibilitat, entorn social millorat&#8230;) <strong>s\u00f3n la Sanitat, la cura i explotaci\u00f3 racional de la Natura, la reducci\u00f3 de la depend\u00e8ncia de subministraments exteriors, l&#8217;Ensenyament i la formaci\u00f3, l&#8217;Economia circular o la Ind\u00fastria <\/strong>en general (aquesta activitat tan escassament priorit\u00e0ria en temps recents). A aquestes caldria afegir, l\u00f2gicament, sectors claus i madurs com ara <strong>el Turisme, l\u2019Agroind\u00fastria, els Serveis, l\u2019Autom\u00f2bil, l\u2019Energia, el Transport i la Log\u00edstica<\/strong>.<\/p>\n<p><strong>\u00a0<\/strong><span style=\"color: #719f8c;\"><strong><img decoding=\"async\" loading=\"lazy\" class=\"alignnone size-full wp-image-24865\" src=\"https:\/\/www.monempresarial.com\/wp-content\/uploads\/2020\/07\/11.jpg\" alt=\"\" width=\"62\" height=\"62\" \/>ENTORN<\/strong><\/span><\/p>\n<p>Se l\u2019acostuma a veure amb tints amena\u00e7adors, el que pot portar-nos al des\u00e0nim en aquests temps tan tristos, amb l&#8217;agreujant de comptar amb milers de compatriotes morts. No obstant aix\u00f2, l&#8217;entorn <strong>\u00e9s tamb\u00e9 font d&#8217;oportunitats sempre que l\u2019analitzem de manera constructiva<\/strong>. Ning\u00fa no sap com sortir d&#8217;aix\u00f2, ni quin ser\u00e0 el resultat, per\u00f2 <strong>no \u00e9s descartable que, malgrat les ferides irreparables, puguem arribar a ser una societat millor, amb millors indicadors socioecon\u00f2mics (qualitat de vida, capital hum\u00e0, entorn natural, etc.).<\/strong><\/p>\n<p><strong>\u00a0<\/strong><strong><img decoding=\"async\" loading=\"lazy\" class=\"alignnone size-full wp-image-24867\" src=\"https:\/\/www.monempresarial.com\/wp-content\/uploads\/2020\/07\/12.jpg\" alt=\"\" width=\"62\" height=\"62\" \/><\/strong><span style=\"color: #719f8c;\"><strong>\u2026 I ACCI\u00d3<\/strong><\/span><\/p>\n<p>Despr\u00e9s de dissenyar els plans, aprovar-los i finan\u00e7ar-los, en vindria l\u2019<strong>EXECUCI\u00d3<\/strong>, activitat essencial per a convertir-los en realitat. Es requeriran molts dels atributs anteriors juntament amb el seguiment del seu compliment. La majoria dels fracassos ja citats provenen d\u2019execucions deficients, d&#8217;aqu\u00ed la import\u00e0ncia d&#8217;aquesta fase que mai no ha de quedar marginada.<\/p>\n<p>\u00c9s temps de <strong>solucions intel\u00b7ligents<\/strong> (no necess\u00e0riament ideol\u00f2giques), de compet\u00e8ncia professional, d\u2019innovaci\u00f3, de racionalitat, d\u2019honestedat, d\u2019un acusat contingut social i, en definitiva, de <strong>SUMAR<\/strong><\/p>\n","protected":false},"excerpt":{"rendered":"<p>Espanya t\u00e9 prou capital hum\u00e0 i intel\u00b7lectual per trobar vies de regeneraci\u00f3 eficients adaptades a la seva casu\u00edstica. S&#8217;equivoquen els qui creuen que amb recursos financers ja n\u2019hi ha prou, at\u00e8s que la seva efectivitat s&#8217;esvaeix sense plans directors amb metes, projectes i compromisos d&#8217;execuci\u00f3 que permetin afrontar amb garanties amenaces actuals i futures.<\/p>\n","protected":false},"author":1,"featured_media":24887,"comment_status":"closed","ping_status":"closed","sticky":false,"template":"","format":"standard","meta":{"_mi_skip_tracking":false,"mc4wp_mailchimp_campaign":[],"jnews-multi-image_gallery":[],"jnews_single_post":[],"jnews_primary_category":[]},"categories":[10815,10844,7713],"tags":[436,995,2645,7928],"_links":{"self":[{"href":"https:\/\/www.monempresarial.com\/ca\/wp-json\/wp\/v2\/posts\/24889"}],"collection":[{"href":"https:\/\/www.monempresarial.com\/ca\/wp-json\/wp\/v2\/posts"}],"about":[{"href":"https:\/\/www.monempresarial.com\/ca\/wp-json\/wp\/v2\/types\/post"}],"author":[{"embeddable":true,"href":"https:\/\/www.monempresarial.com\/ca\/wp-json\/wp\/v2\/users\/1"}],"replies":[{"embeddable":true,"href":"https:\/\/www.monempresarial.com\/ca\/wp-json\/wp\/v2\/comments?post=24889"}],"version-history":[{"count":1,"href":"https:\/\/www.monempresarial.com\/ca\/wp-json\/wp\/v2\/posts\/24889\/revisions"}],"predecessor-version":[{"id":47681,"href":"https:\/\/www.monempresarial.com\/ca\/wp-json\/wp\/v2\/posts\/24889\/revisions\/47681"}],"wp:featuredmedia":[{"embeddable":true,"href":"https:\/\/www.monempresarial.com\/ca\/wp-json\/wp\/v2\/media\/24887"}],"wp:attachment":[{"href":"https:\/\/www.monempresarial.com\/ca\/wp-json\/wp\/v2\/media?parent=24889"}],"wp:term":[{"taxonomy":"category","embeddable":true,"href":"https:\/\/www.monempresarial.com\/ca\/wp-json\/wp\/v2\/categories?post=24889"},{"taxonomy":"post_tag","embeddable":true,"href":"https:\/\/www.monempresarial.com\/ca\/wp-json\/wp\/v2\/tags?post=24889"}],"curies":[{"name":"wp","href":"https:\/\/api.w.org\/{rel}","templated":true}]}}