{"id":25289,"date":"2020-10-09T09:00:11","date_gmt":"2020-10-09T07:00:11","guid":{"rendered":"http:\/\/www.monempresarial.com\/?p=25289"},"modified":"2025-06-06T10:06:45","modified_gmt":"2025-06-06T08:06:45","slug":"la-diputacion-de-barcelona-lidera-la-reactivacion-economica-de-la-provincia","status":"publish","type":"post","link":"https:\/\/www.monempresarial.com\/ca\/2020\/10\/09\/la-diputacion-de-barcelona-lidera-la-reactivacion-economica-de-la-provincia\/","title":{"rendered":"La Diputaci\u00f3 de Barcelona lidera la reactivaci\u00f3 econ\u00f2mica de la prov\u00edncia"},"content":{"rendered":"<p><strong>La Diputaci\u00f3 mobilitza 30 milions d\u2019euros en un Pla per reactivar el desenvolupament econ\u00f2mic local, que refor\u00e7a l\u2019ocupaci\u00f3 i el teixit empresarial dels pobles i ciutats de Barcelona. <\/strong><\/p>\n<p>La crisi de la COVID-19 ens ha deixat un m\u00f3n nou, ara en ple proc\u00e9s de reactivaci\u00f3. Cal reinventar-se, ampliar compet\u00e8ncies i repensar els models de negoci. La Diputaci\u00f3, conscient del valu\u00f3s paper dels ajuntaments en aquest context, posa a disposici\u00f3 dels municipis 30 milions d\u2019euros a trav\u00e9s de plans de refor\u00e7 i suport a les estructures econ\u00f2miques locals i, especialment, de nous programes i pol\u00edtiques p\u00fabliques que assentaran les bases per situar de nou l\u2019economia en el cam\u00ed del creixement, la sostenibilitat i el benestar social. Per a que ning\u00fa, cap treballador, cap empresa, quedi enrere.<\/p>\n<p><span style=\"color: #999999;\"><strong>La triple T: treball, talent i tecnologia<br \/>\n<\/strong><\/span>L\u2019\u00fas intensiu de la tecnologia ha estat una necessitat davant la <em>coronacrisi,<\/em> tant per part de les persones, com dels negocis i les institucions. Per aquest motiu, la Diputaci\u00f3 de Barcelona promou una nova pol\u00edtica p\u00fablica dotada amb 10 milions d\u2019euros on <strong>la tecnologia \u00e9s el motor transformador<\/strong> i l\u2019eina multiplicadora d\u2019oportunitats de progr\u00e9s econ\u00f2mic i social en els municipis de la prov\u00edncia.<img decoding=\"async\" loading=\"lazy\" class=\"alignleft wp-image-25298 \" src=\"http:\/\/www.monempresarial.com\/wp-content\/uploads\/2020\/10\/ok-Shutterstock_1734390464-1.jpg\" alt=\"\" width=\"437\" height=\"291\" srcset=\"https:\/\/www.monempresarial.com\/wp-content\/uploads\/2020\/10\/ok-Shutterstock_1734390464-1.jpg 709w, https:\/\/www.monempresarial.com\/wp-content\/uploads\/2020\/10\/ok-Shutterstock_1734390464-1-300x200.jpg 300w, https:\/\/www.monempresarial.com\/wp-content\/uploads\/2020\/10\/ok-Shutterstock_1734390464-1-252x167.jpg 252w, https:\/\/www.monempresarial.com\/wp-content\/uploads\/2020\/10\/ok-Shutterstock_1734390464-1-300x200@2x.jpg 600w, https:\/\/www.monempresarial.com\/wp-content\/uploads\/2020\/10\/ok-Shutterstock_1734390464-1-252x167@2x.jpg 504w\" sizes=\"(max-width: 437px) 100vw, 437px\" \/><br \/>\nEl programa ambiciona, en primer lloc, detectar les necessitats reals que tenen les persones i les empreses de cada territori relacionades amb la tecnologia, fer part\u00edcip el teixit socioecon\u00f2mic i fomentar la col\u00b7laboraci\u00f3 publicoprivada i publicop\u00fablica.<br \/>\nEn segon lloc, es persegueix disminuir la bretxa tecnol\u00f2gica de les persones, millorar la seva ocupabilitat i facilitar-ne la inserci\u00f3 laboral. Aix\u00ed, el programa inclou formaci\u00f3 professionalitzadora de base tecnol\u00f2gica a mida de les necessitats empresarials detectades. El resultat \u00e9s doble: desenvolupar les compet\u00e8ncies digitals dels participants i augmentar les oportunitats d\u2019accedir a feines m\u00e9s qualificades i millor remunerades.<br \/>\nFinalment, el programa pret\u00e9n impulsar la competitivitat de les empreses minimitzant l\u2019impacte de la crisi i acompanyant-les en el proc\u00e9s de digitalitzaci\u00f3 i (re)definici\u00f3 dels seus models de negoci.<br \/>\nPer tant, el TTT esdev\u00e9 una pol\u00edtica proactiva a tots els municipis de la prov\u00edncia que impulsa un model de creixement sostenible, competitiu i que minimitza les desigualtats socials.<\/p>\n<p><span style=\"color: #999999;\"><strong>Ocupaci\u00f3 estable i de qualitat<\/strong><\/span><br \/>\nAtenent una de les principals reivindicacions dels ajuntaments de la prov\u00edncia, en aquest Pla de reactivaci\u00f3 econ\u00f2mica la Diputaci\u00f3 destina bona part dels recursos als <strong>Plans Locals d\u2019Ocupaci\u00f3.<\/strong> Aix\u00ed, s\u00f3n 12 milions d\u2019euros els que dedica a refor\u00e7ar i impulsar aquests plans, essencials en el foment de la contractaci\u00f3 estable, la formaci\u00f3 i la capacitaci\u00f3 professional; i que la Diputaci\u00f3 de Barcelona impulsa des del 2014. Els Plans Locals d\u2019Ocupaci\u00f3 s\u2019adrecen, preferentment, a persones en situaci\u00f3 d\u2019atur i\/o vulnerabilitat amb un doble objectiu: proporcionar-los uns ingressos econ\u00f2mics mentre milloren el seu curr\u00edculum professional.<br \/>\nAt\u00e8s l\u2019increment de l\u2019atur, \u00e9s cabdal actuar de forma immediata i els Plans Locals d\u2019Ocupaci\u00f3 esdevenen instruments contundents per pal\u00b7liar l\u2019efecte m\u00e9s directe de la crisi: la destrucci\u00f3 d\u2019ocupaci\u00f3. Les tres modalitats de suport, combinables entre elles, s\u00f3n: la contractaci\u00f3 directa de persones per part de les administracions p\u00fabliques locals, les subvencions a la contractaci\u00f3 en empreses privades i el desenvolupament d\u2019activitats formatives.<\/p>\n<p><span style=\"color: #999999;\"><strong>Estructures municipals fortes<\/strong><\/span><br \/>\nUn dels pilars del Pla de reactivaci\u00f3 de la Diputaci\u00f3 se centra en el fet que les persones i les empreses m\u00e9s afectades per la pand\u00e8mia tinguin, en el seu municipi, la millor atenci\u00f3 possible a les seves necessitats.<br \/>\nPer aquest motiu, la Diputaci\u00f3 de Barcelona destina 5 milions d\u2019euros a refor\u00e7ar les estructures de promoci\u00f3 econ\u00f2mica i ocupaci\u00f3 locals, entenent aquests serveis com a essencials per a la recuperaci\u00f3 econ\u00f2mica.<br \/>\nEls <strong>Serveis Locals d\u2019Ocupaci\u00f3<\/strong>, cabdals a l\u2019hora de gestionar les ofertes de feina de les resid\u00e8ncies i centres de gent gran en els moments d\u2019emerg\u00e8ncia sanit\u00e0ria i davant l\u2019increment de l\u2019atur, han augmentat els seus usuaris exponencialment. Amb el refor\u00e7 econ\u00f2mic de la Diputaci\u00f3 de Barcelona, aquests dispositius podran incrementar la seva plantilla un 55%, beneficiant 50.000 usuaris potencials i oferint els seus serveis al 60% de la gent aturada. Els Serveis Locals d\u2019Ocupaci\u00f3 cobreixen actualment el 85% del territori, treballant en xarxa per oferir feines dignes a les persones i els millors professionals a les empreses. L\u2019any passat m\u00e9s de 35.000 persones van trobar feina gr\u00e0cies a aquests serveis.<br \/>\n<img decoding=\"async\" loading=\"lazy\" class=\"alignright wp-image-25295 \" src=\"http:\/\/www.monempresarial.com\/wp-content\/uploads\/2020\/10\/ok-Shutterstock_1789989182.jpg\" alt=\"\" width=\"431\" height=\"287\" srcset=\"https:\/\/www.monempresarial.com\/wp-content\/uploads\/2020\/10\/ok-Shutterstock_1789989182.jpg 709w, https:\/\/www.monempresarial.com\/wp-content\/uploads\/2020\/10\/ok-Shutterstock_1789989182-300x200.jpg 300w, https:\/\/www.monempresarial.com\/wp-content\/uploads\/2020\/10\/ok-Shutterstock_1789989182-252x167.jpg 252w, https:\/\/www.monempresarial.com\/wp-content\/uploads\/2020\/10\/ok-Shutterstock_1789989182-300x200@2x.jpg 600w, https:\/\/www.monempresarial.com\/wp-content\/uploads\/2020\/10\/ok-Shutterstock_1789989182-252x167@2x.jpg 504w\" sizes=\"(max-width: 431px) 100vw, 431px\" \/>El Pla tamb\u00e9 preveu que les <strong>Oficines T\u00e8cniques Laborals<\/strong> incrementin el seu personal un 40%, at\u00e8s l\u2019augment de les persones afectades per angoixa i depressi\u00f3, beneficiant unes 800 persones usu\u00e0ries. A dia d\u2019avui hi ha 18 Oficines T\u00e8cniques Laborals a la prov\u00edncia, que vetllen perqu\u00e8 les persones amb un trastorn de salut mental trobin una feina digna.<br \/>\nPel que fa a les empreses, aquest paquet de mesures tamb\u00e9 preveu ajudes als <strong>Centres Locals de Serveis a les Empreses<\/strong>, per a que puguin augmentar en un 40% la seva capacitat de resposta als nous usuaris, beneficiant 30.000 persones emprenedores i 15.000 empreses. L\u2019objectiu \u00e9s, en aquest sentit, triple: que les empreses puguin parar el cop, repensar els models de negoci i atendre un nou perfil de persones emprenedores. Els Centres Locals de Serveis a les Empreses cobreixen actualment el 98% del territori, acompanyant les persones emprenedores i empres\u00e0ries en la gestaci\u00f3, creaci\u00f3, posada en marxa i consolidaci\u00f3 d\u2019activitats econ\u00f2miques. L\u2019any passat van atendre prop de 75.000 persones emprenedores i 36.000 empreses.<br \/>\nTamb\u00e9 podran ampliar al voltant d\u2019un 15% la plantilla els <strong>Observatoris de Desenvolupament Econ\u00f2mic,<\/strong> que recopilen, organitzen, generen i difonen informaci\u00f3 territorial d\u2019inter\u00e8s per a la presa de decisions.<\/p>\n<p><span style=\"color: #999999;\"><strong>Mercats digitalitzats, mercats en l\u00ednia<\/strong><\/span><br \/>\nAmb l\u2019objectiu d\u2019afavorir el negoci dels mercats municipals per\u00f2, tamb\u00e9, de millorar els equipaments p\u00fablics, la Diputaci\u00f3 destina 1 mili\u00f3 d\u2019euros al programa <strong><em>Mercats en l\u00ednia. <\/em><\/strong>El pla dona suport econ\u00f2mic a la seixantena d\u2019ajuntaments que disposen de mercat municipal a la prov\u00edncia de Barcelona, 93 en total, per a la contractaci\u00f3 d\u2019una plataforma tecnol\u00f2gica de comer\u00e7 electr\u00f2nic. I \u00e9s que, durant l\u2019estat d\u2019alarma provocat per la COVID-19, el tiquet de compra als mercats va augmentar d\u2019un 18% gr\u00e0cies, en part, a les experi\u00e8ncies dels paradistes que han explotat la venda per Internet.<\/p>\n<p><span style=\"color: #999999;\"><strong>Aprendre del present per repensar el futur<\/strong><\/span><br \/>\nEl Pla per a la reactivaci\u00f3 econ\u00f2mica dels municipis de Barcelona forma part del Pla de Xoc de la Diputaci\u00f3 per pal\u00b7liar els efectes de la crisi econ\u00f2mica i social provocada per la COVID-19. Tamb\u00e9 es fixa, per\u00f2, en els nous escenaris, planificats o no, als quals ens aboca la nova normalitat. \u00c9s en aquest sentit que preveu suport econ\u00f2mic, per exemple, a diverses proves pilot de les APEU (\u00c0rees de Promoci\u00f3 Econ\u00f2mica Urbana).<\/p>\n<p><span style=\"color: #999999;\"><strong>M\u00e9s informaci\u00f3 a: <\/strong><a style=\"color: #999999;\" href=\"https:\/\/mail.diba.cat\/owa\/redir.aspx?C=FCKtghS0MYrqSd5Y5HnVqGRumstwxHmVFZQgzwsCtG8hvQqHcmTYCA..&amp;URL=http%3a%2f%2fwww.diba.cat%2freactivacioeconomica\">www.diba.cat\/reactivacioeconomica<\/a><\/span><\/p>\n<blockquote>\n<h2><\/h2>\n<\/blockquote>\n","protected":false},"excerpt":{"rendered":"<p>La Diputaci\u00f3 mobilitza 30 milions d\u2019euros en un Pla per reactivar el desenvolupament econ\u00f2mic local, que refor\u00e7a l\u2019ocupaci\u00f3 i el teixit empresarial dels pobles i ciutats de Barcelona. La crisi de la COVID-19 ens ha deixat un m\u00f3n nou, ara en ple proc\u00e9s de reactivaci\u00f3. Cal reinventar-se, ampliar compet\u00e8ncies i repensar els models de negoci. [&hellip;]<\/p>\n","protected":false},"author":1,"featured_media":25290,"comment_status":"open","ping_status":"open","sticky":false,"template":"","format":"standard","meta":{"_mi_skip_tracking":false,"mc4wp_mailchimp_campaign":[],"jnews-multi-image_gallery":[],"jnews_single_post":[],"jnews_primary_category":[]},"categories":[5694,10820,10821,10825],"tags":[6011,8280,8281,113,895,2378,4574],"_links":{"self":[{"href":"https:\/\/www.monempresarial.com\/ca\/wp-json\/wp\/v2\/posts\/25289"}],"collection":[{"href":"https:\/\/www.monempresarial.com\/ca\/wp-json\/wp\/v2\/posts"}],"about":[{"href":"https:\/\/www.monempresarial.com\/ca\/wp-json\/wp\/v2\/types\/post"}],"author":[{"embeddable":true,"href":"https:\/\/www.monempresarial.com\/ca\/wp-json\/wp\/v2\/users\/1"}],"replies":[{"embeddable":true,"href":"https:\/\/www.monempresarial.com\/ca\/wp-json\/wp\/v2\/comments?post=25289"}],"version-history":[{"count":1,"href":"https:\/\/www.monempresarial.com\/ca\/wp-json\/wp\/v2\/posts\/25289\/revisions"}],"predecessor-version":[{"id":46125,"href":"https:\/\/www.monempresarial.com\/ca\/wp-json\/wp\/v2\/posts\/25289\/revisions\/46125"}],"wp:featuredmedia":[{"embeddable":true,"href":"https:\/\/www.monempresarial.com\/ca\/wp-json\/wp\/v2\/media\/25290"}],"wp:attachment":[{"href":"https:\/\/www.monempresarial.com\/ca\/wp-json\/wp\/v2\/media?parent=25289"}],"wp:term":[{"taxonomy":"category","embeddable":true,"href":"https:\/\/www.monempresarial.com\/ca\/wp-json\/wp\/v2\/categories?post=25289"},{"taxonomy":"post_tag","embeddable":true,"href":"https:\/\/www.monempresarial.com\/ca\/wp-json\/wp\/v2\/tags?post=25289"}],"curies":[{"name":"wp","href":"https:\/\/api.w.org\/{rel}","templated":true}]}}