{"id":25475,"date":"2020-10-27T14:59:47","date_gmt":"2020-10-27T13:59:47","guid":{"rendered":"http:\/\/www.monempresarial.com\/?p=25475"},"modified":"2025-09-24T11:17:31","modified_gmt":"2025-09-24T09:17:31","slug":"barcelona-ofereix-300-ajudes-de-5-000-euros-a-les-empreses-per-crear-feina","status":"publish","type":"post","link":"https:\/\/www.monempresarial.com\/ca\/2020\/10\/27\/barcelona-ofereix-300-ajudes-de-5-000-euros-a-les-empreses-per-crear-feina\/","title":{"rendered":"Barcelona ofereix 300 ajudes de 5.000 euros a les empreses per crear feina"},"content":{"rendered":"<p><strong>Els negocis que vulguin optar a la subvenci\u00f3 hauran de tenir el centre de treball a l\u2019\u00c0rea Metropolitana de Barcelona i no hauran d\u2019estar afectats per processos de regulaci\u00f3 d\u2019ocupaci\u00f3. El termini per sol\u00b7licitar els ajuts finalitza el proper 20 de novembre <\/strong><\/p>\n<p>En el context actual, en qu\u00e8 molts negocis han hagut d\u2019abaixar la persiana i l\u2019atur registrat a la ciutat ha superat les 90.000 persones, l\u2019Ajuntament de Barcelona llan\u00e7a una l\u00ednia d\u2019ajuts directes per incentivar l\u2019ocupaci\u00f3. Amb el nom de <a href=\"https:\/\/aplicnotes.barcelonactiva.cat\/aplic\/subvencions\/creafeina\/creafeina.nsf\/Inicio?openform\">Crea Feina<\/a>, i impulsat per Barcelona Activa, el programa est\u00e0 dotat amb 1,5 milions d\u2019euros que permetran contractar 300 persones en situaci\u00f3 d\u2019atur.<\/p>\n<p>Podran optar a la subvenci\u00f3 les empreses amb centre de treball a la ciutat i la seva \u00e0rea metropolitana que no estiguin afectades per processos de regulaci\u00f3 d\u2019ocupaci\u00f3 i tinguin capacitat de creaci\u00f3 d\u2019ocupaci\u00f3. Cada negoci rebr\u00e0 5.000 euros per cada nou contracte que formalitzi fins a un m\u00e0xim de 10 i sempre que aquests tinguin una durada m\u00ednima de sis mesos i siguin a jornada completa. L\u2019altra condici\u00f3 per rebre aquest ajut \u00e9s que els nous treballadors estiguin en situaci\u00f3 d\u2019atur i empadronats a la ciutat.<\/p>\n<p><span style=\"color: #000000;\"><strong>ABANS DE FINALS D\u2019ANY<\/strong><\/span><br \/>\nDes de l\u2019Ajuntament asseguren que aquest paquet d\u2019ajuts ser\u00e0 \u00e0gil i minimitzar\u00e0 les traves burocr\u00e0tiques, per la qual cosa es preveu que la resoluci\u00f3 es far\u00e0 abans de finals d\u2019any. El tr\u00e0mit de les sol\u00b7licituds es fa per via telem\u00e0tica a trav\u00e9s del web barcelonactiva.cat\/crea feina. El termini de sol\u00b7licituds finalitza el 20 de novembre.<\/p>\n<p>La iniciativa Crea Feina Barcelona es promou des del Centre de Resposta Econ\u00f2mica (CECORE) i es dirigeix a aquelles empreses que, un cop passat el moment m\u00e9s cr\u00edtic, preveuen poder reemprendre la contractaci\u00f3, per\u00f2 que si no compten amb un suport no ho podran dur a terme. Durant els darrers dos anys, programes similars de Barcelona Activa per estimular les contractacions van acollir 540 noves contractacions.<\/p>\n<p>En el mateix sentit l\u2019Ajuntament de Barcelona ha posat en marxa altres programes com els microcr\u00e8dits <a href=\"https:\/\/empreses.barcelonactiva.cat\/ca\/web\/es\/bcredits?utm_source=Acrelia&amp;utm_medium=mail-cat&amp;utm_campaign=NLEmpreses\">BCr\u00e8dits <\/a>de 12.500 euros, perqu\u00e8 microempreses i aut\u00f2noms puguin tenir liquiditat en el moment present, o els plans estrat\u00e8gics de recuperaci\u00f3 econ\u00f2mica, anomenats <a href=\"https:\/\/empreses.barcelonactiva.cat\/ca_ES\/web\/es\/reactivacio-empresarial\">Re-thinking<\/a>, amb una consultoria personalitzada de la que ja s\u2019han vist beneficiades gaireb\u00e9 200 empreses, la meitat professionals aut\u00f2noms.<\/p>\n<p><a href=\"https:\/\/www.youtube.com\/watch?v=WxEcEj9sT9U\"><img decoding=\"async\" loading=\"lazy\" class=\"wp-image-25476 aligncenter\" src=\"http:\/\/www.monempresarial.com\/wp-content\/uploads\/2020\/10\/pantalla-1.jpg\" alt=\"\" width=\"643\" height=\"309\" srcset=\"https:\/\/www.monempresarial.com\/wp-content\/uploads\/2020\/10\/pantalla-1.jpg 1226w, https:\/\/www.monempresarial.com\/wp-content\/uploads\/2020\/10\/pantalla-1-300x144.jpg 300w, https:\/\/www.monempresarial.com\/wp-content\/uploads\/2020\/10\/pantalla-1-1024x492.jpg 1024w, https:\/\/www.monempresarial.com\/wp-content\/uploads\/2020\/10\/pantalla-1-740x357.jpg 740w, https:\/\/www.monempresarial.com\/wp-content\/uploads\/2020\/10\/pantalla-1-352x169.jpg 352w, https:\/\/www.monempresarial.com\/wp-content\/uploads\/2020\/10\/pantalla-1-300x144@2x.jpg 600w, https:\/\/www.monempresarial.com\/wp-content\/uploads\/2020\/10\/pantalla-1-352x169@2x.jpg 704w\" sizes=\"(max-width: 643px) 100vw, 643px\" \/><\/a><\/p>\n<h2 style=\"text-align: center;\"><span style=\"color: #808080;\"><em><span style=\"color: #000000;\">&#8221;Gr\u00e0cies a l&#8217;ajut que d\u00f3na Barcelona Activa vaig poder contractar una persona del barri&#8221;.<\/span><br \/>\n<\/em>Lidia Orante \u2013 Propietaria Bar Tio Cuco<\/span><\/h2>\n<p>&nbsp;<\/p>\n<p><a href=\"https:\/\/www.youtube.com\/watch?v=WxEcEj9sT9U\"><img decoding=\"async\" loading=\"lazy\" class=\"wp-image-25478 aligncenter\" src=\"http:\/\/www.monempresarial.com\/wp-content\/uploads\/2020\/10\/pantalla-2.jpg\" alt=\"\" width=\"630\" height=\"293\" srcset=\"https:\/\/www.monempresarial.com\/wp-content\/uploads\/2020\/10\/pantalla-2.jpg 1226w, https:\/\/www.monempresarial.com\/wp-content\/uploads\/2020\/10\/pantalla-2-300x139.jpg 300w, https:\/\/www.monempresarial.com\/wp-content\/uploads\/2020\/10\/pantalla-2-1024x476.jpg 1024w, https:\/\/www.monempresarial.com\/wp-content\/uploads\/2020\/10\/pantalla-2-300x139@2x.jpg 600w\" sizes=\"(max-width: 630px) 100vw, 630px\" \/><\/a><\/p>\n<h2 style=\"text-align: center;\"><span style=\"color: #808080;\"><em><span style=\"color: #000000;\">&#8221;Em sembla b\u00e9 que administracions p\u00fabliques donin aquesta ajuda per a empreses petites&#8221;.<\/span><br \/>\n<\/em><\/span><span style=\"color: #808080;\">Odkhuu Erdenebayar \u2013 Propietari restaurant Odkhuu\u2019s Kitchen<\/span><\/h2>\n<p>&nbsp;<\/p>\n","protected":false},"excerpt":{"rendered":"<p>Els negocis que vulguin optar a la subvenci\u00f3 hauran de tenir el centre de treball a l\u2019\u00c0rea Metropolitana de Barcelona i no hauran d\u2019estar afectats per processos de regulaci\u00f3 d\u2019ocupaci\u00f3. El termini per sol\u00b7licitar els ajuts finalitza el proper 20 de novembre En el context actual, en qu\u00e8 molts negocis han hagut d\u2019abaixar la persiana [&hellip;]<\/p>\n","protected":false},"author":1,"featured_media":25480,"comment_status":"open","ping_status":"open","sticky":false,"template":"","format":"standard","meta":{"_mi_skip_tracking":false,"mc4wp_mailchimp_campaign":[],"jnews-multi-image_gallery":[],"jnews_single_post":[],"jnews_primary_category":[]},"categories":[5696,62],"tags":[614,7853,8241,8289,8290],"_links":{"self":[{"href":"https:\/\/www.monempresarial.com\/ca\/wp-json\/wp\/v2\/posts\/25475"}],"collection":[{"href":"https:\/\/www.monempresarial.com\/ca\/wp-json\/wp\/v2\/posts"}],"about":[{"href":"https:\/\/www.monempresarial.com\/ca\/wp-json\/wp\/v2\/types\/post"}],"author":[{"embeddable":true,"href":"https:\/\/www.monempresarial.com\/ca\/wp-json\/wp\/v2\/users\/1"}],"replies":[{"embeddable":true,"href":"https:\/\/www.monempresarial.com\/ca\/wp-json\/wp\/v2\/comments?post=25475"}],"version-history":[{"count":1,"href":"https:\/\/www.monempresarial.com\/ca\/wp-json\/wp\/v2\/posts\/25475\/revisions"}],"predecessor-version":[{"id":47669,"href":"https:\/\/www.monempresarial.com\/ca\/wp-json\/wp\/v2\/posts\/25475\/revisions\/47669"}],"wp:featuredmedia":[{"embeddable":true,"href":"https:\/\/www.monempresarial.com\/ca\/wp-json\/wp\/v2\/media\/25480"}],"wp:attachment":[{"href":"https:\/\/www.monempresarial.com\/ca\/wp-json\/wp\/v2\/media?parent=25475"}],"wp:term":[{"taxonomy":"category","embeddable":true,"href":"https:\/\/www.monempresarial.com\/ca\/wp-json\/wp\/v2\/categories?post=25475"},{"taxonomy":"post_tag","embeddable":true,"href":"https:\/\/www.monempresarial.com\/ca\/wp-json\/wp\/v2\/tags?post=25475"}],"curies":[{"name":"wp","href":"https:\/\/api.w.org\/{rel}","templated":true}]}}